{"id":1837302,"date":"2026-03-19T09:00:54","date_gmt":"2026-03-19T06:00:54","guid":{"rendered":"https:\/\/analyse.optim.biz\/?p=1837302"},"modified":"2026-03-19T09:00:54","modified_gmt":"2026-03-19T06:00:54","slug":"innovation-proximite-et-dynamique-commerciale-confirmee","status":"publish","type":"post","link":"https:\/\/analyse.optim.biz\/?p=1837302","title":{"rendered":"Innovation, proximit\u00e9 et dynamique commerciale confirm\u00e9e"},"content":{"rendered":"<div class=\"entry-content\">\n<p><strong>Du 26 f\u00e9vrier au 1er mars 2026, le Salon du 2 Roues de Lyon \u00e0 Eurexpo a une nouvelle fois confirm\u00e9 son statut d\u2019\u00e9v\u00e9nement incontournable du paysage moto fran\u00e7ais.<\/strong><\/p>\n<p><strong>Avec une fr\u00e9quentation toujours soutenue, plusieurs centaines d\u2019exposants et une audience compos\u00e9e \u00e0 la fois de passionn\u00e9s, de pratiquants quotidiens et de professionnels du secteur, cette \u00e9dition s\u2019est r\u00e9v\u00e9l\u00e9e particuli\u00e8rement qualitative en termes d\u2019\u00e9changes et d\u2019intentions d\u2019achat.<\/strong><\/p>\n<p><strong>Pour <a href=\"https:\/\/fr.midlandeurope.com\/fr_FR\/\">Midland France<\/a>, le bilan est clair : visibilit\u00e9 renforc\u00e9e, dynamique commerciale active et int\u00e9r\u00eat marqu\u00e9 pour les nouvelles solutions connect\u00e9es.<\/strong><\/p>\n<p><span style=\"font-size: 14pt\"><strong>Un int\u00e9r\u00eat marqu\u00e9 pour les solutions \u00e9mergentes<\/strong><\/span><\/p>\n<p>\ud83d\udd39 La mont\u00e9e en puissance des solutions d\u2019int\u00e9gration connect\u00e9e<\/p>\n<p>La BikePlay Pro a suscit\u00e9 un r\u00e9el engouement. Les visiteurs recherchent d\u00e9sormais :<\/p>\n<ul>\n<li>Une meilleure int\u00e9gration smartphone<\/li>\n<li>Une navigation optimis\u00e9e<\/li>\n<li>Une exp\u00e9rience cockpit plus intuitive<\/li>\n<li>Une r\u00e9duction de la manipulation du t\u00e9l\u00e9phone au guidon\n<\/li>\n<\/ul>\n<p>Ce positionnement confirme l\u2019\u00e9volution du march\u00e9 vers des \u00e9quipements hybrides, \u00e0 mi-chemin entre s\u00e9curit\u00e9, confort et connectivit\u00e9 avanc\u00e9e.<\/p>\n<p>\ud83d\udd39 D\u00e9couverte des nouveaut\u00e9s 2026<\/p>\n<p>Le salon a \u00e9galement permis de pr\u00e9senter les nouveaut\u00e9s produit dans un contexte propice \u00e0 la p\u00e9dagogie. Les retours recueillis soulignent :<\/p>\n<ul>\n<li>Une attente forte sur la simplicit\u00e9 d\u2019usage<\/li>\n<li>Une sensibilit\u00e9 accrue \u00e0 la qualit\u00e9 audio<\/li>\n<li>Une attention particuli\u00e8re port\u00e9e au rapport valeur \/ prix<\/li>\n<\/ul>\n<p>\u00a0<\/p>\n<p><span style=\"font-size: 14pt\"><strong>Une pr\u00e9sence strat\u00e9gique aux c\u00f4t\u00e9s de Speedway<\/strong><\/span><\/p>\n<p>Pr\u00e9sent sur le stand de Speedway, Midland a b\u00e9n\u00e9fici\u00e9 d\u2019un emplacement strat\u00e9gique, favorisant la d\u00e9monstration produit et la transformation imm\u00e9diate.<\/p>\n<p>Ce partenariat terrain a permis :<\/p>\n<ul>\n<li>Une mise en situation r\u00e9elle des intercoms et accessoires<\/li>\n<li>Des personnalisations d\u2019intercom<\/li>\n<li>Une conversion directe gr\u00e2ce \u00e0 la vente sur place<\/li>\n<li>Un retour utilisateur imm\u00e9diat sur les attentes march\u00e9<\/li>\n<\/ul>\n<p>\u00a0<\/p>\n<p>Les ventes r\u00e9alis\u00e9es durant le salon confirment une demande toujours forte pour les solutions intercom, tout en mettant en lumi\u00e8re une curiosit\u00e9 croissante pour les produits \u00e0 plus forte valeur technologique.<\/p>\n<p><img loading=\"lazy\" decoding=\"async\" class=\"alignnone size-medium wp-image-724328\" src=\"https:\/\/moto-station.com\/wp-content\/uploads\/2026\/03\/17\/1200x800px212-300x200.jpg\" alt width=\"300\" height=\"200\"><\/p>\n<p>\n<span style=\"font-size: 14pt\"><strong>Animations : engagement et exp\u00e9rience sur le stand<\/strong><\/span><\/p>\n<p>Afin de dynamiser la pr\u00e9sence sur le stand et favoriser les \u00e9changes avec les visiteurs, Midland a propos\u00e9 <strong>deux animations distinctes<\/strong> tout au long du salon.<\/p>\n<p>\u00a0<\/p>\n<p>La premi\u00e8re, le jeu <strong>\u201cGuess the Word\u201d<\/strong>, invitait les participants \u00e0 faire deviner \u00e0 leurs partenaires des mots-cl\u00e9s en lien avec l\u2019univers de la communication moto. Ludique et rapide, ce jeu a permis de cr\u00e9er une interaction imm\u00e9diate avec les visiteurs tout en suscitant la curiosit\u00e9 autour des produits Midland.<\/p>\n<p>\u00a0<\/p>\n<p>Parall\u00e8lement, les motards pr\u00e9sents sur le stand ont \u00e9galement pu <strong>personnaliser leurs modules intercom gr\u00e2ce \u00e0 une s\u00e9rie de stickers Midland<\/strong>. Cette animation a rencontr\u00e9 un vif succ\u00e8s, offrant aux utilisateurs la possibilit\u00e9 d\u2019apporter une touche personnelle \u00e0 leur \u00e9quipement et de repartir avec un intercom \u00e0 leur image.<\/p>\n<p>\u00a0<\/p>\n<p>Ces deux dispositifs ont contribu\u00e9 \u00e0 cr\u00e9er une <strong>atmosph\u00e8re conviviale et participative<\/strong>, transformant la d\u00e9couverte des produits en v\u00e9ritable exp\u00e9rience de marque et renfor\u00e7ant la proximit\u00e9 entre Midland et sa communaut\u00e9 de motards.<\/p>\n<p>\u00a0<\/p>\n<p><strong><span style=\"font-size: 14pt\">Midland : expertise historique<\/span> <\/strong><\/p>\n<p><strong>\u00a0<\/strong><\/p>\n<p>Avec <strong>65 ans d\u2019expertise dans les technologies radio<\/strong> et plus de <strong>20 ans dans l\u2019intercom moto<\/strong>, Midland continue d\u2019occuper une position singuli\u00e8re sur le march\u00e9. La marque s\u2019appuie sur un h\u00e9ritage technique solide tout en poursuivant une strat\u00e9gie d\u2019innovation orient\u00e9e vers les usages r\u00e9els des motards.<\/p>\n<p>Lors du Salon du 2 Roues, cet h\u00e9ritage s\u2019est \u00e9galement exprim\u00e9 de mani\u00e8re tr\u00e8s concr\u00e8te : <strong>de nombreux visiteurs sont venus spontan\u00e9ment partager leurs souvenirs li\u00e9s \u00e0 la marque<\/strong>. Certains \u00e9voquent leurs premi\u00e8res <strong>CB radios<\/strong>, d\u2019autres les <strong>talkies-walkies Midland<\/strong>, produits embl\u00e9matiques qui ont longtemps constitu\u00e9 le c\u0153ur de m\u00e9tier de l\u2019entreprise.<\/p>\n<p>Ces t\u00e9moignages illustrent la profondeur de la relation entre Midland et ses utilisateurs. Cette histoire technologique continue aujourd\u2019hui de jouer un r\u00f4le important dans la perception de la marque : <strong>la fiabilit\u00e9 reconnue des appareils d\u2019antan rassure les consommateurs et renforce la cr\u00e9dibilit\u00e9 des solutions actuelles<\/strong>, notamment dans l\u2019univers de la communication moto.<\/p>\n<p>Cet \u00e9quilibre entre <strong>patrimoine technologique et innovation produit<\/strong> constitue l\u2019un des fondements de l\u2019ADN Midland :<\/p>\n<ul>\n<li>expertise radio historique<\/li>\n<li>fiabilit\u00e9 reconnue par plusieurs g\u00e9n\u00e9rations d\u2019utilisateurs<\/li>\n<li>solutions accessibles et robustes<\/li>\n<li>capacit\u00e9 d\u2019innovation tourn\u00e9e vers la connectivit\u00e9 et l\u2019exp\u00e9rience motard.<\/li>\n<\/ul>\n<p>\u00a0<\/p>\n<p><img loading=\"lazy\" decoding=\"async\" class=\"alignnone size-medium wp-image-724327\" src=\"https:\/\/moto-station.com\/wp-content\/uploads\/2026\/03\/17\/1200x800px213-300x200.jpg\" alt width=\"300\" height=\"200\"><\/p>\n<p><span style=\"font-size: 14pt\"><strong>Une prise de parole live sur MotorLive<\/strong><\/span><\/p>\n<p>Moment fort de cette \u00e9dition : l\u2019intervention en direct sur MotorLive, m\u00e9dia influent de l\u2019univers moto.<\/p>\n<p>Cette prise de parole a permis :<\/p>\n<ul>\n<li>De rappeler l\u2019h\u00e9ritage technologique de Midland<\/li>\n<li>De pr\u00e9senter les produits de la gamme<\/li>\n<li>D\u2019expliquer la vision strat\u00e9gique sur la connectivit\u00e9 moto universelle<\/li>\n<li>De rappeler la vision s\u00e9curitaire d\u2019un \u00e9quipement intercom<\/li>\n<li>De confirmer la nouvelle homologation 22.06 compatible avec les derniers casques moto<\/li>\n<\/ul>\n<p>\u00a0<\/p>\n<p>La vid\u00e9o est disponible sur YouTube et prolonge la visibilit\u00e9 de la marque bien au-del\u00e0 des quatre jours d\u2019exposition.<\/p>\n<p>\u00a0<\/p>\n<p>\n<a href=\"https:\/\/youtu.be\/SWgPmQMHxSY?si=Ctg0jr-t5QnVdvLV\"><\/a><\/p>\n<div class=\"perfmatters-lazy-youtube\" data-src=\"\/\/www.youtube.com\/embed\/SWgPmQMHxSY\" data-id=\"SWgPmQMHxSY\" data-query=\"si=Ctg0jr-t5QnVdvLV\">\n<div><img loading=\"lazy\" decoding=\"async\" src=\"https:\/\/i.ytimg.com\/vi\/SWgPmQMHxSY\/hqdefault.jpg\" alt=\"YouTube video\" width=\"480\" height=\"360\" data-pin-nopin=\"true\"><\/p>\n<div class=\"play\"><\/div>\n<\/div>\n<\/div>\n<p>\u00a0<\/p>\n<p>Le Salon du 2 Roues 2026 confirme une tendance claire : le motard recherche d\u00e9sormais une exp\u00e9rience globale, combinant s\u00e9curit\u00e9, communication fluide et int\u00e9gration digitale intelligente.<\/p>\n<p>Midland s\u2019inscrit pleinement dans cette \u00e9volution et continue de partager des solutions accessibles ,fiables, et compatibles multi-marques.<\/p>\n<p><strong>\u00a0<\/strong><\/p>\n<\/p><\/div>\n","protected":false},"excerpt":{"rendered":"<p>Du 26 f\u00e9vrier au 1er mars 2026, le Salon du 2 Roues de Lyon \u00e0 Eurexpo a une nouvelle fois confirm\u00e9 son statut d\u2019\u00e9v\u00e9nement incontournable du paysage moto fran\u00e7ais. Avec une fr\u00e9quentation toujours soutenue, plusieurs centaines d\u2019exposants et une audience compos\u00e9e \u00e0 la fois de passionn\u00e9s, de pratiquants quotidiens et de professionnels du secteur, cette [&hellip;]<\/p>\n","protected":false},"author":1,"featured_media":0,"comment_status":"open","ping_status":"","sticky":false,"template":"","format":"standard","meta":{"footnotes":""},"categories":[1],"tags":[226,240],"class_list":["post-1837302","post","type-post","status-publish","format-standard","hentry","category-uncategorized","tag-crawlmanager","tag-moto-station-com"],"_links":{"self":[{"href":"https:\/\/analyse.optim.biz\/index.php?rest_route=\/wp\/v2\/posts\/1837302","targetHints":{"allow":["GET"]}}],"collection":[{"href":"https:\/\/analyse.optim.biz\/index.php?rest_route=\/wp\/v2\/posts"}],"about":[{"href":"https:\/\/analyse.optim.biz\/index.php?rest_route=\/wp\/v2\/types\/post"}],"author":[{"embeddable":true,"href":"https:\/\/analyse.optim.biz\/index.php?rest_route=\/wp\/v2\/users\/1"}],"replies":[{"embeddable":true,"href":"https:\/\/analyse.optim.biz\/index.php?rest_route=%2Fwp%2Fv2%2Fcomments&post=1837302"}],"version-history":[{"count":0,"href":"https:\/\/analyse.optim.biz\/index.php?rest_route=\/wp\/v2\/posts\/1837302\/revisions"}],"wp:attachment":[{"href":"https:\/\/analyse.optim.biz\/index.php?rest_route=%2Fwp%2Fv2%2Fmedia&parent=1837302"}],"wp:term":[{"taxonomy":"category","embeddable":true,"href":"https:\/\/analyse.optim.biz\/index.php?rest_route=%2Fwp%2Fv2%2Fcategories&post=1837302"},{"taxonomy":"post_tag","embeddable":true,"href":"https:\/\/analyse.optim.biz\/index.php?rest_route=%2Fwp%2Fv2%2Ftags&post=1837302"}],"curies":[{"name":"wp","href":"https:\/\/api.w.org\/{rel}","templated":true}]}}