{"id":1837297,"date":"2026-03-18T14:00:28","date_gmt":"2026-03-18T11:00:28","guid":{"rendered":"https:\/\/analyse.optim.biz\/?p=1837297"},"modified":"2026-03-18T14:00:28","modified_gmt":"2026-03-18T11:00:28","slug":"sx-us-les-news-de-la-semaine","status":"publish","type":"post","link":"https:\/\/analyse.optim.biz\/?p=1837297","title":{"rendered":"SX US : les news de la semaine !"},"content":{"rendered":"<div class=\"entry-content\">\n<p style=\"font-weight: 400\"><strong>Apr\u00e8s deux semaines de pause depuis la Triple Crown d\u2019Indianapolis, le championnat US de Supercross reprend ses droits samedi prochain du c\u00f4t\u00e9 de Birmingham. Au programme, le dixi\u00e8me round de la saison 450 ainsi que le premier Showdown 250 East\/West coast. \u00c0 J-3, on fait le point sur les derni\u00e8res news de la semaine.<\/strong><\/p>\n<div id=\"attachment_724401\" style=\"width: 1210px\" class=\"wp-caption alignnone\"><img loading=\"lazy\" decoding=\"async\" aria-describedby=\"caption-attachment-724401\" class=\"wp-image-724401 size-full\" src=\"https:\/\/moto-station.com\/wp-content\/uploads\/2026\/03\/18\/321552_ferrandisalignmediasx26sandiego063.jpg-copie.jpg\" alt=\"AMA SX Supercross 2026\" width=\"1200\" height=\"800\"><\/p>\n<p id=\"caption-attachment-724401\" class=\"wp-caption-text\">Toujours bless\u00e9 au pouce, Dylan Ferrandis ne sera pas pr\u00e9sent ce WE en SX UX !<\/p>\n<\/div>\n<p style=\"font-weight: 400\">La premi\u00e8re nouvelle n\u2019est pas tr\u00e8s bonne et concerne<strong> Dylan Ferrandis<\/strong>. Bless\u00e9 au pouce depuis Daytona, absent \u00e0 Indy, l\u2019officiel Ducati TLD Red Bull ne sera pas pr\u00e9sent dans l\u2019Alabama. Apr\u00e8s avoir fait une tentative cette semaine \u00e0 l\u2019entra\u00eenement, la d\u00e9cision a \u00e9t\u00e9 prise conjointement entre le pilote et son \u00e9quipe. On sait que les blessures au pouce sont d\u00e9licates \u00e0 g\u00e9rer, les exemples r\u00e9cents sont nombreux aux USA avec notamment les blessures de Jett Lawrence et Eli Tomac en 2024. Petite apart\u00e9 MXGP, lui aussi touch\u00e9 au pouce il y a quelques semaines et absent de l\u2019ouverture du championnat en Argentine, <strong>Kay De Wolf<\/strong> sera lui bien pr\u00e9sent en Espagne pour faire ses d\u00e9buts dans la cat\u00e9gorie reine. Pour en revenir aux bless\u00e9s du SX US, pour l\u2019instant, aucune communication officielle n\u2019a \u00e9t\u00e9 faite concernant le retour aux affaires de <strong>Chase Sexton<\/strong>. Absent \u00e0 Daytona et Indy apr\u00e8s une chute \u00e0 l\u2019entra\u00eenement, le vice-champion SX comme ses employeurs et les m\u00e9dias US n\u2019ont rien publi\u00e9 concernent un come-back ce WE\u2026 Le compte Instagram du principal int\u00e9ress\u00e9 n\u2019est plus aliment\u00e9 en news SX depuis fin f\u00e9vrier et son dernier post est une vid\u00e9o promo de golf pour l\u2019un de ses sponsors. Concernant toutes les autres stars du moment et candidats au titre 2026, RAS, <strong>Hunter Lawrence<\/strong>, <strong>Eli Tomac<\/strong>, <strong>Ken Roczen<\/strong> et <strong>Cooper Webb<\/strong> ont profit\u00e9 du break pour recharger les batteries et se pr\u00e9parer dans de bonnes conditions. Pour finir avec la cat\u00e9gorie Supercross, notez que c\u2019est la troisi\u00e8me ann\u00e9e cons\u00e9cutive que Protective Stadium de Birmingham accueille une \u00e9tape du championnat. <strong>Jett Lawrence<\/strong> s\u2019\u00e9tait impos\u00e9 en 2024 devant <strong>Cooper Webb<\/strong> et <strong>Ken Roczen<\/strong> alors que l\u2019an pass\u00e9, <strong>Chase Sexton<\/strong>avait domin\u00e9 la finale en devan\u00e7ant <strong>Malcolm Stewart<\/strong> et <strong>Aaron Plessinger<\/strong>.<\/p>\n<div id=\"attachment_724402\" style=\"width: 810px\" class=\"wp-caption alignnone\"><img loading=\"lazy\" decoding=\"async\" aria-describedby=\"caption-attachment-724402\" class=\"wp-image-724402 size-full\" src=\"https:\/\/moto-station.com\/wp-content\/uploads\/2026\/03\/18\/324853_n-romano-42-3-16-2026.jpg-copie.jpg\" alt=\"SX Supercross AMA 2026 \" width=\"800\" height=\"991\"><\/p>\n<p id=\"caption-attachment-724402\" class=\"wp-caption-text\">Nick Romano rejoint le team Kawasaki Pro Circuit et remplace Drew Adams bless\u00e9 !<\/p>\n<\/div>\n<h2 style=\"font-weight: 400\"><strong>250\u00a0: en mode Showdown\u00a0!<\/strong><\/h2>\n<p style=\"font-weight: 400\">En 250, l\u2019une des news de la semaine, c\u2019est le remplacement de<strong> Drew Adams <\/strong>par<strong> Nick Romano<\/strong>. Bless\u00e9 \u00e0 Daytona et lui aussi touch\u00e9 au pouce, le jeune pilote Kawasaki Pro Circuit est sur la flanc pour la fin de saison 250 SX East coast. Pilote Kawa chez les amateurs, lanc\u00e9 ensuite chez les pros par Yamaha Star Racing, Romano n\u2019a jamais confirm\u00e9 les attentes plac\u00e9es en lui. Bless\u00e9 l\u2019an dernier (genou, \u00e9paule) alors qu\u2019il \u00e9tait sous contrat avec le team Honda Phoenix Racing, il n\u2019a quasiment pas rouler de l\u2019ann\u00e9e. Sa derni\u00e8re course, remonte d\u2019ailleurs \u00e0 Birmingham 2025 (P19). Pour son retour, il sera donc au d\u00e9part du premier Showdown East\/West de la saison, pas la course la plus facile. A 21 ans, il se voit proposer une opportunit\u00e9 qu\u2019il faudra saisir dans l\u2019espoir de se relancer. Ce WE, on va donc assister \u00e0 la premi\u00e8re confrontation de l\u2019ann\u00e9e. Les pilotes de l\u2019Ouest sont en break depuis plusieurs semaines alors que les gar\u00e7ons engag\u00e9s \u00e0 l\u2019Est viennent d\u2019encha\u00eener trois courses avant de se reposer quinze jours. Qui sortira vainqueur de cette confrontation attendue, <strong>Haiden Deegan<\/strong> va-t-il encha\u00eener, son teammate <strong>Cole Davies<\/strong> peut-il lui barrer la route, comment vont se comporter <strong>Hammaker<\/strong>,<strong> Kitchen<\/strong>, <strong>Shimoda<\/strong>, <strong>Brown<\/strong>, <strong>Anstie <\/strong>et consorts, vivement samedi pour le savoir\u00a0! Au rayon absence, <strong>Michael Mosiman<\/strong>, actuel P3 du provisoire West coast s\u2019est s\u00e9rieusement bless\u00e9 (radius) \u00e0 l\u2019entra\u00eenement et sera forfait pour la fin de saison SX. Pas de <strong>Cameron McAdoo<\/strong> non plus, bless\u00e9 quasiment comme tous les ans, il faut bien que la mal\u00e9diction du team PC soit respect\u00e9\u2026<\/p>\n<\/p><\/div>\n","protected":false},"excerpt":{"rendered":"<p>Apr\u00e8s deux semaines de pause depuis la Triple Crown d\u2019Indianapolis, le championnat US de Supercross reprend ses droits samedi prochain du c\u00f4t\u00e9 de Birmingham. Au programme, le dixi\u00e8me round de la saison 450 ainsi que le premier Showdown 250 East\/West coast. \u00c0 J-3, on fait le point sur les derni\u00e8res news de la semaine. Toujours [&hellip;]<\/p>\n","protected":false},"author":1,"featured_media":0,"comment_status":"open","ping_status":"","sticky":false,"template":"","format":"standard","meta":{"footnotes":""},"categories":[1],"tags":[226,240],"class_list":["post-1837297","post","type-post","status-publish","format-standard","hentry","category-uncategorized","tag-crawlmanager","tag-moto-station-com"],"_links":{"self":[{"href":"https:\/\/analyse.optim.biz\/index.php?rest_route=\/wp\/v2\/posts\/1837297","targetHints":{"allow":["GET"]}}],"collection":[{"href":"https:\/\/analyse.optim.biz\/index.php?rest_route=\/wp\/v2\/posts"}],"about":[{"href":"https:\/\/analyse.optim.biz\/index.php?rest_route=\/wp\/v2\/types\/post"}],"author":[{"embeddable":true,"href":"https:\/\/analyse.optim.biz\/index.php?rest_route=\/wp\/v2\/users\/1"}],"replies":[{"embeddable":true,"href":"https:\/\/analyse.optim.biz\/index.php?rest_route=%2Fwp%2Fv2%2Fcomments&post=1837297"}],"version-history":[{"count":0,"href":"https:\/\/analyse.optim.biz\/index.php?rest_route=\/wp\/v2\/posts\/1837297\/revisions"}],"wp:attachment":[{"href":"https:\/\/analyse.optim.biz\/index.php?rest_route=%2Fwp%2Fv2%2Fmedia&parent=1837297"}],"wp:term":[{"taxonomy":"category","embeddable":true,"href":"https:\/\/analyse.optim.biz\/index.php?rest_route=%2Fwp%2Fv2%2Fcategories&post=1837297"},{"taxonomy":"post_tag","embeddable":true,"href":"https:\/\/analyse.optim.biz\/index.php?rest_route=%2Fwp%2Fv2%2Ftags&post=1837297"}],"curies":[{"name":"wp","href":"https:\/\/api.w.org\/{rel}","templated":true}]}}