{"id":1837290,"date":"2026-03-18T08:55:57","date_gmt":"2026-03-18T05:55:57","guid":{"rendered":"https:\/\/analyse.optim.biz\/?p=1837290"},"modified":"2026-03-18T08:55:57","modified_gmt":"2026-03-18T05:55:57","slug":"endurogp-stark-future-entre-dans-la-danse","status":"publish","type":"post","link":"https:\/\/analyse.optim.biz\/?p=1837290","title":{"rendered":"EnduroGP : Stark Future entre dans la danse !"},"content":{"rendered":"<div class=\"entry-content\">\n<p><strong>Il y aura au moins deux pilotes en motos \u00e9lectriques sur le championnat du monde d\u2019EnduroGP en 2026. Stark vient d\u2019annoncer la pr\u00e9sence du team fran\u00e7ais Oxmoto avec le crossman David Herbreteau et l\u2019espagnol Marc Sans. Une premi\u00e8re !<\/strong><\/p>\n<p>OK, les Stark EX enduro ont roul\u00e9 en championnat de France l\u2019an pass\u00e9 avec Till de Clercq qui termine 5e de la cat\u00e9gorie E1. On a \u00e9galement soulign\u00e9 la belle perf\u2019 des motos \u00e9lectriques su\u00e9do-espagnoles en championnat du monde de SuperEnduro, avec la 4e place finale cette saison pour Eddie Karlsson. On ne s\u2019attendait pas en revanche \u00e0 les voir d\u00e9barquer en mondial d\u2019EnduroGP d\u00e8s cette saison. La FIM vient en effet d\u2019annoncer qu\u2019elle autorisait les motos \u00e9lectriques \u00e0 se lancer au plus haut niveau (seulement en cat\u00e9gorie Elite, pas de Junior, ni Women). Et c\u2019est une \u00e9quipe en partie tricolore qui va relever le d\u00e9fi.<\/p>\n<div id=\"attachment_724385\" style=\"width: 1034px\" class=\"wp-caption alignnone\"><img loading=\"lazy\" decoding=\"async\" aria-describedby=\"caption-attachment-724385\" class=\"wp-image-724385 size-large\" src=\"https:\/\/moto-station.com\/wp-content\/uploads\/2026\/03\/18\/stark-EGP-Herbreteau-1024x683.jpg\" alt=\"david herbreteau 2026\" width=\"1024\" height=\"683\"><\/p>\n<p id=\"caption-attachment-724385\" class=\"wp-caption-text\">David Herbreteau se lance en enduro avec la Stak Varg, directement en EnduroGP o\u00f9 il roulera en cat\u00e9gorie E2. Un sacr\u00e9 d\u00e9fi attend le Vend\u00e9en ! \u00a9 Stark<\/p>\n<\/div>\n<p>Une \u00e9quipe sous la houlette du team Oxmoto qui avait d\u00e9j\u00e0 en charge l\u2019exp\u00e9rience Stark en championnat de France l\u2019an pass\u00e9. Mais exit Till de Clercq, de rretour sur une thermique chez Sherco Academy. Cette fois-ci c\u2019est un crossman vend\u00e9en qui s\u2019y colle. David Herbreteau, grand animateur du championnat de France Elite MX1 (6e en 2025 au guidon de la Stark) va donc faire ses premiers pas en enduro apr\u00e8s avoir particip\u00e9 \u00e0 l\u2019endurance su\u00e9doise G\u00f6tland (11e final) en octobre dernier. Il roulera en cat\u00e9gorie E2, face \u00e0 Zach Pichon, le champion du monde Andrea Verona ou encore le champion du monde E3 Hamish McDonald. Il sera accompagn\u00e9 par l\u2019espagnol Marc Sans, l\u2019un des tous bons en cat\u00e9gorie E3 (6e en 2025 au guidon d\u2019une GasGas).\u00a0<\/p>\n<div id=\"attachment_724386\" style=\"width: 1034px\" class=\"wp-caption alignnone\"><img loading=\"lazy\" decoding=\"async\" aria-describedby=\"caption-attachment-724386\" class=\"wp-image-724386 size-large\" src=\"https:\/\/moto-station.com\/wp-content\/uploads\/2026\/03\/18\/stark-EGP-Sans-1024x683.jpg\" alt=\"marc sans 2026\" width=\"1024\" height=\"683\"><\/p>\n<p id=\"caption-attachment-724386\" class=\"wp-caption-text\">Son co\u00e9quipier Marc Sans est lui un habitu\u00e9 du mondial enduro. Il roulera en E3, cat\u00e9gorie qu\u2019il avait boucl\u00e9 en 6e position l\u2019an pass\u00e9. \u00a9 Stark<\/p>\n<\/div>\n<p><strong>David Herbreteau :<\/strong> <em>\u00ab Je roule depuis 24 ans et cette passion m\u2019a naturellement port\u00e9 vers la comp\u00e9tition. Cette saison marque officiellement ma deuxi\u00e8me ann\u00e9e de course avec la Stark. Ce sera aussi ma premi\u00e8re saison en Championnat du Monde EnduroGP. C\u2019est une \u00e9tape importante. L\u2019objectif sera d\u2019acqu\u00e9rir un maximum d\u2019exp\u00e9rience et de continuer \u00e0 am\u00e9liorer mes performances ainsi que le d\u00e9veloppement de la moto. \u00bb<\/em><\/p>\n<\/p><\/div>\n","protected":false},"excerpt":{"rendered":"<p>Il y aura au moins deux pilotes en motos \u00e9lectriques sur le championnat du monde d\u2019EnduroGP en 2026. Stark vient d\u2019annoncer la pr\u00e9sence du team fran\u00e7ais Oxmoto avec le crossman David Herbreteau et l\u2019espagnol Marc Sans. Une premi\u00e8re ! OK, les Stark EX enduro ont roul\u00e9 en championnat de France l\u2019an pass\u00e9 avec Till de [&hellip;]<\/p>\n","protected":false},"author":1,"featured_media":0,"comment_status":"open","ping_status":"","sticky":false,"template":"","format":"standard","meta":{"footnotes":""},"categories":[1],"tags":[226,240],"class_list":["post-1837290","post","type-post","status-publish","format-standard","hentry","category-uncategorized","tag-crawlmanager","tag-moto-station-com"],"_links":{"self":[{"href":"https:\/\/analyse.optim.biz\/index.php?rest_route=\/wp\/v2\/posts\/1837290","targetHints":{"allow":["GET"]}}],"collection":[{"href":"https:\/\/analyse.optim.biz\/index.php?rest_route=\/wp\/v2\/posts"}],"about":[{"href":"https:\/\/analyse.optim.biz\/index.php?rest_route=\/wp\/v2\/types\/post"}],"author":[{"embeddable":true,"href":"https:\/\/analyse.optim.biz\/index.php?rest_route=\/wp\/v2\/users\/1"}],"replies":[{"embeddable":true,"href":"https:\/\/analyse.optim.biz\/index.php?rest_route=%2Fwp%2Fv2%2Fcomments&post=1837290"}],"version-history":[{"count":0,"href":"https:\/\/analyse.optim.biz\/index.php?rest_route=\/wp\/v2\/posts\/1837290\/revisions"}],"wp:attachment":[{"href":"https:\/\/analyse.optim.biz\/index.php?rest_route=%2Fwp%2Fv2%2Fmedia&parent=1837290"}],"wp:term":[{"taxonomy":"category","embeddable":true,"href":"https:\/\/analyse.optim.biz\/index.php?rest_route=%2Fwp%2Fv2%2Fcategories&post=1837290"},{"taxonomy":"post_tag","embeddable":true,"href":"https:\/\/analyse.optim.biz\/index.php?rest_route=%2Fwp%2Fv2%2Ftags&post=1837290"}],"curies":[{"name":"wp","href":"https:\/\/api.w.org\/{rel}","templated":true}]}}