{"id":1837237,"date":"2026-03-20T13:48:02","date_gmt":"2026-03-20T10:48:02","guid":{"rendered":"https:\/\/analyse.optim.biz\/?p=1837237"},"modified":"2026-03-20T13:48:02","modified_gmt":"2026-03-20T10:48:02","slug":"servicii-publice-tulcea-a-inceput-campania-de-primavara-in-municipiu","status":"publish","type":"post","link":"https:\/\/analyse.optim.biz\/?p=1837237","title":{"rendered":"Servicii Publice Tulcea a \u00eenceput Campania de prim\u0103var\u0103 \u00een municipiu"},"content":{"rendered":"<p>[analyse_image type=&#8221;featured&#8221; src=&#8221;https:\/\/dobrogeanews.b-cdn.net\/wp-content\/uploads\/2026\/03\/654811967_1270095811970737_8415437461249022043_n.jpg&#8221;]<\/p>\n<div id=\"post-69241\" class=\"entry single-default post-69241 post type-post status-publish format-standard has-post-thumbnail hentry category-info\">\n<div>\n<div class=\"ss-follow-wrapper ss-clearfix ss-regular-buttons ss-columns-1 ss-default-style\">\n<div class=\"ss-follow-column\" data-ss-sf-network-id='\"facebook\"'><a href=\"https:\/\/www.facebook.com\/dobrogeanews\" class=\"ss-follow-network ss-facebook-color\" rel=\"nofollow noopener\" aria-label=\"facebook\" target=\"_blank\"><span class=\"ss-follow-network-label\">Urm\u0103re\u015fte-ne \u015fi pe Facebook!<\/span><span class=\"ss-follow-network-count\"><span class=\"ss-follow-network-count-number\">57K<\/span><span class=\"ss-follow-network-count-label\">Followers<\/span><\/span><\/a><\/div>\n<\/div>\n<\/div>\n<p>\u00cen aceast\u0103 perioad\u0103, Servicii Publice lucreaz\u0103 intens pentru cur\u0103\u021benia de prim\u0103var\u0103 cu ample lucr\u0103ri de igienizare \u0219i preg\u0103tire a vegeta\u021biei pentru noul sezon de cre\u0219tere. Campania de prim\u0103var\u0103 vizeaz\u0103 servicii complete \u00een tot ora\u0219ul.<\/p>\n<figure class=\"wp-block-image size-full is-resized\">\n<source type=\"image\/webp\" data-lazy-srcset=\"https:\/\/dobrogeanews.b-cdn.net\/wp-content\/uploads\/2026\/03\/servicii-publice-campanie-de-primavara2.jpg.webp 2560w, https:\/\/dobrogeanews.b-cdn.net\/wp-content\/uploads\/2026\/03\/servicii-publice-campanie-de-primavara2-300x212.jpg.webp 300w, https:\/\/dobrogeanews.b-cdn.net\/wp-content\/uploads\/2026\/03\/servicii-publice-campanie-de-primavara2-1024x723.jpg.webp 1024w, https:\/\/dobrogeanews.b-cdn.net\/wp-content\/uploads\/2026\/03\/servicii-publice-campanie-de-primavara2-768x542.jpg.webp 768w, https:\/\/dobrogeanews.b-cdn.net\/wp-content\/uploads\/2026\/03\/servicii-publice-campanie-de-primavara2-1536x1085.jpg.webp 1536w, https:\/\/dobrogeanews.b-cdn.net\/wp-content\/uploads\/2026\/03\/servicii-publice-campanie-de-primavara2-2048x1446.jpg.webp 2048w\" sizes=\"(max-width: 640px) 100vw, 640px\" \/><br \/>\n<img loading=\"lazy\" decoding=\"async\" src=\"https:\/\/dobrogeanews.b-cdn.net\/wp-content\/uploads\/2026\/03\/servicii-publice-campanie-de-primavara2.jpg\" alt=\"Servicii Publice Tulcea A \u00eenceput Campania de prim\u0103var\u0103 \u00een municipiu Martie 2026\" width=\"640\" height=\"452\"><\/figure>\n<p>\u201eSunt colectate de\u0219eurile abandonate, sunt cur\u0103\u021bate str\u0103zile \u0219i spa\u021biile verzi, se lucreaz\u0103 la sp\u0103larea \u0219i dezinfectarea punctelor de colectare, se face dezinfec\u021bie, dezinsec\u021bie \u0219i cur\u0103\u021benie la ad\u0103postul de animale. S-a \u00eenceput plantarea aliniamentului la ie\u0219irea din ora\u0219, spre Agighiol \u0219i sunt executate lucr\u0103ri de \u00eentre\u021binere la Rozariul de la Ciuperca.<\/p>\n<p>Un punct important \u00eel reprezint\u0103 Parcul Independen\u021bei (Casa Sindicatelor) unde se lucreaz\u0103 la amenajarea acestuia, cu montarea bordurilor \u0219i realizarea sistemului de iriga\u021bie pentru noile spa\u021bii verzi.<\/p>\n<figure class=\"wp-block-image size-full is-resized\">\n<source type=\"image\/webp\" data-lazy-srcset=\"https:\/\/dobrogeanews.b-cdn.net\/wp-content\/uploads\/2026\/03\/servicii-publice-campanie-de-primavara.jpg.webp 2560w, https:\/\/dobrogeanews.b-cdn.net\/wp-content\/uploads\/2026\/03\/servicii-publice-campanie-de-primavara-300x246.jpg.webp 300w, https:\/\/dobrogeanews.b-cdn.net\/wp-content\/uploads\/2026\/03\/servicii-publice-campanie-de-primavara-1024x840.jpg.webp 1024w, https:\/\/dobrogeanews.b-cdn.net\/wp-content\/uploads\/2026\/03\/servicii-publice-campanie-de-primavara-768x630.jpg.webp 768w, https:\/\/dobrogeanews.b-cdn.net\/wp-content\/uploads\/2026\/03\/servicii-publice-campanie-de-primavara-1536x1260.jpg.webp 1536w, https:\/\/dobrogeanews.b-cdn.net\/wp-content\/uploads\/2026\/03\/servicii-publice-campanie-de-primavara-2048x1680.jpg.webp 2048w\" sizes=\"(max-width: 640px) 100vw, 640px\" \/><br \/>\n<img loading=\"lazy\" decoding=\"async\" src=\"https:\/\/dobrogeanews.b-cdn.net\/wp-content\/uploads\/2026\/03\/servicii-publice-campanie-de-primavara.jpg\" alt=\"Servicii Publice Tulcea A \u00eenceput Campania de prim\u0103var\u0103 \u00een municipiu\" width=\"640\" height=\"525\"><\/figure>\n<p>Aceast\u0103 campanie de prim\u0103var\u0103 cuprinde toate cartierele, parcurile \u0219i zonele de agrement pentru c\u0103 ne dorim un ora\u0219 curat, verde, \u00eengrijit. Ne asum\u0103m aceast\u0103 responsabilitate \u0219i miz\u0103m pe onestitatea cet\u0103\u021benilor de a p\u0103stra cur\u0103\u021benia\u201d <\/p>\n<p>spun reprezentan\u021bii Servicii Publice Tulcea.<\/p>\n<div class=\"monsterinsights-inline-popular-posts monsterinsights-inline-popular-posts-charlie monsterinsights-popular-posts-styled\">\n<div class=\"monsterinsights-inline-popular-posts-text\"><span class=\"monsterinsights-inline-popular-posts-label\">Vezi \u0219i:<\/span><\/p>\n<div class=\"monsterinsights-inline-popular-posts-post\"><a class=\"monsterinsights-inline-popular-posts-title\" href=\"https:\/\/www.dobrogeanews.ro\/tulcea-noile-tarife-pentru-transport-public-rutier-si-naval\/\">Tulcea: Noile tarife pentru transport public (rutier \u0219i naval)<\/a><\/div>\n<div class=\"monsterinsights-inline-popular-posts-post\"><a class=\"monsterinsights-inline-popular-posts-title\" href=\"https:\/\/www.dobrogeanews.ro\/primaria-tulcea-amenajeaza-un-parc-urban-de-peste-3-700-mp-in-zona-aquaserv-pe-strada-babadag-proiect-finantat-din-fonduri-europene\/\">Prim\u0103ria Tulcea amenajeaz\u0103 un Parc Urban de peste 3.700 mp \u00een zona Aquaserv, pe strada Babadag. Proiect finan\u021bat din fonduri europene<\/a><\/div>\n<div class=\"monsterinsights-inline-popular-posts-post\"><a class=\"monsterinsights-inline-popular-posts-title\" href=\"https:\/\/www.dobrogeanews.ro\/cine-este-fata-de-18-ani-care-s-a-sinucis-la-tulcea-soapte-intre-lumi\/\">Cine este fata de 18 ani care s-a sinucis la Tulcea. \u0218oapte \u00eentre lumi \u2026<\/a><\/div>\n<\/div>\n<\/div>\n<p class=\"has-text-align-center has-white-color has-text-color has-background\"><span><a href=\"https:\/\/news.google.com\/publications\/CAAqBwgKMIu5pgsw88O-Aw?ceid=RO:ro&amp;oc=3\">Urm\u0103ri\u0163i \u015etirile Dobrogeanews \u015fi pe Google News<\/a><\/span><\/p>\n<\/div>\n<div id=\"post-69241\" class=\"entry single-default post-69241 post type-post status-publish format-standard has-post-thumbnail hentry category-info\">\n<div>\n<div class=\"ss-follow-wrapper ss-clearfix ss-regular-buttons ss-columns-1 ss-default-style\">\n<div class=\"ss-follow-column\" data-ss-sf-network-id='\"facebook\"'><a href=\"https:\/\/www.facebook.com\/dobrogeanews\" class=\"ss-follow-network ss-facebook-color\" rel=\"nofollow noopener\" aria-label=\"facebook\" target=\"_blank\"><span class=\"ss-follow-network-label\">Urm\u0103re\u015fte-ne \u015fi pe Facebook!<\/span><span class=\"ss-follow-network-count\"><span class=\"ss-follow-network-count-number\">57K<\/span><span class=\"ss-follow-network-count-label\">Followers<\/span><\/span><\/a><\/div>\n<\/div>\n<\/div>\n<p>\u00cen aceast\u0103 perioad\u0103, Servicii Publice lucreaz\u0103 intens pentru cur\u0103\u021benia de prim\u0103var\u0103 cu ample lucr\u0103ri de igienizare \u0219i preg\u0103tire a vegeta\u021biei pentru noul sezon de cre\u0219tere. Campania de prim\u0103var\u0103 vizeaz\u0103 servicii complete \u00een tot ora\u0219ul.<\/p>\n<figure class=\"wp-block-image size-full is-resized\">\n<source type=\"image\/webp\" data-lazy-srcset=\"https:\/\/dobrogeanews.b-cdn.net\/wp-content\/uploads\/2026\/03\/servicii-publice-campanie-de-primavara2.jpg.webp 2560w, https:\/\/dobrogeanews.b-cdn.net\/wp-content\/uploads\/2026\/03\/servicii-publice-campanie-de-primavara2-300x212.jpg.webp 300w, https:\/\/dobrogeanews.b-cdn.net\/wp-content\/uploads\/2026\/03\/servicii-publice-campanie-de-primavara2-1024x723.jpg.webp 1024w, https:\/\/dobrogeanews.b-cdn.net\/wp-content\/uploads\/2026\/03\/servicii-publice-campanie-de-primavara2-768x542.jpg.webp 768w, https:\/\/dobrogeanews.b-cdn.net\/wp-content\/uploads\/2026\/03\/servicii-publice-campanie-de-primavara2-1536x1085.jpg.webp 1536w, https:\/\/dobrogeanews.b-cdn.net\/wp-content\/uploads\/2026\/03\/servicii-publice-campanie-de-primavara2-2048x1446.jpg.webp 2048w\" sizes=\"(max-width: 640px) 100vw, 640px\" \/><br \/>\n<img loading=\"lazy\" decoding=\"async\" src=\"https:\/\/dobrogeanews.b-cdn.net\/wp-content\/uploads\/2026\/03\/servicii-publice-campanie-de-primavara2.jpg\" alt=\"Servicii Publice Tulcea A \u00eenceput Campania de prim\u0103var\u0103 \u00een municipiu Martie 2026\" width=\"640\" height=\"452\"><\/figure>\n<p>\u201eSunt colectate de\u0219eurile abandonate, sunt cur\u0103\u021bate str\u0103zile \u0219i spa\u021biile verzi, se lucreaz\u0103 la sp\u0103larea \u0219i dezinfectarea punctelor de colectare, se face dezinfec\u021bie, dezinsec\u021bie \u0219i cur\u0103\u021benie la ad\u0103postul de animale. S-a \u00eenceput plantarea aliniamentului la ie\u0219irea din ora\u0219, spre Agighiol \u0219i sunt executate lucr\u0103ri de \u00eentre\u021binere la Rozariul de la Ciuperca.<\/p>\n<p>Un punct important \u00eel reprezint\u0103 Parcul Independen\u021bei (Casa Sindicatelor) unde se lucreaz\u0103 la amenajarea acestuia, cu montarea bordurilor \u0219i realizarea sistemului de iriga\u021bie pentru noile spa\u021bii verzi.<\/p>\n<figure class=\"wp-block-image size-full is-resized\">\n<source type=\"image\/webp\" data-lazy-srcset=\"https:\/\/dobrogeanews.b-cdn.net\/wp-content\/uploads\/2026\/03\/servicii-publice-campanie-de-primavara.jpg.webp 2560w, https:\/\/dobrogeanews.b-cdn.net\/wp-content\/uploads\/2026\/03\/servicii-publice-campanie-de-primavara-300x246.jpg.webp 300w, https:\/\/dobrogeanews.b-cdn.net\/wp-content\/uploads\/2026\/03\/servicii-publice-campanie-de-primavara-1024x840.jpg.webp 1024w, https:\/\/dobrogeanews.b-cdn.net\/wp-content\/uploads\/2026\/03\/servicii-publice-campanie-de-primavara-768x630.jpg.webp 768w, https:\/\/dobrogeanews.b-cdn.net\/wp-content\/uploads\/2026\/03\/servicii-publice-campanie-de-primavara-1536x1260.jpg.webp 1536w, https:\/\/dobrogeanews.b-cdn.net\/wp-content\/uploads\/2026\/03\/servicii-publice-campanie-de-primavara-2048x1680.jpg.webp 2048w\" sizes=\"(max-width: 640px) 100vw, 640px\" \/><br \/>\n<img loading=\"lazy\" decoding=\"async\" src=\"https:\/\/dobrogeanews.b-cdn.net\/wp-content\/uploads\/2026\/03\/servicii-publice-campanie-de-primavara.jpg\" alt=\"Servicii Publice Tulcea A \u00eenceput Campania de prim\u0103var\u0103 \u00een municipiu\" width=\"640\" height=\"525\"><\/figure>\n<p>Aceast\u0103 campanie de prim\u0103var\u0103 cuprinde toate cartierele, parcurile \u0219i zonele de agrement pentru c\u0103 ne dorim un ora\u0219 curat, verde, \u00eengrijit. Ne asum\u0103m aceast\u0103 responsabilitate \u0219i miz\u0103m pe onestitatea cet\u0103\u021benilor de a p\u0103stra cur\u0103\u021benia\u201d <\/p>\n<p>spun reprezentan\u021bii Servicii Publice Tulcea.<\/p>\n<div class=\"monsterinsights-inline-popular-posts monsterinsights-inline-popular-posts-charlie monsterinsights-popular-posts-styled\">\n<div class=\"monsterinsights-inline-popular-posts-text\"><span class=\"monsterinsights-inline-popular-posts-label\">Vezi \u0219i:<\/span><\/p>\n<div class=\"monsterinsights-inline-popular-posts-post\"><a class=\"monsterinsights-inline-popular-posts-title\" href=\"https:\/\/www.dobrogeanews.ro\/tulcea-noile-tarife-pentru-transport-public-rutier-si-naval\/\">Tulcea: Noile tarife pentru transport public (rutier \u0219i naval)<\/a><\/div>\n<div class=\"monsterinsights-inline-popular-posts-post\"><a class=\"monsterinsights-inline-popular-posts-title\" href=\"https:\/\/www.dobrogeanews.ro\/primaria-tulcea-amenajeaza-un-parc-urban-de-peste-3-700-mp-in-zona-aquaserv-pe-strada-babadag-proiect-finantat-din-fonduri-europene\/\">Prim\u0103ria Tulcea amenajeaz\u0103 un Parc Urban de peste 3.700 mp \u00een zona Aquaserv, pe strada Babadag. Proiect finan\u021bat din fonduri europene<\/a><\/div>\n<div class=\"monsterinsights-inline-popular-posts-post\"><a class=\"monsterinsights-inline-popular-posts-title\" href=\"https:\/\/www.dobrogeanews.ro\/cine-este-fata-de-18-ani-care-s-a-sinucis-la-tulcea-soapte-intre-lumi\/\">Cine este fata de 18 ani care s-a sinucis la Tulcea. \u0218oapte \u00eentre lumi \u2026<\/a><\/div>\n<\/div>\n<\/div>\n<p class=\"has-text-align-center has-white-color has-text-color has-background\"><span><a href=\"https:\/\/news.google.com\/publications\/CAAqBwgKMIu5pgsw88O-Aw?ceid=RO:ro&amp;oc=3\">Urm\u0103ri\u0163i \u015etirile Dobrogeanews \u015fi pe Google News<\/a><\/span><\/p>\n<\/div>\n<p>[analyse_source url=&#8221;https:\/\/www.dobrogeanews.ro\/servicii-publice-tulcea-a-inceput-campania-de-primavara-in-municipiu\/&#8221;]<\/p>\n","protected":false},"excerpt":{"rendered":"<p>[analyse_image type=&#8221;featured&#8221; src=&#8221;https:\/\/dobrogeanews.b-cdn.net\/wp-content\/uploads\/2026\/03\/654811967_1270095811970737_8415437461249022043_n.jpg&#8221;] Urm\u0103re\u015fte-ne \u015fi pe Facebook!57KFollowers \u00cen aceast\u0103 perioad\u0103, Servicii Publice lucreaz\u0103 intens pentru cur\u0103\u021benia de prim\u0103var\u0103 cu ample lucr\u0103ri de igienizare \u0219i preg\u0103tire a vegeta\u021biei pentru noul sezon de cre\u0219tere. Campania de prim\u0103var\u0103 vizeaz\u0103 servicii complete \u00een tot ora\u0219ul. \u201eSunt colectate de\u0219eurile abandonate, sunt cur\u0103\u021bate str\u0103zile \u0219i spa\u021biile verzi, se lucreaz\u0103 la sp\u0103larea [&hellip;]<\/p>\n","protected":false},"author":1,"featured_media":0,"comment_status":"open","ping_status":"","sticky":false,"template":"","format":"standard","meta":{"footnotes":""},"categories":[89],"tags":[226,223],"class_list":["post-1837237","post","type-post","status-publish","format-standard","hentry","category-romania","tag-crawlmanager","tag-dobrogeanews-ro"],"_links":{"self":[{"href":"https:\/\/analyse.optim.biz\/index.php?rest_route=\/wp\/v2\/posts\/1837237","targetHints":{"allow":["GET"]}}],"collection":[{"href":"https:\/\/analyse.optim.biz\/index.php?rest_route=\/wp\/v2\/posts"}],"about":[{"href":"https:\/\/analyse.optim.biz\/index.php?rest_route=\/wp\/v2\/types\/post"}],"author":[{"embeddable":true,"href":"https:\/\/analyse.optim.biz\/index.php?rest_route=\/wp\/v2\/users\/1"}],"replies":[{"embeddable":true,"href":"https:\/\/analyse.optim.biz\/index.php?rest_route=%2Fwp%2Fv2%2Fcomments&post=1837237"}],"version-history":[{"count":0,"href":"https:\/\/analyse.optim.biz\/index.php?rest_route=\/wp\/v2\/posts\/1837237\/revisions"}],"wp:attachment":[{"href":"https:\/\/analyse.optim.biz\/index.php?rest_route=%2Fwp%2Fv2%2Fmedia&parent=1837237"}],"wp:term":[{"taxonomy":"category","embeddable":true,"href":"https:\/\/analyse.optim.biz\/index.php?rest_route=%2Fwp%2Fv2%2Fcategories&post=1837237"},{"taxonomy":"post_tag","embeddable":true,"href":"https:\/\/analyse.optim.biz\/index.php?rest_route=%2Fwp%2Fv2%2Ftags&post=1837237"}],"curies":[{"name":"wp","href":"https:\/\/api.w.org\/{rel}","templated":true}]}}