{"id":183714,"date":"2015-04-05T20:48:34","date_gmt":"2015-04-05T17:48:34","guid":{"rendered":"https:\/\/analyse.optim.biz\/?p=183714"},"modified":"2015-04-05T20:48:34","modified_gmt":"2015-04-05T17:48:34","slug":"klaus-iohannis-apartenenta-la-nato-ramane-o-garantie-a-securitatii-tarii-noastre","status":"publish","type":"post","link":"https:\/\/analyse.optim.biz\/?p=183714","title":{"rendered":"Klaus Iohannis: \u201eApartenen\u021ba la NATO r\u0103m\u00e2ne o garan\u021bie a securit\u0103\u021bii \u021b\u0103rii noastre\u201d"},"content":{"rendered":"<div class=\"entry data-app-meta data-app-meta-article\" data-embed-base-url-canonical=\"https:\/\/www.digi24.ro\/embed\/stiri\/actualitate\/politica\/klaus-iohannis-apartenenta-la-nato-ramane-o-garantie-a-securitatii-tarii-noastre-376461\">\n<div class=\"fb-post\">\n<div class=\"fb-xfbml-parse-ignore\">\n<blockquote cite=\"https:\/\/www.facebook.com\/klausiohannis\/posts\/810891902331396:0\">\n<p data-index=\"2\">\u00cen fiecare an, \u00een prima duminic\u0103 din aprilie, celebr\u0103m ziua NATO. Este un prilej s\u0103 ne amintim c\u00e2t de mult ne-am dorit s&#8230;<\/p>\n<p>Posted by <a href=\"https:\/\/www.facebook.com\/klausiohannis\" data-skip-linkfix=\"1\">Klaus Iohannis<\/a> on <a href=\"https:\/\/www.facebook.com\/klausiohannis\/posts\/810891902331396:0\" data-skip-linkfix=\"1\">Sunday, April 5, 2015<\/a><\/p><\/blockquote>\n<\/div>\n<\/div>\n<p data-index=\"3\">\u201e<span><strong>\u00cen fiecare an, \u00een prima duminic\u0103 din aprilie, celebr\u0103m ziua NATO.<\/strong> Este un prilej s\u0103 ne amintim c\u00e2t de mult ne-am dorit s\u0103 facem parte din Alian\u021ba Nord-Atlantic\u0103 \u0219i cu c\u00e2t profesionalism \u0219i curaj contribuie militarii no\u0219tri la misiunile NATO din diferite zone ale lumii. Apartenen\u021ba la NATO r\u0103m\u00e2ne o garan\u021bie a securit\u0103\u021bii \u021b\u0103rii noastre \u0219i un reper fundamental al politicii externe a Rom\u00e2niei&#8221;, a scris, duminic\u0103, pe pagina sa de\u00a0Facebook, pre\u0219edintele Klaus Iohannis. \u00a0<\/span><\/p>\n<\/div>\n<p> Source URL: https:\/\/www.digi24.ro\/stiri\/actualitate\/politica\/klaus-iohannis-apartenenta-la-nato-ramane-o-garantie-a-securitatii-tarii-noastre-376461<\/p>\n","protected":false},"excerpt":{"rendered":"<p>\u00cen fiecare an, \u00een prima duminic\u0103 din aprilie, celebr\u0103m ziua NATO. Este un prilej s\u0103 ne amintim c\u00e2t de mult ne-am dorit s&#8230; Posted by Klaus Iohannis on Sunday, April 5, 2015 \u201e\u00cen fiecare an, \u00een prima duminic\u0103 din aprilie, celebr\u0103m ziua NATO. Este un prilej s\u0103 ne amintim c\u00e2t de mult ne-am dorit s\u0103 [&hellip;]<\/p>\n","protected":false},"author":1,"featured_media":183715,"comment_status":"open","ping_status":"","sticky":false,"template":"","format":"standard","meta":{"footnotes":""},"categories":[2],"tags":[11],"class_list":["post-183714","post","type-post","status-publish","format-standard","has-post-thumbnail","hentry","category-politics","tag-digi24"],"_links":{"self":[{"href":"https:\/\/analyse.optim.biz\/index.php?rest_route=\/wp\/v2\/posts\/183714","targetHints":{"allow":["GET"]}}],"collection":[{"href":"https:\/\/analyse.optim.biz\/index.php?rest_route=\/wp\/v2\/posts"}],"about":[{"href":"https:\/\/analyse.optim.biz\/index.php?rest_route=\/wp\/v2\/types\/post"}],"author":[{"embeddable":true,"href":"https:\/\/analyse.optim.biz\/index.php?rest_route=\/wp\/v2\/users\/1"}],"replies":[{"embeddable":true,"href":"https:\/\/analyse.optim.biz\/index.php?rest_route=%2Fwp%2Fv2%2Fcomments&post=183714"}],"version-history":[{"count":0,"href":"https:\/\/analyse.optim.biz\/index.php?rest_route=\/wp\/v2\/posts\/183714\/revisions"}],"wp:featuredmedia":[{"embeddable":true,"href":"https:\/\/analyse.optim.biz\/index.php?rest_route=\/wp\/v2\/media\/183715"}],"wp:attachment":[{"href":"https:\/\/analyse.optim.biz\/index.php?rest_route=%2Fwp%2Fv2%2Fmedia&parent=183714"}],"wp:term":[{"taxonomy":"category","embeddable":true,"href":"https:\/\/analyse.optim.biz\/index.php?rest_route=%2Fwp%2Fv2%2Fcategories&post=183714"},{"taxonomy":"post_tag","embeddable":true,"href":"https:\/\/analyse.optim.biz\/index.php?rest_route=%2Fwp%2Fv2%2Ftags&post=183714"}],"curies":[{"name":"wp","href":"https:\/\/api.w.org\/{rel}","templated":true}]}}