{"id":1837126,"date":"2026-03-19T10:26:17","date_gmt":"2026-03-19T07:26:17","guid":{"rendered":"https:\/\/analyse.optim.biz\/?p=1837126"},"modified":"2026-03-19T10:26:17","modified_gmt":"2026-03-19T07:26:17","slug":"primaria-suceava-invita-cetatenii-la-miscare-stadionul-areni-se-redeschide-pentru-public-luni-23-martie","status":"publish","type":"post","link":"https:\/\/analyse.optim.biz\/?p=1837126","title":{"rendered":"Prim\u0103ria Suceava invit\u0103 cet\u0103\u021benii la mi\u0219care. Stadionul \u201dAreni\u201d se redeschide pentru public luni, 23 martie"},"content":{"rendered":"<p>[analyse_image type=&#8221;featured&#8221; src=&#8221;https:\/\/www.radiotop.ro\/img\/media\/2026\/03\/stadion-areni-nou.jpghttps:\/\/www.radiotop.ro\/img\/media\/2026\/03\/stadion-areni-nou.jpg&#8221;]<\/p>\n<div class=\"entry-content no-share\">\n<div class=\"content-inner \">\n<p>Stadionul municipal din Suceava va fi deschis pentru public \u00eencep\u00eend de luni, 23 martie, sucevenii urm\u00eend s\u0103 aib\u0103 acces pentru activit\u0103\u021bi sportive \u00een aer liber \u00een anumite intervale orare.<\/p>\n<p>Se arat\u0103 \u00eentr-un mesaj transmis de Prim\u0103ria Suceava: \u201dAvem ve\u0219ti bune pentru iubitorii de mi\u0219care. \u00cencep\u00eend cu ziua de luni, 23 martie, deschidem por\u021bile stadionului municipal pentru to\u021bi sucevenii care \u00ee\u0219i doresc s\u0103 fac\u0103 sport \u00een aer liber. Programul este de luni p\u00een\u0103 s\u00eemb\u0103t\u0103, \u00eentre orele 8:00 \u2013 19:00\u201d.<\/p>\n<p>Reprezentan\u021bii administra\u021biei locale subliniaz\u0103 c\u0103 m\u0103sura vine ca r\u0103spuns la solicit\u0103rile venite din partea cet\u0103\u021benilor. Se mai arat\u0103 \u00een mesajul Prim\u0103riei Suceava: \u201dAr\u0103t\u0103m \u00een continuare deschidere total\u0103 fa\u021b\u0103 de cet\u0103\u021benii ora\u0219ului nostru \u0219i r\u0103m\u00eenem conecta\u021bi la nevoile voastre, din dorin\u021ba de a v\u0103 r\u0103spunde tuturor solicit\u0103rilor \u0219i a g\u0103si solu\u021bii pentru acestea. V\u0103 a\u0219tept\u0103m \u00een num\u0103r c\u00eet mai mare la mi\u0219care!\u201d.<\/p>\n<\/div>\n<\/div>\n<div class=\"content-inner \">\n<p>Stadionul municipal din Suceava va fi deschis pentru public \u00eencep\u00eend de luni, 23 martie, sucevenii urm\u00eend s\u0103 aib\u0103 acces pentru activit\u0103\u021bi sportive \u00een aer liber \u00een anumite intervale orare.<\/p>\n<p>Se arat\u0103 \u00eentr-un mesaj transmis de Prim\u0103ria Suceava: \u201dAvem ve\u0219ti bune pentru iubitorii de mi\u0219care. \u00cencep\u00eend cu ziua de luni, 23 martie, deschidem por\u021bile stadionului municipal pentru to\u021bi sucevenii care \u00ee\u0219i doresc s\u0103 fac\u0103 sport \u00een aer liber. Programul este de luni p\u00een\u0103 s\u00eemb\u0103t\u0103, \u00eentre orele 8:00 \u2013 19:00\u201d.<\/p>\n<p>Reprezentan\u021bii administra\u021biei locale subliniaz\u0103 c\u0103 m\u0103sura vine ca r\u0103spuns la solicit\u0103rile venite din partea cet\u0103\u021benilor. Se mai arat\u0103 \u00een mesajul Prim\u0103riei Suceava: \u201dAr\u0103t\u0103m \u00een continuare deschidere total\u0103 fa\u021b\u0103 de cet\u0103\u021benii ora\u0219ului nostru \u0219i r\u0103m\u00eenem conecta\u021bi la nevoile voastre, din dorin\u021ba de a v\u0103 r\u0103spunde tuturor solicit\u0103rilor \u0219i a g\u0103si solu\u021bii pentru acestea. V\u0103 a\u0219tept\u0103m \u00een num\u0103r c\u00eet mai mare la mi\u0219care!\u201d.<\/p>\n<\/div>\n<p>[analyse_source url=&#8221;https:\/\/www.radiotop.ro\/actualitate\/primaria-suceava-invita-cetatenii-la-miscare-stadionul-areni-se-redeschide-pentru-public-luni-23-martie.html&#8221;]<\/p>\n","protected":false},"excerpt":{"rendered":"<p>[analyse_image type=&#8221;featured&#8221; src=&#8221;https:\/\/www.radiotop.ro\/img\/media\/2026\/03\/stadion-areni-nou.jpghttps:\/\/www.radiotop.ro\/img\/media\/2026\/03\/stadion-areni-nou.jpg&#8221;] Stadionul municipal din Suceava va fi deschis pentru public \u00eencep\u00eend de luni, 23 martie, sucevenii urm\u00eend s\u0103 aib\u0103 acces pentru activit\u0103\u021bi sportive \u00een aer liber \u00een anumite intervale orare. Se arat\u0103 \u00eentr-un mesaj transmis de Prim\u0103ria Suceava: \u201dAvem ve\u0219ti bune pentru iubitorii de mi\u0219care. \u00cencep\u00eend cu ziua de luni, 23 martie, deschidem [&hellip;]<\/p>\n","protected":false},"author":1,"featured_media":0,"comment_status":"open","ping_status":"","sticky":false,"template":"","format":"standard","meta":{"footnotes":""},"categories":[89],"tags":[226,163],"class_list":["post-1837126","post","type-post","status-publish","format-standard","hentry","category-romania","tag-crawlmanager","tag-radiotop-ro"],"_links":{"self":[{"href":"https:\/\/analyse.optim.biz\/index.php?rest_route=\/wp\/v2\/posts\/1837126","targetHints":{"allow":["GET"]}}],"collection":[{"href":"https:\/\/analyse.optim.biz\/index.php?rest_route=\/wp\/v2\/posts"}],"about":[{"href":"https:\/\/analyse.optim.biz\/index.php?rest_route=\/wp\/v2\/types\/post"}],"author":[{"embeddable":true,"href":"https:\/\/analyse.optim.biz\/index.php?rest_route=\/wp\/v2\/users\/1"}],"replies":[{"embeddable":true,"href":"https:\/\/analyse.optim.biz\/index.php?rest_route=%2Fwp%2Fv2%2Fcomments&post=1837126"}],"version-history":[{"count":0,"href":"https:\/\/analyse.optim.biz\/index.php?rest_route=\/wp\/v2\/posts\/1837126\/revisions"}],"wp:attachment":[{"href":"https:\/\/analyse.optim.biz\/index.php?rest_route=%2Fwp%2Fv2%2Fmedia&parent=1837126"}],"wp:term":[{"taxonomy":"category","embeddable":true,"href":"https:\/\/analyse.optim.biz\/index.php?rest_route=%2Fwp%2Fv2%2Fcategories&post=1837126"},{"taxonomy":"post_tag","embeddable":true,"href":"https:\/\/analyse.optim.biz\/index.php?rest_route=%2Fwp%2Fv2%2Ftags&post=1837126"}],"curies":[{"name":"wp","href":"https:\/\/api.w.org\/{rel}","templated":true}]}}