{"id":183703,"date":"2015-04-05T23:07:08","date_gmt":"2015-04-05T20:07:08","guid":{"rendered":"https:\/\/analyse.optim.biz\/?p=183703"},"modified":"2015-04-05T23:07:08","modified_gmt":"2015-04-05T20:07:08","slug":"marian-petrache-sanatatea-si-educatia-urmatoarele-teme-pentru-care-presedintele-iohannis-va-cauta-consens","status":"publish","type":"post","link":"https:\/\/analyse.optim.biz\/?p=183703","title":{"rendered":"Marian Petrache: S\u0103n\u0103tatea \u0219i educa\u021bia, urm\u0103toarele teme pentru care pre\u0219edintele Iohannis va c\u0103uta consens"},"content":{"rendered":"<div class=\"entry data-app-meta data-app-meta-article\" data-embed-base-url-canonical=\"https:\/\/www.digi24.ro\/embed\/stiri\/actualitate\/politica\/marian-petrache-sanatatea-si-educatia-urmatoarele-teme-pentru-care-presedintele-iohannis-va-cauta-consens-376496\">\n<p data-index=\"1\">Marian Petrache a spus c\u0103 sunt dou\u0103 pozi\u021bion\u0103ri clare \u00een politica rom\u00e2neasc\u0103 \u00een ceea ce prive\u0219te justi\u021bia: de acord cu toate cererile justi\u021biei f\u0103cute \u00een Parlament \u0219i \u00eempotriva acestor cereri. Acest lucru i-ar face reticen\u021bi pe liberali \u00een formarea unei majorit\u0103\u021bi parlamentare cu alte partide sau cu al\u021bi parlamentari.<\/p>\n<p data-index=\"2\">\u201e<span>Motiv pentru care e greu s\u0103 mai faci ast\u0103zi o majoritate parlamentar\u0103, \u00een aceste condi\u021bii. De fapt, \u00een PNL au fost dou\u0103 curente, dup\u0103 alegerile preziden\u0163iale. Un curent care acum a \u00eenceput s\u0103 se \u00eent\u0103reasc\u0103, acela care cerea alegeri anticipate pentru c\u0103 era firesc s\u0103 se \u00eent\u00e2mple a\u0219a. \u00cen toat\u0103 lumea civilizat\u0103, dup\u0103 un e\u0219ec aveau loc \u0219i alegeri parlamentare. \u0218i al doilea curent, acesta de a prelua guvernarea foarte rapid, printr-o schimbare a majorit\u0103\u021bii parlamentare. Cred c\u0103 va fi din ce \u00een ce mai greu s\u0103 facem aceast\u0103 majoritate parlamentar\u0103\u201d, a spus Marian Petrache, secretarul general al PNL.<\/span><\/p>\n<p data-index=\"3\">\u00centrebat de Elena Vijulie care ar fi fost c\u00e2\u0219tigul pe termen mediu \u0219i lung al PNL pentru o alian\u021b\u0103 cu gruparea Mircea Geoan\u0103-Marian Vanghelie, acesta a r\u0103spuns: \u201ePre\u0219edintele a c\u00e2\u0219tigat alegerile cu un program. \u00cei va fi foarte greu, dac\u0103 nu imposibil, s\u0103-\u0219i pun\u0103 \u00een aplicare programul cu un alt partid aflat la guvernare \u00een afara PNL-ului\u201d.<\/p>\n<p data-index=\"4\">\u00cen privin\u021ba unei alian\u021be PNL-UNPR, Marian Petrache a spus c\u0103 \u201eorice partid \u00ee\u0219i dore\u0219te s\u0103 ajung\u0103 la guvernare, de data aceasta \u2013 pe l\u00e2ng\u0103 programul nostru \u2013 este \u0219i ceea ce a promis pre\u0219edintele Rom\u00e2niei \u00een campania electoral\u0103\u201d.<\/p>\n<p data-index=\"5\">\u201e<span>B\u0103nuiesc c\u0103 de aia ne \u0219i cheam\u0103 din nou la consult\u0103ri dup\u0103 vacan\u021ba de Pa\u0219ti\u201d, a continuat el.\u00a0<\/span>Tema consult\u0103rilor ar fi, crede secretarul general al PNL, s\u0103n\u0103tatea \u0219i educa\u021bia.<\/p>\n<p data-index=\"6\">\u201e<span>Teme mari care sunt \u0219i \u00een programul nostru de guvernare. Are nevoie de consens pe cele dou\u0103 teme mari. A avut un prim consens pe finan\u021barea armatei, urmeaz\u0103 consensul pe cele dou\u0103 teme foarte mari: s\u0103n\u0103tate \u0219i educa\u021bie\u201d, a subliniat el.<\/span><\/p>\n<p data-index=\"7\">Pe de alt\u0103 parte, analistul politic Ion Bogdan Lefter a declarat c\u0103 pre\u0219edintele Klaus Iohannis vrea s\u0103 vad\u0103 c\u00e2t din acordurile discutate la \u00eenceputul sesiunii parlamentare s-au realizat p\u00e2n\u0103 acum.<\/p>\n<p data-index=\"8\">\u201e<span>Va fi vorba \u0219i despre finan\u021barea partidelor, codurile electorale. Lucruri despre care s-a \u0219i discutat \u00een Parlament, s-a elaborat un nou document privind finan\u021barea partidelor \u0219i finan\u021barea campaniilor. Lucrurile astea au mers p\u00e2n\u0103 la un punct, \u00eenc\u0103 n-au ajuns la un vot \u00een plen. E de v\u0103zut ritmul \u00een care avanseaz\u0103 proiectele pe care pre\u0219edintele \u00eencearc\u0103 s\u0103 le promoveze prin intermediul parlamentarilor, \u00een consens\u201d, a punctat Ion Bogdan Lefter. <\/span><\/p>\n<p data-index=\"9\">S\u00e2mb\u0103t\u0103, <a href=\"https:\/\/www.digi24.ro\/Stiri\/Digi24\/Actualitate\/Politica\/Klaus+Iohannis+Dupa+sarbatorile+de+Pasti+voi+relua+consultarile+\" data-skip-linkfix=\"1\">pre\u015fedintele Klaus Iohannis a anun\u021bat<\/a> c\u0103 va relua consult\u0103rile cu partidele, dup\u0103 s\u0103rb\u0103torile de Pa\u015fti, \u00een scopul evalu\u0103rii ac\u0163iunilor din calendarul stabilit la \u00eenceputul actualei sesiuni parlamentare.<\/p>\n<h5><span>Citi\u021bi \u0219i<\/span><\/h5>\n<h5><a href=\"https:\/\/www.digi24.ro\/Stiri\/Digi24\/Actualitate\/Politica\/Liberalii+bat+pasul+pe+loc+cu+motiunea+de+cenzura\" data-skip-linkfix=\"1\"><span>Liberalii bat pasul pe loc cu mo\u021biunea de cenzur\u0103<\/span><\/a><\/h5>\n<h5><a href=\"https:\/\/www.digi24.ro\/Stiri\/Digi24\/Actualitate\/Politica\/Klaus+Iohannis+bilant+la+100+de+zile+de+mandat+Eu+nu+ma+joc+cu+l\" data-skip-linkfix=\"1\"><span>Klaus Iohannis:\u00a0Nu am de g\u00e2nd s\u0103 preiau rolul opozi\u021biei<\/span><\/a><\/h5>\n<\/div>\n<p> Source URL: https:\/\/www.digi24.ro\/stiri\/actualitate\/politica\/marian-petrache-sanatatea-si-educatia-urmatoarele-teme-pentru-care-presedintele-iohannis-va-cauta-consens-376496<\/p>\n","protected":false},"excerpt":{"rendered":"<p>Marian Petrache a spus c\u0103 sunt dou\u0103 pozi\u021bion\u0103ri clare \u00een politica rom\u00e2neasc\u0103 \u00een ceea ce prive\u0219te justi\u021bia: de acord cu toate cererile justi\u021biei f\u0103cute \u00een Parlament \u0219i \u00eempotriva acestor cereri. Acest lucru i-ar face reticen\u021bi pe liberali \u00een formarea unei majorit\u0103\u021bi parlamentare cu alte partide sau cu al\u021bi parlamentari. \u201eMotiv pentru care e greu s\u0103 [&hellip;]<\/p>\n","protected":false},"author":1,"featured_media":183704,"comment_status":"open","ping_status":"","sticky":false,"template":"","format":"standard","meta":{"footnotes":""},"categories":[2],"tags":[11],"class_list":["post-183703","post","type-post","status-publish","format-standard","has-post-thumbnail","hentry","category-politics","tag-digi24"],"_links":{"self":[{"href":"https:\/\/analyse.optim.biz\/index.php?rest_route=\/wp\/v2\/posts\/183703","targetHints":{"allow":["GET"]}}],"collection":[{"href":"https:\/\/analyse.optim.biz\/index.php?rest_route=\/wp\/v2\/posts"}],"about":[{"href":"https:\/\/analyse.optim.biz\/index.php?rest_route=\/wp\/v2\/types\/post"}],"author":[{"embeddable":true,"href":"https:\/\/analyse.optim.biz\/index.php?rest_route=\/wp\/v2\/users\/1"}],"replies":[{"embeddable":true,"href":"https:\/\/analyse.optim.biz\/index.php?rest_route=%2Fwp%2Fv2%2Fcomments&post=183703"}],"version-history":[{"count":0,"href":"https:\/\/analyse.optim.biz\/index.php?rest_route=\/wp\/v2\/posts\/183703\/revisions"}],"wp:featuredmedia":[{"embeddable":true,"href":"https:\/\/analyse.optim.biz\/index.php?rest_route=\/wp\/v2\/media\/183704"}],"wp:attachment":[{"href":"https:\/\/analyse.optim.biz\/index.php?rest_route=%2Fwp%2Fv2%2Fmedia&parent=183703"}],"wp:term":[{"taxonomy":"category","embeddable":true,"href":"https:\/\/analyse.optim.biz\/index.php?rest_route=%2Fwp%2Fv2%2Fcategories&post=183703"},{"taxonomy":"post_tag","embeddable":true,"href":"https:\/\/analyse.optim.biz\/index.php?rest_route=%2Fwp%2Fv2%2Ftags&post=183703"}],"curies":[{"name":"wp","href":"https:\/\/api.w.org\/{rel}","templated":true}]}}