{"id":183692,"date":"2015-04-06T00:16:57","date_gmt":"2015-04-05T21:16:57","guid":{"rendered":"https:\/\/analyse.optim.biz\/?p=183692"},"modified":"2015-04-06T00:16:57","modified_gmt":"2015-04-05T21:16:57","slug":"secretarul-general-al-pnl-despre-acuzatiile-psd-la-adresa-lui-catalin-predoiu-ne-a-spus-sa-stam-linistiti","status":"publish","type":"post","link":"https:\/\/analyse.optim.biz\/?p=183692","title":{"rendered":"Secretarul general al PNL, despre acuza\u021biile PSD la adresa lui C\u0103t\u0103lin Predoiu: Ne-a spus s\u0103 st\u0103m lini\u0219ti\u021bi"},"content":{"rendered":"<div class=\"entry data-app-meta data-app-meta-article\" data-embed-base-url-canonical=\"https:\/\/www.digi24.ro\/embed\/stiri\/actualitate\/politica\/secretarul-general-al-pnl-despre-acuzatiile-psd-la-adresa-lui-catalin-predoiu-ne-a-spus-sa-stam-linistiti-376509\">\n<p data-index=\"1\">Secretarul general al PNL consider\u0103 c\u0103 prim-vicepre\u0219edintele partidului, C\u0103t\u0103lin Predoiu, nu este afectat de scandalul \u00een care este implicat George Scutaru. C\u0103t\u0103lin Predoiu a candidat \u00een 2008 la Buz\u0103u, iar PSD \u00eel acuz\u0103 c\u0103 s-a folosit de banii pe care i-ar fi primit ca mit\u0103 fostul consilier preziden\u021bial George Scutaru.<\/p>\n<p data-index=\"2\">\u201e<span>Am discutat cu domnul Predoiu imediat ce au ap\u0103rut aceste informa\u021bii \u0219i l-am \u00eentrebat mai mul\u021bi dintre noi. Ne-a spus la to\u021bi acela\u0219i lucru, c\u0103 nu are niciun fel de probleme, s\u0103 fim lini\u0219ti\u021bi\u201d, a spus Marian Petrache, \u00een emisiunea Km0, de la Digi24.<\/span><\/p>\n<p data-index=\"3\">\u201e<span>Eu nu pot \u0219i nici nu vreau s\u0103 fiu ipocrit. Cred c\u0103 exist\u0103 aceast\u0103 suspiciune pe to\u021bi cei care au f\u0103cut politic\u0103 \u00een aceast\u0103 perioad\u0103 \u0219i, mai ales, au f\u0103cut politic\u0103 la nivel \u00eenalt. Dar \u00een acela\u0219i timp nu putem s\u0103 generaliz\u0103m c\u0103 to\u021bi oamenii politici din aceast\u0103 perioad\u0103 au f\u0103cut aceste gre\u0219eli. Motiv pentru care eu cred \u00een oameni, cred c\u0103 fiecare trebuie s\u0103-\u0219i duc\u0103 crucea lui \u0219i ar fi onest din partea oric\u0103ruia dintre noi, dac\u0103 \u0219tie c\u0103 are o problem\u0103 \u2013 a\u0219a cum cred c\u0103 a f\u0103cut George (Scutaru \u2013 n.r.) \u2013 s\u0103 fac\u0103 un pas \u00eenapoi de dragul echipei. Pentru c\u0103 un partid \u00eenseamn\u0103 o echip\u0103 \u0219i e p\u0103cat ca un om s\u0103 murd\u0103reasc\u0103 echipa\u201d, a ad\u0103ugat el.<\/span><\/p>\n<p data-index=\"4\"><a href=\"https:\/\/www.digi24.ro\/Stiri\/Digi24\/Actualitate\/Justitie\/George+Scutaru+la+DNA\" data-skip-linkfix=\"1\">George Scutaru este urm\u0103rit penal<\/a>\u00a0pentru complicitate la luare de mit\u0103 \u0219i sp\u0103lare de bani.<\/p>\n<h5><span>Citi\u021bi \u0219i<\/span><\/h5>\n<h5><a href=\"https:\/\/www.digi24.ro\/Stiri\/Digi24\/Actualitate\/Politica\/Gabriela+Firea+ii+solicita+din+nou+lui+Catalin+Predoiu+sa+se+ret\" data-skip-linkfix=\"1\"><span>Gabriela Firea \u00eei solicit\u0103 din nou lui C\u0103t\u0103lin Predoiu s\u0103 se retrag\u0103 din toate func\u021biile politice<\/span><\/a><\/h5>\n<h5><a href=\"https:\/\/www.digi24.ro\/Stiri\/Digi24\/Actualitate\/Politica\/PSD+cere+demisia+lui+Catalin+Predoiu+Trebuie+sa+isi+asume+partic\" data-skip-linkfix=\"1\"><span>C\u0103t\u0103lin Predoiu reac\u021bioneaz\u0103 dup\u0103 ce PSD i-a cerut s\u0103 demisioneze: Resping solicitarea obraznic\u0103 a lui Victor Ponta<\/span><\/a><\/h5>\n<\/div>\n<p> Source URL: https:\/\/www.digi24.ro\/stiri\/actualitate\/politica\/secretarul-general-al-pnl-despre-acuzatiile-psd-la-adresa-lui-catalin-predoiu-ne-a-spus-sa-stam-linistiti-376509<\/p>\n","protected":false},"excerpt":{"rendered":"<p>Secretarul general al PNL consider\u0103 c\u0103 prim-vicepre\u0219edintele partidului, C\u0103t\u0103lin Predoiu, nu este afectat de scandalul \u00een care este implicat George Scutaru. C\u0103t\u0103lin Predoiu a candidat \u00een 2008 la Buz\u0103u, iar PSD \u00eel acuz\u0103 c\u0103 s-a folosit de banii pe care i-ar fi primit ca mit\u0103 fostul consilier preziden\u021bial George Scutaru. \u201eAm discutat cu domnul Predoiu [&hellip;]<\/p>\n","protected":false},"author":1,"featured_media":183693,"comment_status":"open","ping_status":"","sticky":false,"template":"","format":"standard","meta":{"footnotes":""},"categories":[2],"tags":[11],"class_list":["post-183692","post","type-post","status-publish","format-standard","has-post-thumbnail","hentry","category-politics","tag-digi24"],"_links":{"self":[{"href":"https:\/\/analyse.optim.biz\/index.php?rest_route=\/wp\/v2\/posts\/183692","targetHints":{"allow":["GET"]}}],"collection":[{"href":"https:\/\/analyse.optim.biz\/index.php?rest_route=\/wp\/v2\/posts"}],"about":[{"href":"https:\/\/analyse.optim.biz\/index.php?rest_route=\/wp\/v2\/types\/post"}],"author":[{"embeddable":true,"href":"https:\/\/analyse.optim.biz\/index.php?rest_route=\/wp\/v2\/users\/1"}],"replies":[{"embeddable":true,"href":"https:\/\/analyse.optim.biz\/index.php?rest_route=%2Fwp%2Fv2%2Fcomments&post=183692"}],"version-history":[{"count":0,"href":"https:\/\/analyse.optim.biz\/index.php?rest_route=\/wp\/v2\/posts\/183692\/revisions"}],"wp:featuredmedia":[{"embeddable":true,"href":"https:\/\/analyse.optim.biz\/index.php?rest_route=\/wp\/v2\/media\/183693"}],"wp:attachment":[{"href":"https:\/\/analyse.optim.biz\/index.php?rest_route=%2Fwp%2Fv2%2Fmedia&parent=183692"}],"wp:term":[{"taxonomy":"category","embeddable":true,"href":"https:\/\/analyse.optim.biz\/index.php?rest_route=%2Fwp%2Fv2%2Fcategories&post=183692"},{"taxonomy":"post_tag","embeddable":true,"href":"https:\/\/analyse.optim.biz\/index.php?rest_route=%2Fwp%2Fv2%2Ftags&post=183692"}],"curies":[{"name":"wp","href":"https:\/\/api.w.org\/{rel}","templated":true}]}}