{"id":1836466,"date":"2026-03-17T14:22:18","date_gmt":"2026-03-17T11:22:18","guid":{"rendered":"https:\/\/analyse.optim.biz\/?p=1836466"},"modified":"2026-03-17T14:22:18","modified_gmt":"2026-03-17T11:22:18","slug":"timisoara-incep-lucrarile-in-zona-traian-santierul-se-va-desfasura-in-sase-etape","status":"publish","type":"post","link":"https:\/\/analyse.optim.biz\/?p=1836466","title":{"rendered":"Timisoara: Incep lucrarile in zona Traian. Santierul se va desfasura in sase etape"},"content":{"rendered":"<p>[analyse_image type=&#8221;featured&#8221; src=&#8221;https:\/\/www.banatulmeu.ro\/wp-content\/uploads\/2026\/03\/intalnire-traian-6-scaled-e1773757311632.jpg&#8221;]<\/p>\n<div class=\"post-content-bd\">\n<p>Prim\u0103ria Timi\u0219oara a anun\u021bat demararea lucr\u0103rilor de regenerare urban\u0103 \u00een cartierul Fabric, \u00een zona Traian, un proiect amplu care vizeaz\u0103 modernizarea a aproximativ 57.000 de metri p\u0103tra\u021bi de spa\u021biu public. Lucr\u0103rile au \u00eenceput deja, dup\u0103 emiterea ordinului de \u00eencepere, constructorul ocup\u00e2ndu-se de organizarea \u0219antierului \u00een Pia\u021ba Aurel Vlaicu.<span class=\"Apple-converted-space\">\u00a0<\/span><\/p>\n<p>Lucr\u0103rile vor avea loc \u00een mai multe puncte-cheie: Pia\u021ba Traian, Pia\u021ba Romanilor, strada Dacilor \u0219i strada Gheorghe Marinescu. Autorit\u0103\u021bile locale au prezentat planul etapizat locuitorilor \u0219i antreprenorilor din zon\u0103, \u00een cadrul unei \u00eent\u00e2lniri la care au participat viceprimarii Ruben La\u021bc\u0103u \u0219i Paula Romocean, al\u0103turi de echipa tehnic\u0103 a prim\u0103riei \u0219i reprezentan\u021bii constructorului.<span class=\"Apple-converted-space\">\u00a0<\/span><\/p>\n<p>\u201e<em>Avem 3 priorit\u0103\u021bi clare: s\u0103 garant\u0103m accesul pentru situa\u021bii de urgen\u021b\u0103, s\u0103 asigur\u0103m accesul riveranilor \u0219i s\u0103 permitem antreprenorilor s\u0103 \u00ee\u0219i continue activitatea f\u0103r\u0103 blocaje majore. Am cerut constructorului un ritm sus\u021binut \u0219i zone ample de lucru pentru c\u0103 experien\u021ba ne-a ar\u0103tat c\u0103 restric\u021biile pe tronsoane mici prelungesc disconfortul tuturor \u0219i graficul de finalizare al investi\u021biei. Vom \u00eencepe pe 4 fronturi, vom monitoriza \u0219antierul \u0219i vom ajusta organizarea lucr\u0103rilor unde este nevoie, astfel \u00eenc\u00e2t s\u0103 men\u021binem ritmul \u0219i calitatea<\/em>\u201d, a declarat viceprimarul Ruben La\u021bc\u0103u.<span class=\"Apple-converted-space\">\u00a0<\/span><\/p>\n<p>\u201e<em>Am v\u0103zut cu to\u021bii ce s-a \u00eent\u00e2mplat \u00een centrul istoric dup\u0103 reabilitare \u2013 afacerile din zon\u0103 au crescut, iar spa\u021biul public a revenit la via\u021b\u0103. \u00cen\u021belegem c\u0103 lucr\u0103rile \u00eenseamn\u0103 un disconfort pentru to\u021bi cei care locuiesc sau \u00ee\u0219i desf\u0103\u0219oar\u0103 activitatea \u00een zona Traian, dar obiectivul este clar \u2013 o zon\u0103 revitalizat\u0103, cu mai multe oportunit\u0103\u021bi pentru comunitate \u0219i pentru mediul de afaceri<\/em>\u201d, a declarat viceprimarul Paula Romocean.<span class=\"Apple-converted-space\">\u00a0<\/span><\/p>\n<p>Proiectul are o durat\u0103 estimat\u0103 de 24 de luni \u0219i va fi implementat \u00een \u0219ase etape, fiecare cu o durat\u0103 de aproximativ patru luni.\u00a0 Caracterul istoric al zonei \u0219i lucr\u0103rile de \u00eenlocuire a re\u021belelor edilitare pot genera \u00eent\u00e2rzieri punctuale, \u00een cazul descoperirii unor vestigii arheologice. De asemenea, municipalitatea va anun\u021ba din timp restric\u021biile de circula\u021bie \u0219i modific\u0103rile pentru transportul public, dup\u0103 ce acestea au fost avizate.<\/p>\n<p><strong>\u00cen prima etap\u0103<\/strong>, \u00eencep lucr\u0103rile pe str\u0103zile Dacilor \u0219i \u0218tefan cel Mare, \u00een Pia\u021ba Traian \u0219i Pia\u021ba Romanilor, precum \u0219i \u00een zona Sinagogii Fabric (Episcop Joseph Nischbach \u0219i Episcop Joseph Lonovici).<\/p>\n<p><strong>Etapa a doua <\/strong>extinde interven\u021biile pe strada Z\u0103voi, \u00een Pia\u021ba Petru Rare\u0219 \u0219i Pia\u021ba Corneliu Miclo\u0219i.<\/p>\n<p><strong>\u00cen etapa a treia, <\/strong>investi\u021bia continu\u0103 \u00een Pia\u021ba Traian \u0219i Pia\u021ba Corneliu Miclo\u0219i \u0219i \u00eencep lucr\u0103rile pe bulevardul 3 August 1919 \u0219i strada Ion Mihalache.<\/p>\n<p><strong>\u00cen a patra etap\u0103<\/strong> sunt programate lucr\u0103ri \u00een Pia\u021ba Traian, Pia\u021ba Corneliu Miclo\u0219i, pe bulevardul 3 August 1919, strada Ion Mihalache \u0219i \u00een zona din spatele Bisericii Ortodoxe S\u00e2rbe (str. Costache Negruzzi, Ecaterina Teodoroiu \u0219i Petre Ispirescu).<\/p>\n<p><strong>\u00cen a cincea etap\u0103<\/strong> sunt programate lucr\u0103ri \u00een Pia\u021ba Traian, pe bulevardul 3 August 1919, strada Ion Mihalache \u0219i \u00een zona Bisericii Ortodoxe S\u00e2rbe. Totodat\u0103, lucr\u0103rile se extind \u0219i pe str\u0103zile Anton Pann \u0219i Constantin Titel Petrescu.<\/p>\n<p><strong>\u00cen a \u0219asea etap\u0103<\/strong> sunt programate lucr\u0103ri pe str\u0103zile Costache Negruzzi, Ecaterina Teodoroiu, Petre Ispirescu, Anton Pann \u0219i Constantin Titel Petrescu.<\/p>\n<p>Prin aceast\u0103 investi\u021bie, administra\u021bia local\u0103 \u00ee\u0219i propune revitalizarea uneia dintre cele mai importante zone istorice ale ora\u0219ului, cu beneficii at\u00e2t pentru locuitori, c\u00e2t \u0219i pentru mediul de afaceri.<\/p>\n<\/div>\n<p>[analyse_source url=&#8221;https:\/\/www.banatulmeu.ro\/timisoara-incep-lucrarile-in-zona-traian-santierul-se-va-desfasura-in-sase-etape\/&#8221;]<\/p>\n","protected":false},"excerpt":{"rendered":"<p>[analyse_image type=&#8221;featured&#8221; src=&#8221;https:\/\/www.banatulmeu.ro\/wp-content\/uploads\/2026\/03\/intalnire-traian-6-scaled-e1773757311632.jpg&#8221;] Prim\u0103ria Timi\u0219oara a anun\u021bat demararea lucr\u0103rilor de regenerare urban\u0103 \u00een cartierul Fabric, \u00een zona Traian, un proiect amplu care vizeaz\u0103 modernizarea a aproximativ 57.000 de metri p\u0103tra\u021bi de spa\u021biu public. Lucr\u0103rile au \u00eenceput deja, dup\u0103 emiterea ordinului de \u00eencepere, constructorul ocup\u00e2ndu-se de organizarea \u0219antierului \u00een Pia\u021ba Aurel Vlaicu.\u00a0 Lucr\u0103rile vor avea loc [&hellip;]<\/p>\n","protected":false},"author":1,"featured_media":0,"comment_status":"open","ping_status":"","sticky":false,"template":"","format":"standard","meta":{"footnotes":""},"categories":[89],"tags":[204,226],"class_list":["post-1836466","post","type-post","status-publish","format-standard","hentry","category-romania","tag-banatulmeu-ro","tag-crawlmanager"],"_links":{"self":[{"href":"https:\/\/analyse.optim.biz\/index.php?rest_route=\/wp\/v2\/posts\/1836466","targetHints":{"allow":["GET"]}}],"collection":[{"href":"https:\/\/analyse.optim.biz\/index.php?rest_route=\/wp\/v2\/posts"}],"about":[{"href":"https:\/\/analyse.optim.biz\/index.php?rest_route=\/wp\/v2\/types\/post"}],"author":[{"embeddable":true,"href":"https:\/\/analyse.optim.biz\/index.php?rest_route=\/wp\/v2\/users\/1"}],"replies":[{"embeddable":true,"href":"https:\/\/analyse.optim.biz\/index.php?rest_route=%2Fwp%2Fv2%2Fcomments&post=1836466"}],"version-history":[{"count":0,"href":"https:\/\/analyse.optim.biz\/index.php?rest_route=\/wp\/v2\/posts\/1836466\/revisions"}],"wp:attachment":[{"href":"https:\/\/analyse.optim.biz\/index.php?rest_route=%2Fwp%2Fv2%2Fmedia&parent=1836466"}],"wp:term":[{"taxonomy":"category","embeddable":true,"href":"https:\/\/analyse.optim.biz\/index.php?rest_route=%2Fwp%2Fv2%2Fcategories&post=1836466"},{"taxonomy":"post_tag","embeddable":true,"href":"https:\/\/analyse.optim.biz\/index.php?rest_route=%2Fwp%2Fv2%2Ftags&post=1836466"}],"curies":[{"name":"wp","href":"https:\/\/api.w.org\/{rel}","templated":true}]}}