{"id":1836454,"date":"2026-03-19T08:42:49","date_gmt":"2026-03-19T05:42:49","guid":{"rendered":"https:\/\/analyse.optim.biz\/?p=1836454"},"modified":"2026-03-19T08:42:49","modified_gmt":"2026-03-19T05:42:49","slug":"lucrarile-la-noul-drum-care-va-lega-sag-de-sanmihaiu-roman-finalizate-intr-o-luna","status":"publish","type":"post","link":"https:\/\/analyse.optim.biz\/?p=1836454","title":{"rendered":"Lucr\u0103rile la noul drum care va lega \u0218ag de S\u00e2nmihaiu Rom\u00e2n, finalizate \u00eentr-o lun\u0103"},"content":{"rendered":"<p>[analyse_image type=&#8221;featured&#8221; src=&#8221;http:\/\/www.banatulmeu.ro\/wp-content\/uploads\/2026\/03\/drum-sag-sanmihaiu-roman.png&#8221;]<\/p>\n<div class=\"post-content-bd\">\n<p>Ve\u0219ti bune pentru \u0219oferi! P\u00e2n\u0103 la \u00eenceputul lunii mai, sunt \u0219anse s\u0103 fie dat \u00een circula\u021bie noul drum care va lega comuna \u0218ag de S\u00e2nmihaiu Rom\u00e2n.<\/p>\n<p><em>\u201eSuntem pe \u0219oseaua ce leag\u0103 comuna \u0218ag de S\u00e2nmihaiu Rom\u00e2n. Ne apropiem de momentul deschiderii acestui drum. Acum se toarn\u0103 stratul de uzur\u0103 \u0219i se lucreaz\u0103 la trecerile la nivel de cale ferat\u0103. Urmeaz\u0103 montarea parape\u021bilor, lucr\u0103rile de semnalizare \u0219i marcare, precum \u0219i finalizarea celor dou\u0103 sensuri giratorii, cel de la \u0218ag \u0219i cel de la S\u00e2nmihaiu Rom\u00e2n. Ne dorim ca p\u00e2n\u0103 la \u00eenceputul lunii mai s\u0103 putem circula deja pe aici\u201d<\/em>, a afirmat Alfred Simonis, pre\u0219edintele Consiliului Jude\u021bean Timi\u0219.<\/p>\n<p>Noua \u0219osea are o lungime de \u0219ase kilometri \u0219i reprezint\u0103 o alternativ\u0103 la tranzitarea Timi\u0219oarei.<\/p>\n<p><em>\u201e\u00cenchidem, astfel, \u00eenc\u0103 o verig\u0103 lipsa din re\u021beaua periurban\u0103, un tronson al centurii mici a ora\u0219ului \u0219i oferim o rut\u0103 nou\u0103 pentru traficul local \u0219i de tranzit. Practic, contribuim la fluidizarea circula\u021biei \u00een ora\u0219, scoatem o parte din traficul din municipiu, conect\u0103m comunele periurbane \u0219i reducem timpii de deplasare. Odat\u0103 cu deschiderea acestei \u0219osele, va fi mai simplu de ajuns, de exemplu, de la \u0218ag la S\u00e2nandrei, din localitatile din sudul ora\u0219ului \u00een cele din nord, folosind exclusiv drumuri jude\u021bene<\/em>\u201d, a declarat Alfred Simonis.<\/p>\n<p>Finan\u021barea lucr\u0103rilor a fost asigurat\u0103 prin Programul Anghel Saligny, cu cofinan\u021bare din bugetul Consiliului Jude\u021bean Timi\u0219.<\/p>\n<\/div>\n<p>[analyse_source url=&#8221;https:\/\/www.banatulmeu.ro\/lucrarile-la-noul-drum-care-va-lega-sag-de-sanmihaiu-roman-finalizate-intr-o-luna\/&#8221;]<\/p>\n","protected":false},"excerpt":{"rendered":"<p>[analyse_image type=&#8221;featured&#8221; src=&#8221;http:\/\/www.banatulmeu.ro\/wp-content\/uploads\/2026\/03\/drum-sag-sanmihaiu-roman.png&#8221;] Ve\u0219ti bune pentru \u0219oferi! P\u00e2n\u0103 la \u00eenceputul lunii mai, sunt \u0219anse s\u0103 fie dat \u00een circula\u021bie noul drum care va lega comuna \u0218ag de S\u00e2nmihaiu Rom\u00e2n. \u201eSuntem pe \u0219oseaua ce leag\u0103 comuna \u0218ag de S\u00e2nmihaiu Rom\u00e2n. Ne apropiem de momentul deschiderii acestui drum. Acum se toarn\u0103 stratul de uzur\u0103 \u0219i se lucreaz\u0103 [&hellip;]<\/p>\n","protected":false},"author":1,"featured_media":0,"comment_status":"open","ping_status":"","sticky":false,"template":"","format":"standard","meta":{"footnotes":""},"categories":[89],"tags":[204,226],"class_list":["post-1836454","post","type-post","status-publish","format-standard","hentry","category-romania","tag-banatulmeu-ro","tag-crawlmanager"],"_links":{"self":[{"href":"https:\/\/analyse.optim.biz\/index.php?rest_route=\/wp\/v2\/posts\/1836454","targetHints":{"allow":["GET"]}}],"collection":[{"href":"https:\/\/analyse.optim.biz\/index.php?rest_route=\/wp\/v2\/posts"}],"about":[{"href":"https:\/\/analyse.optim.biz\/index.php?rest_route=\/wp\/v2\/types\/post"}],"author":[{"embeddable":true,"href":"https:\/\/analyse.optim.biz\/index.php?rest_route=\/wp\/v2\/users\/1"}],"replies":[{"embeddable":true,"href":"https:\/\/analyse.optim.biz\/index.php?rest_route=%2Fwp%2Fv2%2Fcomments&post=1836454"}],"version-history":[{"count":0,"href":"https:\/\/analyse.optim.biz\/index.php?rest_route=\/wp\/v2\/posts\/1836454\/revisions"}],"wp:attachment":[{"href":"https:\/\/analyse.optim.biz\/index.php?rest_route=%2Fwp%2Fv2%2Fmedia&parent=1836454"}],"wp:term":[{"taxonomy":"category","embeddable":true,"href":"https:\/\/analyse.optim.biz\/index.php?rest_route=%2Fwp%2Fv2%2Fcategories&post=1836454"},{"taxonomy":"post_tag","embeddable":true,"href":"https:\/\/analyse.optim.biz\/index.php?rest_route=%2Fwp%2Fv2%2Ftags&post=1836454"}],"curies":[{"name":"wp","href":"https:\/\/api.w.org\/{rel}","templated":true}]}}