{"id":1836453,"date":"2026-03-18T15:10:12","date_gmt":"2026-03-18T12:10:12","guid":{"rendered":"https:\/\/analyse.optim.biz\/?p=1836453"},"modified":"2026-03-18T15:10:12","modified_gmt":"2026-03-18T12:10:12","slug":"timis-focar-de-pesta-porcina-africana-confirmat-intr-o-exploatatie-nonprofesionala-din-checea","status":"publish","type":"post","link":"https:\/\/analyse.optim.biz\/?p=1836453","title":{"rendered":"Timi\u0219: Focar de pest\u0103 porcin\u0103 african\u0103, confirmat \u00eentr-o exploata\u021bie nonprofesional\u0103 din Checea"},"content":{"rendered":"<p>[analyse_image type=&#8221;featured&#8221; src=&#8221;http:\/\/www.banatulmeu.ro\/wp-content\/uploads\/2021\/04\/7387B491-85DB-41C1-BA79-EEDFCC4F6002.jpeg&#8221;]<\/p>\n<div class=\"post-content-bd\">\n<p>Pesta porcin\u0103 african\u0103, din nou, \u00een jude\u021bul Timi\u0219. Direc\u021bia Sanitar\u0103 Veterinar\u0103 \u0219i pentru Siguran\u021ba Alimentelor Timi\u0219 informeaz\u0103 c\u0103 mar\u021bi, 17 martie, a fost confirmat un focar de pest\u0103 porcin\u0103 african\u0103 \u00eentr-o exploata\u021bie nonprofesional\u0103 la porcii domestici din localitatea Checea. Dup\u0103 confirmarea focarului, a fost convocat\u0103 \u0219edin\u021ba cu to\u021bi membrii Centrului Local de Combatere al Bolilor Timi\u0219, unde au fost dispuse m\u0103suri pentru prevenirea r\u0103sp\u00e2ndirii bolii.<\/p>\n<p>\u201e<em>Pentru protejarea perimetrului contaminat, \u00een vederea evit\u0103rii r\u0103sp\u00e2ndirii virusului Pestei Porcine Africane au fost stabilite zonele de protec\u0163ie \u015fi supraveghere de 3 \u015fi respectiv 10 km din jurul focarului de pest\u0103 porcin\u0103 african\u0103 \u0219i anume: <\/em><em>Zona de protec\u021bie (0-3 km) \u2013 <\/em>localitatea: Checea <em>\u0219i exploata\u021biile comerciale de suine respectiv\u00a0 SC SUIN GRUP, SC TIM SUIN \u0219i SC TOP SUIN; <\/em><em>\u00a0Zona de supraveghere (3-10 km) \u2013 urm\u0103toarele localit\u0103\u021bi: \u2013 <\/em><em>Cenei<\/em><em>,<\/em><em> Bobda, Beregs\u0103u Mic, C\u0103rpini\u0219, Iecea Mic\u0103, Jimbolia, Clarii Vii \u0219i exploata\u021biile comerciale suine, apar\u021bin\u00e2nd SC COMTIM ROM\u00c2NIA SRL, ferma Cenei, Jimbolia 2, respectiv SC PROD SUIN (ferma Iecea Mare 2), FV 79 Pustini\u0219, FV 76 Bobda, FV 80 Lnauheim \u0219i FV 82 Jimbolia<\/em>\u201d, a informat DSVSA Timi\u0219.<\/p>\n<p>Mi\u0219carea animalelor din zona de protec\u0163ie este restric\u0163ionat\u0103 astfel: deplasarea \u0219i transportul porcilor pe drumuri publice sau private sunt interzise, cu excep\u0163ia cazului \u00een care sunt avizate de autoritatea veterinar\u0103 local\u0103; aceast\u0103 interdic\u0163ie nu trebuie aplicat\u0103 tranzitului porcilor pe \u0219osea sau pe calea ferat\u0103 dac\u0103 tranzitul se face f\u0103r\u0103 desc\u0103rcare sau oprire; poate fi acordat\u0103 o derogare \u00een cazul porcilor destina\u0163i t\u0103ierii, care provin din exteriorul zonei de protec\u0163ie \u0219i se \u00eendreapt\u0103 spre un abator situat \u00een zona men\u0163ionat\u0103 anterior pentru t\u0103iere imediat\u0103; niciun animal domestic nu poate intra sau p\u0103r\u0103si o exploata\u0163ie f\u0103r\u0103 autorizarea autorit\u0103\u0163ii veterinare locale; animalele din zona de protec\u0163ie sunt supuse supravegherii clinice cu echipe constituite din medici veterinari oficiali \u00een fiecare echip\u0103 \u0219i \/ sau personal auxiliar; echipele de inspec\u0163ie vor fi suplimentate \u00een func\u0163ie de necesitate, cu reprezentan\u0163i ai ULS, personal auxiliar \u0219i medici veterinari oficiali.<\/p>\n<p>Mi\u0219carea animalelor din zona de supraveghere este restric\u0163ionat\u0103 astfel: deplasarea \u0219i transportul porcilor pe drumuri publice sau private sunt interzise, cu excep\u0163ia cazului \u00een care sunt avizate de autoritatea veterinar\u0103 local\u0103; aceast\u0103 interdic\u0163ie nu trebuie aplicat\u0103 tranzitului porcilor pe \u0219osea sau pe calea ferat\u0103 dac\u0103 tranzitul se face f\u0103r\u0103 desc\u0103rcare sau oprire; poate fi acordat\u0103 o derogare \u00een cazul porcilor destina\u0163i t\u0103ierii, care provin din exteriorul zonei de protec\u0163ie \u0219i se \u00eendreapt\u0103 spre un abator situat \u00een zona men\u0163ionat\u0103 anterior pentru t\u0103iere imediat\u0103; niciun animal domestic nu poate intra sau ie\u0219i dintr-o exploata\u0163ie \u00een cursul primelor \u0219apte zile f\u0103r\u0103 autorizarea autorit\u0103\u0163ii veterinare locale.<\/p>\n<\/div>\n<p>[analyse_source url=&#8221;https:\/\/www.banatulmeu.ro\/timis-focar-de-pesta-porcina-africana-confirmat-intr-o-exploatatie-nonprofesionala-din-checea\/&#8221;]<\/p>\n","protected":false},"excerpt":{"rendered":"<p>[analyse_image type=&#8221;featured&#8221; src=&#8221;http:\/\/www.banatulmeu.ro\/wp-content\/uploads\/2021\/04\/7387B491-85DB-41C1-BA79-EEDFCC4F6002.jpeg&#8221;] Pesta porcin\u0103 african\u0103, din nou, \u00een jude\u021bul Timi\u0219. Direc\u021bia Sanitar\u0103 Veterinar\u0103 \u0219i pentru Siguran\u021ba Alimentelor Timi\u0219 informeaz\u0103 c\u0103 mar\u021bi, 17 martie, a fost confirmat un focar de pest\u0103 porcin\u0103 african\u0103 \u00eentr-o exploata\u021bie nonprofesional\u0103 la porcii domestici din localitatea Checea. Dup\u0103 confirmarea focarului, a fost convocat\u0103 \u0219edin\u021ba cu to\u021bi membrii Centrului Local de [&hellip;]<\/p>\n","protected":false},"author":1,"featured_media":0,"comment_status":"open","ping_status":"","sticky":false,"template":"","format":"standard","meta":{"footnotes":""},"categories":[89],"tags":[204,226],"class_list":["post-1836453","post","type-post","status-publish","format-standard","hentry","category-romania","tag-banatulmeu-ro","tag-crawlmanager"],"_links":{"self":[{"href":"https:\/\/analyse.optim.biz\/index.php?rest_route=\/wp\/v2\/posts\/1836453","targetHints":{"allow":["GET"]}}],"collection":[{"href":"https:\/\/analyse.optim.biz\/index.php?rest_route=\/wp\/v2\/posts"}],"about":[{"href":"https:\/\/analyse.optim.biz\/index.php?rest_route=\/wp\/v2\/types\/post"}],"author":[{"embeddable":true,"href":"https:\/\/analyse.optim.biz\/index.php?rest_route=\/wp\/v2\/users\/1"}],"replies":[{"embeddable":true,"href":"https:\/\/analyse.optim.biz\/index.php?rest_route=%2Fwp%2Fv2%2Fcomments&post=1836453"}],"version-history":[{"count":0,"href":"https:\/\/analyse.optim.biz\/index.php?rest_route=\/wp\/v2\/posts\/1836453\/revisions"}],"wp:attachment":[{"href":"https:\/\/analyse.optim.biz\/index.php?rest_route=%2Fwp%2Fv2%2Fmedia&parent=1836453"}],"wp:term":[{"taxonomy":"category","embeddable":true,"href":"https:\/\/analyse.optim.biz\/index.php?rest_route=%2Fwp%2Fv2%2Fcategories&post=1836453"},{"taxonomy":"post_tag","embeddable":true,"href":"https:\/\/analyse.optim.biz\/index.php?rest_route=%2Fwp%2Fv2%2Ftags&post=1836453"}],"curies":[{"name":"wp","href":"https:\/\/api.w.org\/{rel}","templated":true}]}}