{"id":1836451,"date":"2026-03-19T12:55:19","date_gmt":"2026-03-19T09:55:19","guid":{"rendered":"https:\/\/analyse.optim.biz\/?p=1836451"},"modified":"2026-03-19T12:55:19","modified_gmt":"2026-03-19T09:55:19","slug":"smtt-anunta-suplimentarea-tramvaielor-pe-liniile-5-si-9-din-30-martie","status":"publish","type":"post","link":"https:\/\/analyse.optim.biz\/?p=1836451","title":{"rendered":"SMTT anun\u021b\u0103 suplimentarea tramvaielor pe liniile 5 \u0219i 9, din 30 martie"},"content":{"rendered":"<p>[analyse_image type=&#8221;featured&#8221; src=&#8221;http:\/\/www.banatulmeu.ro\/wp-content\/uploads\/2026\/03\/IMG_3205.jpeg&#8221;]<\/p>\n<div class=\"post-content-bd\">\n<p data-pm-slice=\"1 1 []\">Societatea Metropolitan\u0103 de Transport Timi\u0219oara (SMTT) anun\u021b\u0103 m\u0103suri de suplimentare a transportului public, pentru cre\u0219terea \u0219i \u00eembun\u0103t\u0103\u021birii condi\u021biilor de deplasare pentru c\u0103l\u0103tori, \u00eencep\u00e2nd de luni 30 martie.<\/p>\n<p>Astfel, linia 5 de tramvai va fi suplimentat\u0103 cu o unitate\u00a0\u00een orele de v\u00e2rf. M\u0103sura se aplic\u0103 at\u00e2t \u00een zilele lucr\u0103toare din perioada cursurilor \u0219colare, c\u00e2t \u0219i \u00een zilele lucr\u0103toare din timpul vacan\u021belor.<\/p>\n<p>De asemenea, \u0219i linia 9 de tramvai va fi suplimentat\u0103 cu o unitate \u00een intervalele aglomerate, \u00een acelea\u0219i condi\u021bii de operare \u2013 at\u00e2t \u00een timpul anului \u0219colar, c\u00e2t \u0219i \u00een perioada vacan\u021belor.<\/p>\n<p>Reprezentan\u021bii SMTT precizeaz\u0103 c\u0103 noile grafice de circula\u021bie vor fi disponibile \u00eencep\u00e2nd cu data intr\u0103rii \u00een vigoare a modific\u0103rilor. C\u0103l\u0103torii vor putea consulta orarele actualizate \u00een sec\u021biunea dedicat\u0103 programelor de circula\u021bie de pe site-ul oficial <a href=\"http:\/\/www.stpt.ro\/\">www.stpt.ro<\/a>, precum \u0219i prin intermediul aplica\u021biei Google Maps.<\/p>\n<\/div>\n<p>[analyse_source url=&#8221;https:\/\/www.banatulmeu.ro\/smtt-anunta-suplimentarea-tramvaielor-pe-liniile-5-si-9-din-30-martie\/&#8221;]<\/p>\n","protected":false},"excerpt":{"rendered":"<p>[analyse_image type=&#8221;featured&#8221; src=&#8221;http:\/\/www.banatulmeu.ro\/wp-content\/uploads\/2026\/03\/IMG_3205.jpeg&#8221;] Societatea Metropolitan\u0103 de Transport Timi\u0219oara (SMTT) anun\u021b\u0103 m\u0103suri de suplimentare a transportului public, pentru cre\u0219terea \u0219i \u00eembun\u0103t\u0103\u021birii condi\u021biilor de deplasare pentru c\u0103l\u0103tori, \u00eencep\u00e2nd de luni 30 martie. Astfel, linia 5 de tramvai va fi suplimentat\u0103 cu o unitate\u00a0\u00een orele de v\u00e2rf. M\u0103sura se aplic\u0103 at\u00e2t \u00een zilele lucr\u0103toare din perioada cursurilor \u0219colare, [&hellip;]<\/p>\n","protected":false},"author":1,"featured_media":0,"comment_status":"open","ping_status":"","sticky":false,"template":"","format":"standard","meta":{"footnotes":""},"categories":[89],"tags":[204,226],"class_list":["post-1836451","post","type-post","status-publish","format-standard","hentry","category-romania","tag-banatulmeu-ro","tag-crawlmanager"],"_links":{"self":[{"href":"https:\/\/analyse.optim.biz\/index.php?rest_route=\/wp\/v2\/posts\/1836451","targetHints":{"allow":["GET"]}}],"collection":[{"href":"https:\/\/analyse.optim.biz\/index.php?rest_route=\/wp\/v2\/posts"}],"about":[{"href":"https:\/\/analyse.optim.biz\/index.php?rest_route=\/wp\/v2\/types\/post"}],"author":[{"embeddable":true,"href":"https:\/\/analyse.optim.biz\/index.php?rest_route=\/wp\/v2\/users\/1"}],"replies":[{"embeddable":true,"href":"https:\/\/analyse.optim.biz\/index.php?rest_route=%2Fwp%2Fv2%2Fcomments&post=1836451"}],"version-history":[{"count":0,"href":"https:\/\/analyse.optim.biz\/index.php?rest_route=\/wp\/v2\/posts\/1836451\/revisions"}],"wp:attachment":[{"href":"https:\/\/analyse.optim.biz\/index.php?rest_route=%2Fwp%2Fv2%2Fmedia&parent=1836451"}],"wp:term":[{"taxonomy":"category","embeddable":true,"href":"https:\/\/analyse.optim.biz\/index.php?rest_route=%2Fwp%2Fv2%2Fcategories&post=1836451"},{"taxonomy":"post_tag","embeddable":true,"href":"https:\/\/analyse.optim.biz\/index.php?rest_route=%2Fwp%2Fv2%2Ftags&post=1836451"}],"curies":[{"name":"wp","href":"https:\/\/api.w.org\/{rel}","templated":true}]}}