{"id":1836446,"date":"2026-03-19T16:08:23","date_gmt":"2026-03-19T13:08:23","guid":{"rendered":"https:\/\/analyse.optim.biz\/?p=1836446"},"modified":"2026-03-19T16:08:23","modified_gmt":"2026-03-19T13:08:23","slug":"scandal-in-timis-fost-presedinte-aur-prins-drogat-cu-cocaina-la-volan-la-10-dimineata","status":"publish","type":"post","link":"https:\/\/analyse.optim.biz\/?p=1836446","title":{"rendered":"SCANDAL in Timis! Fost presedinte AUR, prins drogat cu cocaina la volan, la 10 dimineata"},"content":{"rendered":"<p>[analyse_image type=&#8221;featured&#8221; src=&#8221;http:\/\/www.banatulmeu.ro\/wp-content\/uploads\/2026\/03\/IMG_3208-e1773933187177.jpeg&#8221;]<\/p>\n<div class=\"post-content-bd\">\n<p>Scene incredibile \u00een S\u0103c\u0103laz, jude\u021bul Timi\u0219. Un consilier local AUR, fostul pre\u0219edinte al organiza\u021biei S\u0103c\u0103laz, a fost oprit \u00een trafic de poli\u021bi\u0219ti, iar testul antidrog a indicat consum de cocain\u0103, chiar \u00een cursul dimine\u021bii.<\/p>\n<p>Este vorba despre consilierul local Adrian Lauren\u021biu Raita, care a fost tras pe dreapta joi, 19 martie, pentru un control de rutin\u0103. Oamenii legii au devenit suspicio\u0219i din cauza comportamentului acestuia \u0219i au decis s\u0103-l testeze.<\/p>\n<p>Rezultatul: pozitiv la cocain\u0103.<\/p>\n<p>\u00cen timp ce ancheta este \u00een desf\u0103\u0219urare, consilierul neag\u0103 totul. \u201c<em>Nu este adev\u0103rat. Eu nici m\u0103car nu sunt \u00een localitate. Asta este tot ce am de spus<\/em>\u201c, ne-a declarat consilierul local AUR S\u0103c\u0103laz, Adrian Lauren\u021biu Raita<\/p>\n<p>\u00centre timp, reac\u021biile din partid au explodat.<\/p>\n<p>\u201c<em>Doamne Dumnezeule, nu \u00eemi vine s\u0103 cred. Ce a\u0219 putea spune, ce p\u0103rere pot s\u0103 am, cred c\u0103 aceea\u0219i p\u0103rere pe care o ave\u021bi \u0219i dumneavoastr\u0103. Dac\u0103 se dovede\u0219te c\u0103 este adev\u0103rat este un lucru foarte grav pentru care nu putem avea toleran\u021b\u0103<\/em>\u201c, a spus coordonatorul AUR Timi\u0219, deputatul Mihai Negoescu.<\/p>\n<p>\u0218i mai dur a reac\u021bionat senatorul Titi Stoica: \u201c<em>Nu am \u0219tiut nimic, acum aud prima oar\u0103. Autorit\u0103\u021bile trebuie s\u0103-\u0219i fac\u0103 treaba. Noi ca partid suntem stric\u021bi \u00eempotriva consumului \u0219i traficului de droguri. Avem toleran\u021b\u0103 zero la astfel de lucruri. Noi nu suntem USR sau PSD s\u0103 ne ascundem gunoiul sub pre\u0219<\/em>\u201c.<\/p>\n<p>Declara\u021bii \u0219i mai incomode vin chiar din interiorul organiza\u021biei locale. Pre\u0219edintele AUR S\u0103c\u0103laz, Petre R\u0103u\u021b, sus\u021bine c\u0103 au existat zvonuri de mai mult timp.<\/p>\n<p>\u201c<em>Nu am o informa\u021bie oficial\u0103 \u00een privin\u021ba domnului consilier, \u00eens\u0103 am primit mai multe telefoane \u0219i \u00eentreb\u0103ri de la partid legate de acest subiect. Sincer nu am prea avut tangen\u021be cu consilierul nostru, a\u0219a c\u0103 nu pot s\u0103 \u0219tiu ce fel de om este. Pot spune \u00eens\u0103 c\u0103 am auzit de mai multe ori prin localitate c\u0103 ar avea probleme cu drogurile. El era cumva singur de\u0219i f\u0103cea parte din grupul nostru, nu venea la \u0219edin\u021be, participa doar online. Eu am informat \u0219i \u00een trecut conducerea partidului. Dac\u0103 este adev\u0103rat, trebuie s\u0103-\u0219i dea demisia, nu s\u0103-l exclud\u0103 cineva<\/em>\u201c, a spus pre\u0219edintele AUR S\u0103c\u0103laz, Petre R\u0103u\u021b.<\/p>\n<p>Surse din Poli\u021bia Timi\u0219 confirm\u0103 c\u0103 b\u0103rbatul a fost testat pozitiv \u0219i dus la spital pentru recoltarea de probe biologice, care vor stabili cu exactitate dac\u0103 a consumat substan\u021be interzise.<\/p>\n<p>\u00centrebarea fireasc\u0103 este cam c\u00e2te proiecte de lege au fost votate de consilierul local sub influen\u021ba drogurilor \u0219i c\u00e2te le-a votat cu mintea limpede? Indiferent de afinit\u0103\u021bile politice, lumea are dreptul s\u0103 cunoasc\u0103 adev\u0103rul despre cei pe care i-a votat.<\/p>\n<p>Ancheta continu\u0103.<\/p>\n<\/div>\n<p>[analyse_source url=&#8221;https:\/\/www.banatulmeu.ro\/scandal-in-timis-fost-presedinte-aur-prins-drogat-cu-cocaina-la-volan-la-10-dimineata\/&#8221;]<\/p>\n","protected":false},"excerpt":{"rendered":"<p>[analyse_image type=&#8221;featured&#8221; src=&#8221;http:\/\/www.banatulmeu.ro\/wp-content\/uploads\/2026\/03\/IMG_3208-e1773933187177.jpeg&#8221;] Scene incredibile \u00een S\u0103c\u0103laz, jude\u021bul Timi\u0219. Un consilier local AUR, fostul pre\u0219edinte al organiza\u021biei S\u0103c\u0103laz, a fost oprit \u00een trafic de poli\u021bi\u0219ti, iar testul antidrog a indicat consum de cocain\u0103, chiar \u00een cursul dimine\u021bii. Este vorba despre consilierul local Adrian Lauren\u021biu Raita, care a fost tras pe dreapta joi, 19 martie, pentru [&hellip;]<\/p>\n","protected":false},"author":1,"featured_media":0,"comment_status":"open","ping_status":"","sticky":false,"template":"","format":"standard","meta":{"footnotes":""},"categories":[89],"tags":[204,226],"class_list":["post-1836446","post","type-post","status-publish","format-standard","hentry","category-romania","tag-banatulmeu-ro","tag-crawlmanager"],"_links":{"self":[{"href":"https:\/\/analyse.optim.biz\/index.php?rest_route=\/wp\/v2\/posts\/1836446","targetHints":{"allow":["GET"]}}],"collection":[{"href":"https:\/\/analyse.optim.biz\/index.php?rest_route=\/wp\/v2\/posts"}],"about":[{"href":"https:\/\/analyse.optim.biz\/index.php?rest_route=\/wp\/v2\/types\/post"}],"author":[{"embeddable":true,"href":"https:\/\/analyse.optim.biz\/index.php?rest_route=\/wp\/v2\/users\/1"}],"replies":[{"embeddable":true,"href":"https:\/\/analyse.optim.biz\/index.php?rest_route=%2Fwp%2Fv2%2Fcomments&post=1836446"}],"version-history":[{"count":0,"href":"https:\/\/analyse.optim.biz\/index.php?rest_route=\/wp\/v2\/posts\/1836446\/revisions"}],"wp:attachment":[{"href":"https:\/\/analyse.optim.biz\/index.php?rest_route=%2Fwp%2Fv2%2Fmedia&parent=1836446"}],"wp:term":[{"taxonomy":"category","embeddable":true,"href":"https:\/\/analyse.optim.biz\/index.php?rest_route=%2Fwp%2Fv2%2Fcategories&post=1836446"},{"taxonomy":"post_tag","embeddable":true,"href":"https:\/\/analyse.optim.biz\/index.php?rest_route=%2Fwp%2Fv2%2Ftags&post=1836446"}],"curies":[{"name":"wp","href":"https:\/\/api.w.org\/{rel}","templated":true}]}}