{"id":1835573,"date":"2026-03-19T16:06:27","date_gmt":"2026-03-19T13:06:27","guid":{"rendered":"https:\/\/analyse.optim.biz\/?p=1835573"},"modified":"2026-03-19T16:06:27","modified_gmt":"2026-03-19T13:06:27","slug":"stefan-ilie-primar-tulcea-am-inceput-lucrarile-pentru-reabilitarea-unui-nou-lot-de-strazi-cu-bani-europeni-8-840-000-euro","status":"publish","type":"post","link":"https:\/\/analyse.optim.biz\/?p=1835573","title":{"rendered":"\u0218tefan Ilie, primar Tulcea: Am \u00eenceput lucr\u0103rile pentru reabilitarea unui nou lot de str\u0103zi cu bani europeni (8.840.000 Euro)"},"content":{"rendered":"<p>[analyse_image type=&#8221;featured&#8221; src=&#8221;https:\/\/dobrogeanews.b-cdn.net\/wp-content\/uploads\/2026\/03\/Stefan-Ilie-primar-Tulcea-1.jpg&#8221;]<\/p>\n<div id=\"post-69225\" class=\"entry single-default post-69225 post type-post status-publish format-standard has-post-thumbnail hentry category-info tag-bani-europeni tag-reabilitare-strazi-2 tag-stefan-ilie-2 tag-tulcea-2\">\n<div>\n<div class=\"ss-follow-wrapper ss-clearfix ss-regular-buttons ss-columns-1 ss-default-style\">\n<div class=\"ss-follow-column\" data-ss-sf-network-id='\"facebook\"'><a href=\"https:\/\/www.facebook.com\/dobrogeanews\" class=\"ss-follow-network ss-facebook-color\" rel=\"nofollow noopener\" aria-label=\"facebook\" target=\"_blank\"><span class=\"ss-follow-network-label\">Urm\u0103re\u015fte-ne \u015fi pe Facebook!<\/span><span class=\"ss-follow-network-count\"><span class=\"ss-follow-network-count-number\">57K<\/span><span class=\"ss-follow-network-count-label\">Followers<\/span><\/span><\/a><\/div>\n<\/div>\n<\/div>\n<h2>Au \u00eenceput lucr\u0103rile la investi\u021bia care cuprinde repara\u021bia capital\u0103 a str\u0103zilor: <\/h2>\n<p>9 Mai, Silvestru, Pictor Alexandru Ciucurencu, Pescarilor, \u0218coalei, Pruden\u021bei, Dianei, Malcoci, Salc\u00e2milor, Zimbrului, Agricultori, Elena Doamna, C\u0103lug\u0103reni, Rozmarin, Aleea Mugurel, Aleea P\u0103unului, Miron Costin, Aleea Miron Costin, Aleea R\u0103zboieni, Gazelei, Energiei, Horia, Clo\u0219ca, Cri\u0219an, C\u00e2mpului, Aleea Cristina, Aleea Meduzei, Pinului, Chiparosului, Socului, Aleea Sulfinei, Viticulturii, Mahmudiei \u00eentre Sensul Giratoriu \u0219i Viticulturii, V\u0103r\u0103rie Balt\u0103, Taberei, Rogozului, Racului. <strong>\u00cen valoare de 8.840.000 Euro.<\/strong><\/p>\n<p>\u201eDe fiecare dat\u0103 c\u00e2nd \u00eencepem noi str\u0103zi, \u00eencerc\u0103m s\u0103 nu facem un disconfort prea mare. Nu de fiecare dat\u0103 reu\u0219im, din p\u0103cate, pentru c\u0103 pe teren se \u00eent\u00e2mpl\u0103 s\u0103 descoperim foarte multe probleme, unele istorice a\u0219 putea spune pentru c\u0103 s-a c\u00e2rpit mereu de-a lungul timpului.<\/p>\n<p>De exemplu aici, pe Aleea Cristina, am descoperit c\u00e2teva avarii la sistemul de alimentare cu ap\u0103 \u0219i canalizare, \u0219i acest fapt va \u00eent\u00e2rzia pu\u021bin lucr\u0103rile. Dac\u0103 nu rezolv\u0103m toate aceste probleme tot oamenii vor avea de suferit.<\/p>\n<p>De aceea, repet \u0219i \u00eentotdeauna cer sprijinul cet\u0103\u021benilor pentru a \u00een\u021belege c\u0103 lucr\u0103rile trebuie f\u0103cute temeinic pentru a avea o lung\u0103 durat\u0103 de valabilitate. Pentru c\u0103 se cheltuiesc bani europeni pe care i-am atras prin proiecte \u0219i ar fi p\u0103cat s\u0103 fie risipi\u021bi pe lucr\u0103ri f\u0103cute \u201epe repede, \u00eenainte\u201d <\/p>\n<p>a spus \u0218tefan Ilie, primarul Municipiului Tulcea aflat pe noile \u0219antiere deschise.<\/p>\n<div class=\"monsterinsights-inline-popular-posts monsterinsights-inline-popular-posts-charlie monsterinsights-popular-posts-styled\">\n<div class=\"monsterinsights-inline-popular-posts-text\"><span class=\"monsterinsights-inline-popular-posts-label\">Vezi \u0219i:<\/span><\/p>\n<div class=\"monsterinsights-inline-popular-posts-post\"><a class=\"monsterinsights-inline-popular-posts-title\" href=\"https:\/\/www.dobrogeanews.ro\/la-babadag-eleviii-continua-sa-primeasca-pachetele-alimentare-prin-programul-national-masa-sanatoasa\/\">La Babadag, elevii continu\u0103 s\u0103 primeasc\u0103 pachetele alimentare prin Programul Na\u021bional \u201eMas\u0103 s\u0103n\u0103toas\u0103\u201d<\/a><\/div>\n<div class=\"monsterinsights-inline-popular-posts-post\"><a class=\"monsterinsights-inline-popular-posts-title\" href=\"https:\/\/www.dobrogeanews.ro\/video-primarul-stefan-ilie-raspunde-intrebarilor-privind-reabilitarea-strazilor-din-municipiul-tulcea\/\">(Video) Primarul \u0218tefan Ilie, r\u0103spunde \u00eentreb\u0103rilor privind reabilitarea Str\u0103zilor din Municipiul Tulcea<\/a><\/div>\n<div class=\"monsterinsights-inline-popular-posts-post\"><a class=\"monsterinsights-inline-popular-posts-title\" href=\"https:\/\/www.dobrogeanews.ro\/impozitul-pe-imobile-2026-in-municipiul-tulcea-pe-intelesul-tuturor-cine-benefiaza-de-reduceri-informatii-detaliate\/\">Impozitul pe imobile\/2026 \u00een Municipiul Tulcea, pe \u00een\u021belesul tuturor. Cine benefiaz\u0103 de reduceri. Informa\u021bii detaliate<\/a><\/div>\n<\/div>\n<\/div>\n<p class=\"has-text-align-center has-white-color has-text-color has-background\"><span><a href=\"https:\/\/news.google.com\/publications\/CAAqBwgKMIu5pgsw88O-Aw?ceid=RO:ro&amp;oc=3\">Urm\u0103ri\u0163i \u015etirile Dobrogeanews \u015fi pe Google News<\/a><\/span><\/p>\n<\/div>\n<div id=\"post-69225\" class=\"entry single-default post-69225 post type-post status-publish format-standard has-post-thumbnail hentry category-info tag-bani-europeni tag-reabilitare-strazi-2 tag-stefan-ilie-2 tag-tulcea-2\">\n<div>\n<div class=\"ss-follow-wrapper ss-clearfix ss-regular-buttons ss-columns-1 ss-default-style\">\n<div class=\"ss-follow-column\" data-ss-sf-network-id='\"facebook\"'><a href=\"https:\/\/www.facebook.com\/dobrogeanews\" class=\"ss-follow-network ss-facebook-color\" rel=\"nofollow noopener\" aria-label=\"facebook\" target=\"_blank\"><span class=\"ss-follow-network-label\">Urm\u0103re\u015fte-ne \u015fi pe Facebook!<\/span><span class=\"ss-follow-network-count\"><span class=\"ss-follow-network-count-number\">57K<\/span><span class=\"ss-follow-network-count-label\">Followers<\/span><\/span><\/a><\/div>\n<\/div>\n<\/div>\n<h2>Au \u00eenceput lucr\u0103rile la investi\u021bia care cuprinde repara\u021bia capital\u0103 a str\u0103zilor: <\/h2>\n<p>9 Mai, Silvestru, Pictor Alexandru Ciucurencu, Pescarilor, \u0218coalei, Pruden\u021bei, Dianei, Malcoci, Salc\u00e2milor, Zimbrului, Agricultori, Elena Doamna, C\u0103lug\u0103reni, Rozmarin, Aleea Mugurel, Aleea P\u0103unului, Miron Costin, Aleea Miron Costin, Aleea R\u0103zboieni, Gazelei, Energiei, Horia, Clo\u0219ca, Cri\u0219an, C\u00e2mpului, Aleea Cristina, Aleea Meduzei, Pinului, Chiparosului, Socului, Aleea Sulfinei, Viticulturii, Mahmudiei \u00eentre Sensul Giratoriu \u0219i Viticulturii, V\u0103r\u0103rie Balt\u0103, Taberei, Rogozului, Racului. <strong>\u00cen valoare de 8.840.000 Euro.<\/strong><\/p>\n<p>\u201eDe fiecare dat\u0103 c\u00e2nd \u00eencepem noi str\u0103zi, \u00eencerc\u0103m s\u0103 nu facem un disconfort prea mare. Nu de fiecare dat\u0103 reu\u0219im, din p\u0103cate, pentru c\u0103 pe teren se \u00eent\u00e2mpl\u0103 s\u0103 descoperim foarte multe probleme, unele istorice a\u0219 putea spune pentru c\u0103 s-a c\u00e2rpit mereu de-a lungul timpului.<\/p>\n<p>De exemplu aici, pe Aleea Cristina, am descoperit c\u00e2teva avarii la sistemul de alimentare cu ap\u0103 \u0219i canalizare, \u0219i acest fapt va \u00eent\u00e2rzia pu\u021bin lucr\u0103rile. Dac\u0103 nu rezolv\u0103m toate aceste probleme tot oamenii vor avea de suferit.<\/p>\n<p>De aceea, repet \u0219i \u00eentotdeauna cer sprijinul cet\u0103\u021benilor pentru a \u00een\u021belege c\u0103 lucr\u0103rile trebuie f\u0103cute temeinic pentru a avea o lung\u0103 durat\u0103 de valabilitate. Pentru c\u0103 se cheltuiesc bani europeni pe care i-am atras prin proiecte \u0219i ar fi p\u0103cat s\u0103 fie risipi\u021bi pe lucr\u0103ri f\u0103cute \u201epe repede, \u00eenainte\u201d <\/p>\n<p>a spus \u0218tefan Ilie, primarul Municipiului Tulcea aflat pe noile \u0219antiere deschise.<\/p>\n<div class=\"monsterinsights-inline-popular-posts monsterinsights-inline-popular-posts-charlie monsterinsights-popular-posts-styled\">\n<div class=\"monsterinsights-inline-popular-posts-text\"><span class=\"monsterinsights-inline-popular-posts-label\">Vezi \u0219i:<\/span><\/p>\n<div class=\"monsterinsights-inline-popular-posts-post\"><a class=\"monsterinsights-inline-popular-posts-title\" href=\"https:\/\/www.dobrogeanews.ro\/la-babadag-eleviii-continua-sa-primeasca-pachetele-alimentare-prin-programul-national-masa-sanatoasa\/\">La Babadag, elevii continu\u0103 s\u0103 primeasc\u0103 pachetele alimentare prin Programul Na\u021bional \u201eMas\u0103 s\u0103n\u0103toas\u0103\u201d<\/a><\/div>\n<div class=\"monsterinsights-inline-popular-posts-post\"><a class=\"monsterinsights-inline-popular-posts-title\" href=\"https:\/\/www.dobrogeanews.ro\/video-primarul-stefan-ilie-raspunde-intrebarilor-privind-reabilitarea-strazilor-din-municipiul-tulcea\/\">(Video) Primarul \u0218tefan Ilie, r\u0103spunde \u00eentreb\u0103rilor privind reabilitarea Str\u0103zilor din Municipiul Tulcea<\/a><\/div>\n<div class=\"monsterinsights-inline-popular-posts-post\"><a class=\"monsterinsights-inline-popular-posts-title\" href=\"https:\/\/www.dobrogeanews.ro\/impozitul-pe-imobile-2026-in-municipiul-tulcea-pe-intelesul-tuturor-cine-benefiaza-de-reduceri-informatii-detaliate\/\">Impozitul pe imobile\/2026 \u00een Municipiul Tulcea, pe \u00een\u021belesul tuturor. Cine benefiaz\u0103 de reduceri. Informa\u021bii detaliate<\/a><\/div>\n<\/div>\n<\/div>\n<p class=\"has-text-align-center has-white-color has-text-color has-background\"><span><a href=\"https:\/\/news.google.com\/publications\/CAAqBwgKMIu5pgsw88O-Aw?ceid=RO:ro&amp;oc=3\">Urm\u0103ri\u0163i \u015etirile Dobrogeanews \u015fi pe Google News<\/a><\/span><\/p>\n<\/div>\n<p>[analyse_source url=&#8221;https:\/\/www.dobrogeanews.ro\/stefan-ilie-primar-tulcea-am-inceput-lucrarile-pentru-reabilitarea-unui-nou-lot-de-strazi-cu-bani-europeni-8-840-000-euro\/&#8221;]<\/p>\n","protected":false},"excerpt":{"rendered":"<p>[analyse_image type=&#8221;featured&#8221; src=&#8221;https:\/\/dobrogeanews.b-cdn.net\/wp-content\/uploads\/2026\/03\/Stefan-Ilie-primar-Tulcea-1.jpg&#8221;] Urm\u0103re\u015fte-ne \u015fi pe Facebook!57KFollowers Au \u00eenceput lucr\u0103rile la investi\u021bia care cuprinde repara\u021bia capital\u0103 a str\u0103zilor: 9 Mai, Silvestru, Pictor Alexandru Ciucurencu, Pescarilor, \u0218coalei, Pruden\u021bei, Dianei, Malcoci, Salc\u00e2milor, Zimbrului, Agricultori, Elena Doamna, C\u0103lug\u0103reni, Rozmarin, Aleea Mugurel, Aleea P\u0103unului, Miron Costin, Aleea Miron Costin, Aleea R\u0103zboieni, Gazelei, Energiei, Horia, Clo\u0219ca, Cri\u0219an, C\u00e2mpului, Aleea Cristina, [&hellip;]<\/p>\n","protected":false},"author":1,"featured_media":0,"comment_status":"open","ping_status":"","sticky":false,"template":"","format":"standard","meta":{"footnotes":""},"categories":[89],"tags":[226,223],"class_list":["post-1835573","post","type-post","status-publish","format-standard","hentry","category-romania","tag-crawlmanager","tag-dobrogeanews-ro"],"_links":{"self":[{"href":"https:\/\/analyse.optim.biz\/index.php?rest_route=\/wp\/v2\/posts\/1835573","targetHints":{"allow":["GET"]}}],"collection":[{"href":"https:\/\/analyse.optim.biz\/index.php?rest_route=\/wp\/v2\/posts"}],"about":[{"href":"https:\/\/analyse.optim.biz\/index.php?rest_route=\/wp\/v2\/types\/post"}],"author":[{"embeddable":true,"href":"https:\/\/analyse.optim.biz\/index.php?rest_route=\/wp\/v2\/users\/1"}],"replies":[{"embeddable":true,"href":"https:\/\/analyse.optim.biz\/index.php?rest_route=%2Fwp%2Fv2%2Fcomments&post=1835573"}],"version-history":[{"count":0,"href":"https:\/\/analyse.optim.biz\/index.php?rest_route=\/wp\/v2\/posts\/1835573\/revisions"}],"wp:attachment":[{"href":"https:\/\/analyse.optim.biz\/index.php?rest_route=%2Fwp%2Fv2%2Fmedia&parent=1835573"}],"wp:term":[{"taxonomy":"category","embeddable":true,"href":"https:\/\/analyse.optim.biz\/index.php?rest_route=%2Fwp%2Fv2%2Fcategories&post=1835573"},{"taxonomy":"post_tag","embeddable":true,"href":"https:\/\/analyse.optim.biz\/index.php?rest_route=%2Fwp%2Fv2%2Ftags&post=1835573"}],"curies":[{"name":"wp","href":"https:\/\/api.w.org\/{rel}","templated":true}]}}