{"id":1835528,"date":"2026-03-19T15:36:49","date_gmt":"2026-03-19T12:36:49","guid":{"rendered":"https:\/\/analyse.optim.biz\/?p=1835528"},"modified":"2026-03-19T15:36:49","modified_gmt":"2026-03-19T12:36:49","slug":"presedintele-cj-suceava-vizitat-la-palatul-administrativ-de-ambasadorul-chinei-foto-stiri-suceava","status":"publish","type":"post","link":"https:\/\/analyse.optim.biz\/?p=1835528","title":{"rendered":"Pre\u0219edintele CJ Suceava, vizitat la Palatul Administrativ, de ambasadorul Chinei FOTO &#8211; Stiri Suceava"},"content":{"rendered":"<p>[analyse_image type=&#8221;featured&#8221; src=&#8221;https:\/\/www.informatiata.ro\/wp-content\/uploads\/2026\/03\/IMG-20260319-WA0044.jpg&#8221;]<\/p>\n<div class=\"td-post-content tagdiv-type\">\n<div class=\"td-post-featured-image\"><a href=\"https:\/\/www.informatiata.ro\/wp-content\/uploads\/2026\/03\/IMG-20260319-WA0044.jpg\" data-caption><img loading=\"lazy\" decoding=\"async\" width=\"696\" height=\"464\" class=\"entry-thumb td-modal-image\" src=\"https:\/\/www.informatiata.ro\/wp-content\/uploads\/2026\/03\/IMG-20260319-WA0044-696x464.jpg\" alt title=\"IMG-20260319-WA0044\"><img loading=\"lazy\" decoding=\"async\" width=\"696\" height=\"464\" class=\"entry-thumb td-modal-image\" src=\"https:\/\/www.informatiata.ro\/wp-content\/uploads\/2026\/03\/IMG-20260319-WA0044-696x464.jpg\" alt title=\"IMG-20260319-WA0044\"><\/a><\/div>\n<p>Pre\u0219edintele CJ Suceava, Gheorghe \u0218oldan, s-a \u00eent\u00e2lnit joi cu Excelen\u021ba Sa, Chen Feng, Ambasadorul Republicii Populare Chineze \u00een Rom\u00e2nia.<\/p>\n<p>\u00cent\u00e2lnirea a avut loc la sediul CJ Suceava.<\/p>\n<div class=\"td-a-rec td-a-rec-id-content_inlineright  tdi_6 td_block_template_1\"><img loading=\"lazy\" decoding=\"async\" class=\"aligncenter size-full wp-image-64315\" src=\"https:\/\/www.informatiata.ro\/wp-content\/uploads\/2026\/03\/SAVCOM-10.gif\" alt width=\"299\" height=\"250\"><img loading=\"lazy\" decoding=\"async\" class=\"aligncenter size-full wp-image-64315\" src=\"https:\/\/www.informatiata.ro\/wp-content\/uploads\/2026\/03\/SAVCOM-10.gif\" alt width=\"299\" height=\"250\"><img loading=\"lazy\" decoding=\"async\" class=\"aligncenter size-large wp-image-64316\" src=\"https:\/\/www.informatiata.ro\/wp-content\/uploads\/2026\/03\/FACOS-8.gif\" alt width=\"300\" height=\"250\"><img loading=\"lazy\" decoding=\"async\" class=\"aligncenter size-large wp-image-64316\" src=\"https:\/\/www.informatiata.ro\/wp-content\/uploads\/2026\/03\/FACOS-8.gif\" alt width=\"300\" height=\"250\"><\/div>\n<p>Gheorghe \u0218oldan a declarat c\u0103 a discutat cu ambasadorul despre oportunit\u0103\u021bi concrete de colaborare.<\/p>\n<p>Al\u0103turi de, vicepre\u0219edin\u021bii Nicolae Robu \u0219i Stelian Simeria, \u0219i administratorul public, Cezar Ioja, \u0218oldan a prezentat principalele proiecte de dezvoltare ale jude\u021bului, dar \u0219i deschiderea administra\u021biei jude\u021bene pentru atragerea de investitori \u00een parcurile industriale, unde exist\u0103 condi\u021bii pentru dezvoltarea afacerilor \u0219i crearea de locuri de munc\u0103.<\/p>\n<p>\u201eNe dorim parteneriate economice solide, care s\u0103 aduc\u0103 investi\u021bii \u0219i locuri de munc\u0103, valorific\u00e2nd inclusiv pozi\u021bionarea jude\u021bului nostru \u00een contextul reconstruc\u021biei Ucrainei.<\/p>\n<p>Am vorbit \u0219i despre poten\u021bialul turistic al Bucovinei \u0219i despre posibilitatea de a promova aceast\u0103 destina\u021bie pe pia\u021ba chinez\u0103, inclusiv prin invitarea unei delega\u021bii de speciali\u0219ti din domeniul turismului care s\u0103 descopere jude\u021bul Suceava \u0219i s\u0103 promoveze destina\u021bia Bucovina.<\/p>\n<p>De cealalt\u0103 parte, Excelen\u021ba Sa, ambasadorul Chen Feng, \u0219i-a exprimat deschiderea pentru continuarea dialogului \u0219i transformarea acestor discu\u021bii \u00een proiecte concrete\u201d, a precizat pre\u0219edintele CJ Suceava.<\/p>\n<p><img loading=\"lazy\" decoding=\"async\" class=\"aligncenter size-large wp-image-64343\" src=\"https:\/\/www.informatiata.ro\/wp-content\/uploads\/2026\/03\/IMG-20260319-WA0039-1024x776.jpg\" alt width=\"696\" height=\"527\"><img loading=\"lazy\" decoding=\"async\" class=\"aligncenter size-large wp-image-64343\" src=\"https:\/\/www.informatiata.ro\/wp-content\/uploads\/2026\/03\/IMG-20260319-WA0039-1024x776.jpg\" alt width=\"696\" height=\"527\"><img loading=\"lazy\" decoding=\"async\" class=\"aligncenter size-large wp-image-64344\" src=\"https:\/\/www.informatiata.ro\/wp-content\/uploads\/2026\/03\/IMG-20260319-WA0037-1024x682.jpg\" alt width=\"696\" height=\"464\"><img loading=\"lazy\" decoding=\"async\" class=\"aligncenter size-large wp-image-64344\" src=\"https:\/\/www.informatiata.ro\/wp-content\/uploads\/2026\/03\/IMG-20260319-WA0037-1024x682.jpg\" alt width=\"696\" height=\"464\"><img loading=\"lazy\" decoding=\"async\" class=\"aligncenter size-large wp-image-64345\" src=\"https:\/\/www.informatiata.ro\/wp-content\/uploads\/2026\/03\/IMG-20260319-WA0042-1024x682.jpg\" alt width=\"696\" height=\"464\"><img loading=\"lazy\" decoding=\"async\" class=\"aligncenter size-large wp-image-64345\" src=\"https:\/\/www.informatiata.ro\/wp-content\/uploads\/2026\/03\/IMG-20260319-WA0042-1024x682.jpg\" alt width=\"696\" height=\"464\"><img loading=\"lazy\" decoding=\"async\" class=\"aligncenter size-large wp-image-64346\" src=\"https:\/\/www.informatiata.ro\/wp-content\/uploads\/2026\/03\/IMG-20260319-WA0045-1024x682.jpg\" alt width=\"696\" height=\"464\"><img loading=\"lazy\" decoding=\"async\" class=\"aligncenter size-large wp-image-64346\" src=\"https:\/\/www.informatiata.ro\/wp-content\/uploads\/2026\/03\/IMG-20260319-WA0045-1024x682.jpg\" alt width=\"696\" height=\"464\"><img loading=\"lazy\" decoding=\"async\" class=\"aligncenter size-large wp-image-64347\" src=\"https:\/\/www.informatiata.ro\/wp-content\/uploads\/2026\/03\/IMG-20260319-WA0041-1024x682.jpg\" alt width=\"696\" height=\"464\"><img loading=\"lazy\" decoding=\"async\" class=\"aligncenter size-large wp-image-64347\" src=\"https:\/\/www.informatiata.ro\/wp-content\/uploads\/2026\/03\/IMG-20260319-WA0041-1024x682.jpg\" alt width=\"696\" height=\"464\"><img loading=\"lazy\" decoding=\"async\" class=\"aligncenter size-large wp-image-64348\" src=\"https:\/\/www.informatiata.ro\/wp-content\/uploads\/2026\/03\/IMG-20260319-WA0046-1024x682.jpg\" alt width=\"696\" height=\"464\"><img loading=\"lazy\" decoding=\"async\" class=\"aligncenter size-large wp-image-64348\" src=\"https:\/\/www.informatiata.ro\/wp-content\/uploads\/2026\/03\/IMG-20260319-WA0046-1024x682.jpg\" alt width=\"696\" height=\"464\"><img loading=\"lazy\" decoding=\"async\" class=\"aligncenter size-large wp-image-64349\" src=\"https:\/\/www.informatiata.ro\/wp-content\/uploads\/2026\/03\/IMG-20260319-WA0038-1024x682.jpg\" alt width=\"696\" height=\"464\"><img loading=\"lazy\" decoding=\"async\" class=\"aligncenter size-large wp-image-64349\" src=\"https:\/\/www.informatiata.ro\/wp-content\/uploads\/2026\/03\/IMG-20260319-WA0038-1024x682.jpg\" alt width=\"696\" height=\"464\"><img loading=\"lazy\" decoding=\"async\" class=\"aligncenter size-large wp-image-64350\" src=\"https:\/\/www.informatiata.ro\/wp-content\/uploads\/2026\/03\/IMG-20260319-WA0044-1024x682.jpg\" alt width=\"696\" height=\"464\"><img loading=\"lazy\" decoding=\"async\" class=\"aligncenter size-large wp-image-64350\" src=\"https:\/\/www.informatiata.ro\/wp-content\/uploads\/2026\/03\/IMG-20260319-WA0044-1024x682.jpg\" alt width=\"696\" height=\"464\"><img loading=\"lazy\" decoding=\"async\" class=\"aligncenter size-large wp-image-64351\" src=\"https:\/\/www.informatiata.ro\/wp-content\/uploads\/2026\/03\/IMG-20260319-WA0043-1024x682.jpg\" alt width=\"696\" height=\"464\"><img loading=\"lazy\" decoding=\"async\" class=\"aligncenter size-large wp-image-64351\" src=\"https:\/\/www.informatiata.ro\/wp-content\/uploads\/2026\/03\/IMG-20260319-WA0043-1024x682.jpg\" alt width=\"696\" height=\"464\"><\/p>\n<\/div>\n<p>[analyse_source url=&#8221;https:\/\/www.informatiata.ro\/presedintele-cj-suceava-vizitat-la-palatul-administrativ-de-ambasadorul-chinei-foto\/&#8221;]<\/p>\n","protected":false},"excerpt":{"rendered":"<p>[analyse_image type=&#8221;featured&#8221; src=&#8221;https:\/\/www.informatiata.ro\/wp-content\/uploads\/2026\/03\/IMG-20260319-WA0044.jpg&#8221;] Pre\u0219edintele CJ Suceava, Gheorghe \u0218oldan, s-a \u00eent\u00e2lnit joi cu Excelen\u021ba Sa, Chen Feng, Ambasadorul Republicii Populare Chineze \u00een Rom\u00e2nia. \u00cent\u00e2lnirea a avut loc la sediul CJ Suceava. Gheorghe \u0218oldan a declarat c\u0103 a discutat cu ambasadorul despre oportunit\u0103\u021bi concrete de colaborare. Al\u0103turi de, vicepre\u0219edin\u021bii Nicolae Robu \u0219i Stelian Simeria, \u0219i administratorul public, [&hellip;]<\/p>\n","protected":false},"author":1,"featured_media":0,"comment_status":"open","ping_status":"","sticky":false,"template":"","format":"standard","meta":{"footnotes":""},"categories":[89],"tags":[226,167],"class_list":["post-1835528","post","type-post","status-publish","format-standard","hentry","category-romania","tag-crawlmanager","tag-informatiata-ro"],"_links":{"self":[{"href":"https:\/\/analyse.optim.biz\/index.php?rest_route=\/wp\/v2\/posts\/1835528","targetHints":{"allow":["GET"]}}],"collection":[{"href":"https:\/\/analyse.optim.biz\/index.php?rest_route=\/wp\/v2\/posts"}],"about":[{"href":"https:\/\/analyse.optim.biz\/index.php?rest_route=\/wp\/v2\/types\/post"}],"author":[{"embeddable":true,"href":"https:\/\/analyse.optim.biz\/index.php?rest_route=\/wp\/v2\/users\/1"}],"replies":[{"embeddable":true,"href":"https:\/\/analyse.optim.biz\/index.php?rest_route=%2Fwp%2Fv2%2Fcomments&post=1835528"}],"version-history":[{"count":0,"href":"https:\/\/analyse.optim.biz\/index.php?rest_route=\/wp\/v2\/posts\/1835528\/revisions"}],"wp:attachment":[{"href":"https:\/\/analyse.optim.biz\/index.php?rest_route=%2Fwp%2Fv2%2Fmedia&parent=1835528"}],"wp:term":[{"taxonomy":"category","embeddable":true,"href":"https:\/\/analyse.optim.biz\/index.php?rest_route=%2Fwp%2Fv2%2Fcategories&post=1835528"},{"taxonomy":"post_tag","embeddable":true,"href":"https:\/\/analyse.optim.biz\/index.php?rest_route=%2Fwp%2Fv2%2Ftags&post=1835528"}],"curies":[{"name":"wp","href":"https:\/\/api.w.org\/{rel}","templated":true}]}}