{"id":183522,"date":"2015-04-08T11:23:31","date_gmt":"2015-04-08T08:23:31","guid":{"rendered":"https:\/\/analyse.optim.biz\/?p=183522"},"modified":"2015-04-08T11:23:31","modified_gmt":"2015-04-08T08:23:31","slug":"o-noua-amanare-in-cazul-lui-marko-attila-deputatii-au-intrat-in-vacanta-de-paste-sedinta-de-plen-s-a-anulat","status":"publish","type":"post","link":"https:\/\/analyse.optim.biz\/?p=183522","title":{"rendered":"O nou\u0103 am\u00e2nare \u00een cazul lui Marko Attila. Deputa\u0163ii au intrat \u00een vacan\u0163a de Pa\u015fte, \u015fedin\u0163a de plen s-a anulat"},"content":{"rendered":"<div class=\"entry data-app-meta data-app-meta-article\" data-embed-base-url-canonical=\"https:\/\/www.digi24.ro\/embed\/stiri\/actualitate\/politica\/o-noua-amanare-in-cazul-lui-marko-attila-deputatii-au-intrat-in-vacanta-de-paste-sedinta-de-plen-s-a-anulat-377750\">\n<p data-index=\"1\">Este a doua am\u00e2nare \u00een cazul Marko Attila, dup\u0103 ce s\u0103pt\u0103m\u00e2na trecut\u0103 ale\u015fii au anun\u0163at c\u0103 a\u015fteapt\u0103 demisia \u00een original a deputatului UDMR.<\/p>\n<p data-index=\"2\">Cel mai probabil, deputa\u021bii se vor \u00eentoarce la munc\u0103 mar\u021bi, dar urm\u0103toarea \u0219edin\u021b\u0103 de plen este programat\u0103 abia joi.<\/p>\n<p data-index=\"3\">Dac\u0103 demisia \u00een original a lui Marko Attila nu va ajunge p\u00e2n\u0103 atunci la Camera Deputa\u021bilor, cazul s\u0103u va fi pus pe ordinea de zi a \u0219edin\u021bei de joi \u0219i se va da \u0219i un vot asupra solicit\u0103rii DNA. \u00a0<\/p>\n<p data-index=\"4\">Marko Attila\u00a0este implicat <a href=\"https:\/\/www.digi24.ro\/Stiri\/Digi24\/Actualitate\/Justitie\/Marko+Attila+si-a+dat+demisia+din+Parlament\" target=\"_blank\" data-skip-linkfix=\"1\" rel=\"noopener\"><strong>\u00een acela\u015fi dosar<\/strong><\/a>\u00een care fostul \u015fef al Agen\u0163iei Na\u0163ionale de Integritate (ANI), Horia Georgescu, a fost arestat, iar deputatul Theodor Nicolescu a fost re\u0163inut.<\/p>\n<p data-index=\"5\">Marko Attila\u00a0este acuzat de trei infrac\u021biuni de abuz \u00een serviciu, cu consecin\u021be deosebit de grave, dac\u0103 func\u021bionarul public a ob\u021binut un folos necuvenit pentru sine sau pentru altul, potrivit DNA.<\/p>\n<p data-index=\"6\">Potrivit procurorilor DNA, \u00een cursul anului 2008,\u00a0Marko Attila, \u201e\u00eempreun\u0103 cu ceilal\u021bi membri ai Comisiei Centrale pentru Stabilirea Desp\u0103gubirilor, a emis \u00een cazul a trei dosare, titluri de desp\u0103gubire pe baza unor rapoarte de evaluare care nu au respectat cerin\u021bele Standardelor Interna\u021bionale de Evaluare cu privire la estimarea valorii de pia\u021b\u0103 a imobilelor\u201d \u0219i nici legisla\u021bia rom\u00e2neasc\u0103 \u201esupraevalu\u00e2nd bunurile imobile respective cu suma total\u0103 de aproximativ 75.000.000 euro, cu aceast\u0103 sum\u0103 fiind prejudiciat bugetul de stat concomitent cu ob\u021binerea unor desp\u0103gubiri necuvenite de c\u0103tre titularii \u0219i cesionarii drepturilor de desp\u0103gubire\u201d.<\/p>\n<\/div>\n<p> Source URL: https:\/\/www.digi24.ro\/stiri\/actualitate\/politica\/o-noua-amanare-in-cazul-lui-marko-attila-deputatii-au-intrat-in-vacanta-de-paste-sedinta-de-plen-s-a-anulat-377750<\/p>\n","protected":false},"excerpt":{"rendered":"<p>Este a doua am\u00e2nare \u00een cazul Marko Attila, dup\u0103 ce s\u0103pt\u0103m\u00e2na trecut\u0103 ale\u015fii au anun\u0163at c\u0103 a\u015fteapt\u0103 demisia \u00een original a deputatului UDMR. Cel mai probabil, deputa\u021bii se vor \u00eentoarce la munc\u0103 mar\u021bi, dar urm\u0103toarea \u0219edin\u021b\u0103 de plen este programat\u0103 abia joi. Dac\u0103 demisia \u00een original a lui Marko Attila nu va ajunge p\u00e2n\u0103 atunci [&hellip;]<\/p>\n","protected":false},"author":1,"featured_media":183523,"comment_status":"open","ping_status":"","sticky":false,"template":"","format":"standard","meta":{"footnotes":""},"categories":[2],"tags":[11],"class_list":["post-183522","post","type-post","status-publish","format-standard","has-post-thumbnail","hentry","category-politics","tag-digi24"],"_links":{"self":[{"href":"https:\/\/analyse.optim.biz\/index.php?rest_route=\/wp\/v2\/posts\/183522","targetHints":{"allow":["GET"]}}],"collection":[{"href":"https:\/\/analyse.optim.biz\/index.php?rest_route=\/wp\/v2\/posts"}],"about":[{"href":"https:\/\/analyse.optim.biz\/index.php?rest_route=\/wp\/v2\/types\/post"}],"author":[{"embeddable":true,"href":"https:\/\/analyse.optim.biz\/index.php?rest_route=\/wp\/v2\/users\/1"}],"replies":[{"embeddable":true,"href":"https:\/\/analyse.optim.biz\/index.php?rest_route=%2Fwp%2Fv2%2Fcomments&post=183522"}],"version-history":[{"count":0,"href":"https:\/\/analyse.optim.biz\/index.php?rest_route=\/wp\/v2\/posts\/183522\/revisions"}],"wp:featuredmedia":[{"embeddable":true,"href":"https:\/\/analyse.optim.biz\/index.php?rest_route=\/wp\/v2\/media\/183523"}],"wp:attachment":[{"href":"https:\/\/analyse.optim.biz\/index.php?rest_route=%2Fwp%2Fv2%2Fmedia&parent=183522"}],"wp:term":[{"taxonomy":"category","embeddable":true,"href":"https:\/\/analyse.optim.biz\/index.php?rest_route=%2Fwp%2Fv2%2Fcategories&post=183522"},{"taxonomy":"post_tag","embeddable":true,"href":"https:\/\/analyse.optim.biz\/index.php?rest_route=%2Fwp%2Fv2%2Ftags&post=183522"}],"curies":[{"name":"wp","href":"https:\/\/api.w.org\/{rel}","templated":true}]}}