{"id":1835202,"date":"2026-03-19T14:40:41","date_gmt":"2026-03-19T11:40:41","guid":{"rendered":"https:\/\/analyse.optim.biz\/?p=1835202"},"modified":"2026-03-19T14:40:41","modified_gmt":"2026-03-19T11:40:41","slug":"razie-de-amploare-a-politistilor-la-campulung-moldovenesc-foto-stiri-suceava","status":"publish","type":"post","link":"https:\/\/analyse.optim.biz\/?p=1835202","title":{"rendered":"Razie de amploare a poli\u021bi\u0219tilor, la C\u00e2mpulung Moldovenesc FOTO &#8211; Stiri Suceava"},"content":{"rendered":"<p>[analyse_image type=&#8221;featured&#8221; src=&#8221;https:\/\/www.informatiata.ro\/wp-content\/uploads\/2026\/03\/IMG-20260319-WA0033-768&#215;1024.jpg&#8221;]<\/p>\n<div class=\"td-post-content tagdiv-type\">\n<div class=\"td-post-featured-image\"><a href=\"https:\/\/www.informatiata.ro\/wp-content\/uploads\/2026\/03\/IMG-20260319-WA0033-scaled.jpg\" data-caption><img loading=\"lazy\" decoding=\"async\" width=\"696\" height=\"928\" class=\"entry-thumb td-modal-image\" src=\"https:\/\/www.informatiata.ro\/wp-content\/uploads\/2026\/03\/IMG-20260319-WA0033-696x928.jpg\" alt title=\"IMG-20260319-WA0033\"><img loading=\"lazy\" decoding=\"async\" width=\"696\" height=\"928\" class=\"entry-thumb td-modal-image\" src=\"https:\/\/www.informatiata.ro\/wp-content\/uploads\/2026\/03\/IMG-20260319-WA0033-696x928.jpg\" alt title=\"IMG-20260319-WA0033\"><\/a><\/div>\n<p>Razie de amploare a poli\u021bi\u0219tilor, la C\u00e2mpulung Moldovenesc.<\/p>\n<p>Miercuri, \u00eentre orele 06.00 \u2013 12.00 \u0219i 18:00 \u2013 21:00, pe raza subunit\u0103\u021bii C\u00e2mpulung Moldovenesc, \u00een cadrul unei razii, s-au desf\u0103\u0219urat activit\u0103\u021bi pe linia prevenirii \u0219i combaterii infrac\u021biunilor de natur\u0103 economic\u0103 \u0219i judiciar\u0103, a identific\u0103rii persoanelor urm\u0103rite \u00een temeiul legii, pentru realizarea unui climat de men\u021binere a ordinii \u0219i lini\u0219tii publice \u0219i siguran\u021ba traficului rutier dar \u0219i pentru cre\u0219terea gradului de siguran\u021b\u0103 a elevilor \u0219i a personalului didactic.<\/p>\n<div class=\"td-a-rec td-a-rec-id-content_inlineright  tdi_6 td_block_template_1\"><img loading=\"lazy\" decoding=\"async\" class=\"aligncenter size-full wp-image-64315\" src=\"https:\/\/www.informatiata.ro\/wp-content\/uploads\/2026\/03\/SAVCOM-10.gif\" alt width=\"299\" height=\"250\"><img loading=\"lazy\" decoding=\"async\" class=\"aligncenter size-full wp-image-64315\" src=\"https:\/\/www.informatiata.ro\/wp-content\/uploads\/2026\/03\/SAVCOM-10.gif\" alt width=\"299\" height=\"250\"><img loading=\"lazy\" decoding=\"async\" class=\"aligncenter size-large wp-image-64316\" src=\"https:\/\/www.informatiata.ro\/wp-content\/uploads\/2026\/03\/FACOS-8.gif\" alt width=\"300\" height=\"250\"><img loading=\"lazy\" decoding=\"async\" class=\"aligncenter size-large wp-image-64316\" src=\"https:\/\/www.informatiata.ro\/wp-content\/uploads\/2026\/03\/FACOS-8.gif\" alt width=\"300\" height=\"250\"><\/div>\n<p>La finalizarea raziei au fost \u00eenregistrate urm\u0103toarele rezultate:<br \/>\n\u2022 \u2013 persoane legitimate: 520<br \/>\n\u2022 \u2013 auto controlate: 328<br \/>\n\u2022 \u2013 SC\/II\/PFA verificate: 29<br \/>\n\u2022 \u2013 sanc\u021biuni contraven\u021bionale aplicate: 129 \u00een valoare total\u0103 de 109.975 lei<\/p>\n<p>\u2022 Bunuri confiscate:<br \/>\n\u2013 5766 buc\u0103\u021bi de produse cosmetice diferite m\u0103rci \u0219i branduri,<br \/>\nrespectiv: Dermo Expertise, Men expert, Loreal Dermo Expertise, Garnier Skin Naturals Face, Loreal Elseve, Cien Shampoo&amp;Conditioner, Deodorante Extra Dry, aparate de ras Cien Men, Cien Men Styling gel p\u0103r, Cien Deodorant spray, Cien crem\u0103, Wella Welastrate, Wella Ultimate Color, Cien Beauty Eveliner Pen, Falsis Surreal Maybelline, Lash Sensational Fullfan Efect, Pure Finish Eveliner, Wella Profesional crema de coafat, Cien Beauty Losh Express rimel, Wella Blondor crem\u0103 decolorant\u0103, Nicoxim hair fall defense scrum, Serum facial (Garnier \u0219i Loreal), Wella scalp Balance. Valoarea acestor bunuri a fost estimat\u0103 ca fiind 70.000 Euro.<br \/>\n\u2013 336 buc sticle a 750 ml vin marc\u0103 Italia, respectiv Doppio Passo \u0219i Primitivo, \u00een valoare de 3.300 euro.<br \/>\n\u2013 3,52 m.c. material lemnos \u00een valoare de 971 lei.<br \/><img loading=\"lazy\" decoding=\"async\" class=\"aligncenter size-large wp-image-64333\" src=\"https:\/\/www.informatiata.ro\/wp-content\/uploads\/2026\/03\/IMG-20260319-WA0032-768x1024.jpg\" alt width=\"696\" height=\"928\"><img loading=\"lazy\" decoding=\"async\" class=\"aligncenter size-large wp-image-64333\" src=\"https:\/\/www.informatiata.ro\/wp-content\/uploads\/2026\/03\/IMG-20260319-WA0032-768x1024.jpg\" alt width=\"696\" height=\"928\"><\/p>\n<p><img loading=\"lazy\" decoding=\"async\" class=\"aligncenter size-large wp-image-64334\" src=\"https:\/\/www.informatiata.ro\/wp-content\/uploads\/2026\/03\/IMG-20260319-WA0030-768x1024.jpg\" alt width=\"696\" height=\"928\"><img loading=\"lazy\" decoding=\"async\" class=\"aligncenter size-large wp-image-64334\" src=\"https:\/\/www.informatiata.ro\/wp-content\/uploads\/2026\/03\/IMG-20260319-WA0030-768x1024.jpg\" alt width=\"696\" height=\"928\"><\/p>\n<p><img loading=\"lazy\" decoding=\"async\" class=\"aligncenter size-large wp-image-64335\" src=\"https:\/\/www.informatiata.ro\/wp-content\/uploads\/2026\/03\/IMG-20260319-WA0025-768x1024.jpg\" alt width=\"696\" height=\"928\"><img loading=\"lazy\" decoding=\"async\" class=\"aligncenter size-large wp-image-64335\" src=\"https:\/\/www.informatiata.ro\/wp-content\/uploads\/2026\/03\/IMG-20260319-WA0025-768x1024.jpg\" alt width=\"696\" height=\"928\"><\/p>\n<p><img loading=\"lazy\" decoding=\"async\" class=\"aligncenter size-large wp-image-64336\" src=\"https:\/\/www.informatiata.ro\/wp-content\/uploads\/2026\/03\/IMG-20260319-WA0029-768x1024.jpg\" alt width=\"696\" height=\"928\"><img loading=\"lazy\" decoding=\"async\" class=\"aligncenter size-large wp-image-64336\" src=\"https:\/\/www.informatiata.ro\/wp-content\/uploads\/2026\/03\/IMG-20260319-WA0029-768x1024.jpg\" alt width=\"696\" height=\"928\"><\/p>\n<p><img loading=\"lazy\" decoding=\"async\" class=\"aligncenter size-large wp-image-64337\" src=\"https:\/\/www.informatiata.ro\/wp-content\/uploads\/2026\/03\/IMG-20260319-WA0026-768x1024.jpg\" alt width=\"696\" height=\"928\"><img loading=\"lazy\" decoding=\"async\" class=\"aligncenter size-large wp-image-64337\" src=\"https:\/\/www.informatiata.ro\/wp-content\/uploads\/2026\/03\/IMG-20260319-WA0026-768x1024.jpg\" alt width=\"696\" height=\"928\"><\/p>\n<p><img loading=\"lazy\" decoding=\"async\" class=\"aligncenter size-large wp-image-64338\" src=\"https:\/\/www.informatiata.ro\/wp-content\/uploads\/2026\/03\/IMG-20260319-WA0033-768x1024.jpg\" alt width=\"696\" height=\"928\"><img loading=\"lazy\" decoding=\"async\" class=\"aligncenter size-large wp-image-64338\" src=\"https:\/\/www.informatiata.ro\/wp-content\/uploads\/2026\/03\/IMG-20260319-WA0033-768x1024.jpg\" alt width=\"696\" height=\"928\"><\/p>\n<p><img loading=\"lazy\" decoding=\"async\" class=\"aligncenter size-large wp-image-64339\" src=\"https:\/\/www.informatiata.ro\/wp-content\/uploads\/2026\/03\/IMG-20260319-WA0022-768x1024.jpg\" alt width=\"696\" height=\"928\"><img loading=\"lazy\" decoding=\"async\" class=\"aligncenter size-large wp-image-64339\" src=\"https:\/\/www.informatiata.ro\/wp-content\/uploads\/2026\/03\/IMG-20260319-WA0022-768x1024.jpg\" alt width=\"696\" height=\"928\"><\/p>\n<\/div>\n<p>[analyse_source url=&#8221;https:\/\/www.informatiata.ro\/razie-ampla-campulung-moldovenesc\/&#8221;]<\/p>\n","protected":false},"excerpt":{"rendered":"<p>[analyse_image type=&#8221;featured&#8221; src=&#8221;https:\/\/www.informatiata.ro\/wp-content\/uploads\/2026\/03\/IMG-20260319-WA0033-768&#215;1024.jpg&#8221;] Razie de amploare a poli\u021bi\u0219tilor, la C\u00e2mpulung Moldovenesc. Miercuri, \u00eentre orele 06.00 \u2013 12.00 \u0219i 18:00 \u2013 21:00, pe raza subunit\u0103\u021bii C\u00e2mpulung Moldovenesc, \u00een cadrul unei razii, s-au desf\u0103\u0219urat activit\u0103\u021bi pe linia prevenirii \u0219i combaterii infrac\u021biunilor de natur\u0103 economic\u0103 \u0219i judiciar\u0103, a identific\u0103rii persoanelor urm\u0103rite \u00een temeiul legii, pentru realizarea unui climat [&hellip;]<\/p>\n","protected":false},"author":1,"featured_media":0,"comment_status":"open","ping_status":"","sticky":false,"template":"","format":"standard","meta":{"footnotes":""},"categories":[89],"tags":[226,167],"class_list":["post-1835202","post","type-post","status-publish","format-standard","hentry","category-romania","tag-crawlmanager","tag-informatiata-ro"],"_links":{"self":[{"href":"https:\/\/analyse.optim.biz\/index.php?rest_route=\/wp\/v2\/posts\/1835202","targetHints":{"allow":["GET"]}}],"collection":[{"href":"https:\/\/analyse.optim.biz\/index.php?rest_route=\/wp\/v2\/posts"}],"about":[{"href":"https:\/\/analyse.optim.biz\/index.php?rest_route=\/wp\/v2\/types\/post"}],"author":[{"embeddable":true,"href":"https:\/\/analyse.optim.biz\/index.php?rest_route=\/wp\/v2\/users\/1"}],"replies":[{"embeddable":true,"href":"https:\/\/analyse.optim.biz\/index.php?rest_route=%2Fwp%2Fv2%2Fcomments&post=1835202"}],"version-history":[{"count":0,"href":"https:\/\/analyse.optim.biz\/index.php?rest_route=\/wp\/v2\/posts\/1835202\/revisions"}],"wp:attachment":[{"href":"https:\/\/analyse.optim.biz\/index.php?rest_route=%2Fwp%2Fv2%2Fmedia&parent=1835202"}],"wp:term":[{"taxonomy":"category","embeddable":true,"href":"https:\/\/analyse.optim.biz\/index.php?rest_route=%2Fwp%2Fv2%2Fcategories&post=1835202"},{"taxonomy":"post_tag","embeddable":true,"href":"https:\/\/analyse.optim.biz\/index.php?rest_route=%2Fwp%2Fv2%2Ftags&post=1835202"}],"curies":[{"name":"wp","href":"https:\/\/api.w.org\/{rel}","templated":true}]}}