{"id":183519,"date":"2015-04-08T11:29:16","date_gmt":"2015-04-08T08:29:16","guid":{"rendered":"https:\/\/analyse.optim.biz\/?p=183519"},"modified":"2015-04-08T11:29:16","modified_gmt":"2015-04-08T08:29:16","slug":"calin-popescu-tariceanu-nu-avem-cum-sa-mai-dam-un-vot-in-cazul-sova","status":"publish","type":"post","link":"https:\/\/analyse.optim.biz\/?p=183519","title":{"rendered":"C\u0103lin Popescu T\u0103riceanu: Nu avem cum s\u0103 mai d\u0103m un vot \u00een cazul \u0218ova"},"content":{"rendered":"<div class=\"entry data-app-meta data-app-meta-article\" data-embed-base-url-canonical=\"https:\/\/www.digi24.ro\/embed\/stiri\/actualitate\/politica\/calin-popescu-tariceanu-nu-avem-cum-sa-mai-dam-un-vot-in-cazul-sova-377752\">\n<p data-index=\"1\">\u00a0<img decoding=\"async\" src=\"https:\/\/analyse.optim.biz\/wp-content\/uploads\/2024\/09\/zwm2mtg2ngu4ymy0mzc5ntuzngizmthhndqzogm0zja-thumb_.jpg\" data-skip-htmlfix=\"1\" title=\"zwm2mtg2ngu4ymy0mzc5ntuzngizmthhndqzogm0zja-thumb_\"><\/p>\n<p data-index=\"2\">Pre\u0219edintele Senatului, C\u0103lin Popescu T\u0103riceanu, sus\u021bine c\u0103 reluarea votului referitor la cererea DNA de re\u021binere \u0219i arestare preventiv\u0103 a social-democratului Dan \u0218ova &#8220;nu este posibil\u0103&#8221;, indiferent de decizia pe care judec\u0103torii Cur\u021bii Constitu\u021bionale o vor emite miercuri dup\u0103 analizarea sesiz\u0103rilor primite din partea pre\u0219edintelui Klaus Iohannis, a liberalilor \u0219i a CSM, noteaz\u0103 Agerpres.<\/p>\n<p data-index=\"3\">\u201e<strong>Nu avem cum s\u0103 mai d\u0103m un vot \u00een cazul domnului \u0218ova. Votul dat a fost unul perfect legal.\u00a0<\/strong>Bine\u00een\u021beles, n-are cum s\u0103 fie repetat \u0219i legea nu ac\u021bioneaz\u0103 retroactiv. \u00cen cazul \u00een care legea pe care Parlamentul a votat-o ieri (privind modificarea Statutului deputatului \u0219i senatorului \u2014 n.r.) va fi promulgat\u0103 de pre\u0219edinte, \u021bin\u00e2nd cont c\u0103 pre\u0219edintele are un termen de 20 de zile pentru promulgare, dup\u0103 aceea, dac\u0103 el o va promulga, sigur c\u0103 intr\u0103 \u00een vigoare \u0219i solicit\u0103rile viitoare vor putea s\u0103 fie judecate, s\u0103 spunem a\u0219a, \u0219i decise cu majoritatea simpl\u0103 a parlamentarilor&#8221;, a declarat T\u0103riceanu, miercuri, la RFI.<\/p>\n<p data-index=\"4\"><strong>El a precizat c\u0103 Parlamentul nu este &#8220;un ghi\u0219eu de \u00eenregistrare a cererilor&#8221; primite din Justi\u021bie.<\/strong><\/p>\n<p data-index=\"5\">\u201eNu vreau eu s\u0103 anticipez deciziile Cur\u021bii. Parlamentul are un drept suveran legat de \u00eencuviin\u021barea fie a urm\u0103ririlor penale, fie a arest\u0103rilor. Prin urmare, <strong>atunci c\u00e2nd este solicitat, el nu trebuie s\u0103 r\u0103spund\u0103 automat, ca la un simplu ghi\u0219eu de \u00eenregistrare a cererii, printr-un aviz favorabil. Poate s\u0103 dea aviz favorabil sau poate s\u0103 nu dea aviz favorabil,<\/strong> dup\u0103 ce analizeaz\u0103 fiecare caz \u00een parte\u201d, a explicat acesta. T\u0103riceanu a ad\u0103ugat c\u0103 nu \u00eentotdeauna \u00eencuviin\u021barea arest\u0103rii preventive este &#8220;logic\u0103&#8221;, dar a spus c\u0103 sunt \u0219i cazuri excep\u021bionale.<\/p>\n<p data-index=\"6\"><a href=\"https:\/\/www.digi24.ro\/Stiri\/Digi24\/Actualitate\/Justitie\/Curtea+Constitutionala+dezbate+sesizarile+in+cazul+lui+Dan+Sova\" target=\"_blank\" data-skip-linkfix=\"1\" rel=\"noopener\">Curtea Constitu\u021bional\u0103 a Rom\u00e2niei dezbate miercuri cele trei sesiz\u0103ri formulate de pre\u0219edintele Klaus Iohannis, de \u0219eful CSM, Marius Tudose, \u0219i de PNL \u00een leg\u0103tur\u0103 cu votul dat de Senat \u00een cazul solicit\u0103rii de \u00eencuviin\u021bare a re\u021binerii \u0219i arest\u0103rii preventive a social-democratului Dan \u0218ova.<\/a><\/p>\n<\/div>\n<p> Source URL: https:\/\/www.digi24.ro\/stiri\/actualitate\/politica\/calin-popescu-tariceanu-nu-avem-cum-sa-mai-dam-un-vot-in-cazul-sova-377752<\/p>\n","protected":false},"excerpt":{"rendered":"<p>\u00a0 Pre\u0219edintele Senatului, C\u0103lin Popescu T\u0103riceanu, sus\u021bine c\u0103 reluarea votului referitor la cererea DNA de re\u021binere \u0219i arestare preventiv\u0103 a social-democratului Dan \u0218ova &#8220;nu este posibil\u0103&#8221;, indiferent de decizia pe care judec\u0103torii Cur\u021bii Constitu\u021bionale o vor emite miercuri dup\u0103 analizarea sesiz\u0103rilor primite din partea pre\u0219edintelui Klaus Iohannis, a liberalilor \u0219i a CSM, noteaz\u0103 Agerpres. \u201eNu [&hellip;]<\/p>\n","protected":false},"author":1,"featured_media":183520,"comment_status":"open","ping_status":"","sticky":false,"template":"","format":"standard","meta":{"footnotes":""},"categories":[2],"tags":[11],"class_list":["post-183519","post","type-post","status-publish","format-standard","has-post-thumbnail","hentry","category-politics","tag-digi24"],"_links":{"self":[{"href":"https:\/\/analyse.optim.biz\/index.php?rest_route=\/wp\/v2\/posts\/183519","targetHints":{"allow":["GET"]}}],"collection":[{"href":"https:\/\/analyse.optim.biz\/index.php?rest_route=\/wp\/v2\/posts"}],"about":[{"href":"https:\/\/analyse.optim.biz\/index.php?rest_route=\/wp\/v2\/types\/post"}],"author":[{"embeddable":true,"href":"https:\/\/analyse.optim.biz\/index.php?rest_route=\/wp\/v2\/users\/1"}],"replies":[{"embeddable":true,"href":"https:\/\/analyse.optim.biz\/index.php?rest_route=%2Fwp%2Fv2%2Fcomments&post=183519"}],"version-history":[{"count":0,"href":"https:\/\/analyse.optim.biz\/index.php?rest_route=\/wp\/v2\/posts\/183519\/revisions"}],"wp:featuredmedia":[{"embeddable":true,"href":"https:\/\/analyse.optim.biz\/index.php?rest_route=\/wp\/v2\/media\/183520"}],"wp:attachment":[{"href":"https:\/\/analyse.optim.biz\/index.php?rest_route=%2Fwp%2Fv2%2Fmedia&parent=183519"}],"wp:term":[{"taxonomy":"category","embeddable":true,"href":"https:\/\/analyse.optim.biz\/index.php?rest_route=%2Fwp%2Fv2%2Fcategories&post=183519"},{"taxonomy":"post_tag","embeddable":true,"href":"https:\/\/analyse.optim.biz\/index.php?rest_route=%2Fwp%2Fv2%2Ftags&post=183519"}],"curies":[{"name":"wp","href":"https:\/\/api.w.org\/{rel}","templated":true}]}}