{"id":183508,"date":"2015-04-01T11:49:36","date_gmt":"2015-04-01T08:49:36","guid":{"rendered":"https:\/\/analyse.optim.biz\/?p=183508"},"modified":"2015-04-01T11:49:36","modified_gmt":"2015-04-01T08:49:36","slug":"klaus-iohannis-aceasta-faza-de-lupta-anticoruptie-e-foarte-urata-insa-fara-ea-nu-putem-sa-ne-facem-bine","status":"publish","type":"post","link":"https:\/\/analyse.optim.biz\/?p=183508","title":{"rendered":"Klaus Iohannis: Aceast\u0103 faz\u0103 de lupt\u0103 anticorup\u0163ie e foarte ur\u00e2t\u0103, \u00eens\u0103 f\u0103r\u0103 ea nu putem s\u0103 ne facem bine"},"content":{"rendered":"<div class=\"entry data-app-meta data-app-meta-article\" data-embed-base-url-canonical=\"https:\/\/www.digi24.ro\/embed\/stiri\/actualitate\/politica\/klaus-iohannis-aceasta-faza-de-lupta-anticoruptie-e-foarte-urata-insa-fara-ea-nu-putem-sa-ne-facem-bine-374805\">\n<p data-index=\"1\"><strong>Pre\u015fedintele este nemul\u0163umit c\u0103 Parlamentul blocheaz\u0103 activitatea Justi\u0163iei. Lucru pe care Klaus Iohannis l-a catalogat drept o restan\u0163\u0103 a primelor o sut\u0103 de zile de mandat.<\/strong><\/p>\n<p data-index=\"2\">\u201e<em>Faptul c\u0103 partidele \u0219i Parlamentul nu au realizat ce au promis, eu consider c\u0103 este \u00eenc\u0103 o nerealizare. Despre politicienii suspecta\u021bi de corup\u021bie \u0219i care fug de Justi\u021bie exist\u0103 o prob\u0103 pe care dac\u0103 nu o treci; nimic \u0219i nimeni nu te poate ajuta, se refer\u0103 la integritatea persoanei &#8211; nu se poate mima, oric\u00e2te \u00eencerc\u0103ri ai face. \u00cen politic\u0103, dac\u0103 ai gre\u0219it grav, demisionezi<\/em>\u201d, a declarat <strong>Klaus Iohannis<\/strong>.<\/p>\n<p data-index=\"3\">\u015eeful statului a vorbit de la Palatul Cotroceni \u015fi despre ac\u0163iunile procurorilor DNA din ultima vreme. De\u015fi <strong>Klaus Iohannis<\/strong> a criticat \u00een primele zile ale mandat faptul c\u0103 Justi\u0163ia se face la televizor, acum spune c\u0103 demersurile DNA sunt necesare pentru reformarea clasei politice.<\/p>\n<p data-index=\"4\">\u201e<em>Aceast\u0103 faz\u0103 intens\u0103 de lupt\u0103 anticorup\u021bie e ur\u00e2t\u0103, foarte ur\u00e2t\u0103, iese la suprafa\u021b\u0103 tot ce a fost \u0219i este mai r\u0103u \u0219i mai ur\u00e2t \u00een politica rom\u00e2neasc\u0103, \u00eens\u0103 v\u0103 asigur c\u0103 f\u0103r\u0103 aceast\u0103 faz\u0103 nu putem s\u0103 ne facem bine<\/em>\u201d, a ad\u0103ugat <strong>pre\u0219edintele Rom\u00e2niei<\/strong>.<\/p>\n<p data-index=\"5\">La finalul lunii ianuarie, \u00een urma unor runde de negocieri cu partidele parlamentare, <strong>Klaus Iohannis<\/strong> anun\u0163a c\u0103 s-a ajuns la un consens. Atunci toate partidele au fost de acord s\u0103 simplifice procedurile parlamentare pentru a permite Justi\u0163iei s\u0103 \u00ee\u015fi fac\u0103 treab\u0103. <strong>\u00cen ultimele dou\u0103 luni, trei parlamentari au sc\u0103pat de urm\u0103rirea penal\u0103 sau de arestare, prin votul colegilor lor, care au respins cererile procurorilor.<\/strong><\/p>\n<h5><a href=\"https:\/\/www.digi24.ro\/Stiri\/Digi24\/Actualitate\/Politica\/C+T+Popescu+K+Iohannis+a+inteles+ca+presedintele+reprezinta+o+re\" data-skip-linkfix=\"1\">Cristian Tudor Popescu: Pre\u0219edintele ar trebuie s\u0103 someze Parlamentul<\/a><\/h5>\n<p data-index=\"6\"><strong>Jurnalistul Cristian Tudor Popescu<\/strong> este de p\u0103rere c\u0103 pre\u015fedintele ar trebui s\u0103 someze Parlamentul s\u0103 fac\u0103 un calendar de rezolvare pentru marile probleme legislative. Printre acestea ar fi modificarea prevederilor care permit obstruc\u0163ionarea anchetelor de corup\u0163ie \u015fi revizuirea Constitu\u0163iei.<\/p>\n<p data-index=\"7\">\u201e<span><em>Klaus Iohannis a \u00een\u0163eles un lucru esen\u0163ial \u00een ceea ce prive\u0219te comportamentul unui pre\u015fedinte, lucru pe care predecesorul s\u0103u l-a \u00een\u0163eles poate cel mai putin, \u0219i anume c\u0103 pre\u015fedintele reprezint\u0103 \u00een primul r\u00e2nd o rezerv\u0103 de \u00eencredere a statului \u015fi a na\u0163iunii. Un pre\u015fedinte nu trebuie s\u0103 se amestece \u00een tot felul de \u00eenc\u0103ier\u0103ri politice, nu trebuie una-dou\u0103 s\u0103-\u0219i fac\u0103 auzit cuv\u00e2ntul<\/em>\u201d, a spus jurnalistul. <\/span><\/p>\n<p data-index=\"8\">\u201e<span><em>C\u00e2t\u0103 r\u0103bdare s\u0103 avem? Dac\u0103 s-ar accelera \u0219i mai tare acest proces de chiuretare a furunculelor multe \u0219i cu r\u0103d\u0103cini foarte ad\u00e2nci \u00een corpul social rom\u00e2nesc, v\u0103 da\u0163i seama ce \u021bipete ar fi, ce urlete, ce proteste! Are dreptate domnul Iohannis, lucrurile trebuie f\u0103cute pas cu pas, dar f\u0103r\u0103 a da vreun pas \u00eenapoi \u0219i f\u0103r\u0103 a bate pasul pe loc<\/em>\u201d, a ad\u0103ugat <strong>Cristian Tudor Popescu<\/strong>.\u00a0<\/span><\/p>\n<h5><span>Citi\u021bi \u0219i<\/span><\/h5>\n<h5><a href=\"https:\/\/www.digi24.ro\/Stiri\/Digi24\/Actualitate\/Politica\/Klaus+Iohannis+bilant+la+100+de+zile+de+mandat+Eu+nu+ma+joc+cu+l\" data-skip-linkfix=\"1\"><span>Klaus Iohannis:\u00a0Nu am de g\u00e2nd s\u0103 preiau rolul opozi\u021biei<\/span><\/a><\/h5>\n<h5><a href=\"https:\/\/www.digi24.ro\/Stiri\/Digi24\/Actualitate\/Politica\/Klaus+Iohannis+nemultumit+de+Guvernul+Ponta+Sper+ca+PNL+sa+fie+i\" data-skip-linkfix=\"1\"><span>Klaus Iohannis, nemul\u021bumit de Guvernul Ponta: Sper ca PNL s\u0103 fie inspirat c\u00e2nd face alian\u021bele<\/span><\/a><\/h5>\n<\/div>\n<p> Source URL: https:\/\/www.digi24.ro\/stiri\/actualitate\/politica\/klaus-iohannis-aceasta-faza-de-lupta-anticoruptie-e-foarte-urata-insa-fara-ea-nu-putem-sa-ne-facem-bine-374805<\/p>\n","protected":false},"excerpt":{"rendered":"<p>Pre\u015fedintele este nemul\u0163umit c\u0103 Parlamentul blocheaz\u0103 activitatea Justi\u0163iei. Lucru pe care Klaus Iohannis l-a catalogat drept o restan\u0163\u0103 a primelor o sut\u0103 de zile de mandat. \u201eFaptul c\u0103 partidele \u0219i Parlamentul nu au realizat ce au promis, eu consider c\u0103 este \u00eenc\u0103 o nerealizare. Despre politicienii suspecta\u021bi de corup\u021bie \u0219i care fug de Justi\u021bie exist\u0103 [&hellip;]<\/p>\n","protected":false},"author":1,"featured_media":183509,"comment_status":"open","ping_status":"","sticky":false,"template":"","format":"standard","meta":{"footnotes":""},"categories":[2],"tags":[11],"class_list":["post-183508","post","type-post","status-publish","format-standard","has-post-thumbnail","hentry","category-politics","tag-digi24"],"_links":{"self":[{"href":"https:\/\/analyse.optim.biz\/index.php?rest_route=\/wp\/v2\/posts\/183508","targetHints":{"allow":["GET"]}}],"collection":[{"href":"https:\/\/analyse.optim.biz\/index.php?rest_route=\/wp\/v2\/posts"}],"about":[{"href":"https:\/\/analyse.optim.biz\/index.php?rest_route=\/wp\/v2\/types\/post"}],"author":[{"embeddable":true,"href":"https:\/\/analyse.optim.biz\/index.php?rest_route=\/wp\/v2\/users\/1"}],"replies":[{"embeddable":true,"href":"https:\/\/analyse.optim.biz\/index.php?rest_route=%2Fwp%2Fv2%2Fcomments&post=183508"}],"version-history":[{"count":0,"href":"https:\/\/analyse.optim.biz\/index.php?rest_route=\/wp\/v2\/posts\/183508\/revisions"}],"wp:featuredmedia":[{"embeddable":true,"href":"https:\/\/analyse.optim.biz\/index.php?rest_route=\/wp\/v2\/media\/183509"}],"wp:attachment":[{"href":"https:\/\/analyse.optim.biz\/index.php?rest_route=%2Fwp%2Fv2%2Fmedia&parent=183508"}],"wp:term":[{"taxonomy":"category","embeddable":true,"href":"https:\/\/analyse.optim.biz\/index.php?rest_route=%2Fwp%2Fv2%2Fcategories&post=183508"},{"taxonomy":"post_tag","embeddable":true,"href":"https:\/\/analyse.optim.biz\/index.php?rest_route=%2Fwp%2Fv2%2Ftags&post=183508"}],"curies":[{"name":"wp","href":"https:\/\/api.w.org\/{rel}","templated":true}]}}