{"id":183497,"date":"2015-04-01T11:51:08","date_gmt":"2015-04-01T08:51:08","guid":{"rendered":"https:\/\/analyse.optim.biz\/?p=183497"},"modified":"2015-04-01T11:51:08","modified_gmt":"2015-04-01T08:51:08","slug":"pnl-ii-cere-demisia-lui-calin-popescu-tariceanu","status":"publish","type":"post","link":"https:\/\/analyse.optim.biz\/?p=183497","title":{"rendered":"PNL \u00eei cere demisia lui C\u0103lin Popescu-T\u0103riceanu"},"content":{"rendered":"<div class=\"entry data-app-meta data-app-meta-article\" data-embed-base-url-canonical=\"https:\/\/www.digi24.ro\/embed\/stiri\/actualitate\/politica\/pnl-ii-cere-demisia-lui-calin-popescu-tariceanu-374808\">\n<p data-index=\"1\">Liberalii \u00eel acuz\u0103 pe \u0219eful Senatului, C\u0103lin Popescu-T\u0103riceanu, c\u0103 blocheaz\u0103 votul \u00een cazul fostului ministru Darius V\u00e2lcov.<\/p>\n<p data-index=\"2\">Noi dispute \u00eentre senatori privind votul pentru a doua cerere a DNA de re\u0163inere \u015fi arestare preventiv\u0103 a senatorului Darius V\u00e2lcov.<\/p>\n<p data-index=\"3\">De\u015fi Regulamentul a fost modificat astfel \u00eenc\u00e2t s\u0103 corespund\u0103 Constitu\u0163iei, pre\u015fedintele Senatului, C\u0103lin Popescu-T\u0103riceanu, sus\u0163ine c\u0103 este \u00eenc\u0103 nevoie de majoritate absolut\u0103 pentru \u00eencuviin\u0163area cererii procurorilor.<\/p>\n<p data-index=\"4\">Ca argument, el invoc\u0103 faptul c\u0103 Statutul Deputa\u0163ilor \u015fi Senatorilor nu este \u00een acord cu prevederile constitu\u0163ionale. Acela\u015fi motiv a fost invocat \u015fi \u00een cazul lui Dan \u015eova, s\u0103pt\u0103m\u00e2na trecut\u0103. Liberalii cer acum demisia \u015fefului Senatului.<\/p>\n<\/div>\n<p> Source URL: https:\/\/www.digi24.ro\/stiri\/actualitate\/politica\/pnl-ii-cere-demisia-lui-calin-popescu-tariceanu-374808<\/p>\n","protected":false},"excerpt":{"rendered":"<p>Liberalii \u00eel acuz\u0103 pe \u0219eful Senatului, C\u0103lin Popescu-T\u0103riceanu, c\u0103 blocheaz\u0103 votul \u00een cazul fostului ministru Darius V\u00e2lcov. Noi dispute \u00eentre senatori privind votul pentru a doua cerere a DNA de re\u0163inere \u015fi arestare preventiv\u0103 a senatorului Darius V\u00e2lcov. De\u015fi Regulamentul a fost modificat astfel \u00eenc\u00e2t s\u0103 corespund\u0103 Constitu\u0163iei, pre\u015fedintele Senatului, C\u0103lin Popescu-T\u0103riceanu, sus\u0163ine c\u0103 este [&hellip;]<\/p>\n","protected":false},"author":1,"featured_media":183498,"comment_status":"open","ping_status":"","sticky":false,"template":"","format":"standard","meta":{"footnotes":""},"categories":[2],"tags":[11],"class_list":["post-183497","post","type-post","status-publish","format-standard","has-post-thumbnail","hentry","category-politics","tag-digi24"],"_links":{"self":[{"href":"https:\/\/analyse.optim.biz\/index.php?rest_route=\/wp\/v2\/posts\/183497","targetHints":{"allow":["GET"]}}],"collection":[{"href":"https:\/\/analyse.optim.biz\/index.php?rest_route=\/wp\/v2\/posts"}],"about":[{"href":"https:\/\/analyse.optim.biz\/index.php?rest_route=\/wp\/v2\/types\/post"}],"author":[{"embeddable":true,"href":"https:\/\/analyse.optim.biz\/index.php?rest_route=\/wp\/v2\/users\/1"}],"replies":[{"embeddable":true,"href":"https:\/\/analyse.optim.biz\/index.php?rest_route=%2Fwp%2Fv2%2Fcomments&post=183497"}],"version-history":[{"count":0,"href":"https:\/\/analyse.optim.biz\/index.php?rest_route=\/wp\/v2\/posts\/183497\/revisions"}],"wp:featuredmedia":[{"embeddable":true,"href":"https:\/\/analyse.optim.biz\/index.php?rest_route=\/wp\/v2\/media\/183498"}],"wp:attachment":[{"href":"https:\/\/analyse.optim.biz\/index.php?rest_route=%2Fwp%2Fv2%2Fmedia&parent=183497"}],"wp:term":[{"taxonomy":"category","embeddable":true,"href":"https:\/\/analyse.optim.biz\/index.php?rest_route=%2Fwp%2Fv2%2Fcategories&post=183497"},{"taxonomy":"post_tag","embeddable":true,"href":"https:\/\/analyse.optim.biz\/index.php?rest_route=%2Fwp%2Fv2%2Ftags&post=183497"}],"curies":[{"name":"wp","href":"https:\/\/api.w.org\/{rel}","templated":true}]}}