{"id":183483,"date":"2015-04-08T18:06:49","date_gmt":"2015-04-08T15:06:49","guid":{"rendered":"https:\/\/analyse.optim.biz\/?p=183483"},"modified":"2015-04-08T18:06:49","modified_gmt":"2015-04-08T15:06:49","slug":"analisti-victor-ponta-urmareste-o-lovitura-politica-si-de-imagine-prin-reducerea-tva","status":"publish","type":"post","link":"https:\/\/analyse.optim.biz\/?p=183483","title":{"rendered":"Anali\u0219ti: Victor Ponta urm\u0103re\u0219te o lovitur\u0103 politic\u0103 \u0219i de imagine prin reducerea TVA"},"content":{"rendered":"<div class=\"entry data-app-meta data-app-meta-article\" data-embed-base-url-canonical=\"https:\/\/www.digi24.ro\/embed\/stiri\/actualitate\/politica\/analisti-victor-ponta-urmareste-o-lovitura-politica-si-de-imagine-prin-reducerea-tva-378048\">\n<p data-index=\"1\">Dup\u0103 ce a pierdut cursa preziden\u0163ial\u0103, Victor Ponta a \u015ftiut s\u0103 joace bine cartea guvern\u0103rii, spun anali\u015ftii. Le-a dat \u015fah liberalilor prin promovarea unor m\u0103suri economice de dreapta, cum ar fi relaxarea fiscal\u0103. Cea mai important\u0103, reducerea semnificativ\u0103 a TVA la alimente, \u00eei poate aduce lui Victor Ponta simpatia electoratului. \u00cen plus, PNL este pus \u00eentr-o postur\u0103 delicat\u0103, pentru c\u0103 oric\u00e2t ar \u00eencerca s\u0103 fac\u0103 opozi\u0163ie, nu poate contesta m\u0103suri care sunt profund liberale.<\/p>\n<p data-index=\"2\">\u201eCeea ce noi dorim este ca astfel de m\u0103suri economice s\u0103 produc\u0103 efecte pozitive, or dup\u0103 toate semnalele pe care le-am v\u0103zut \u00een ultimele zile, sunt semne de \u00eentrebare legate de capacitatea guvernului de a implementa aceast\u0103 m\u0103sur\u0103 \u00een acest moment\u201d, a declarat prim-vicepre\u0219edintele PNL, C\u0103t\u0103lin Predoiu.<\/p>\n<p data-index=\"3\">Anali\u015ftii politici cred c\u0103 efectele relax\u0103rii fiscale se vor sim\u0163i \u00een momente-cheie. Astfel, reducerea TVA la alimente se va resim\u0163i \u00een toamn\u0103, ceea ce \u00eei va asigura premierului garan\u0163ia c\u0103 va r\u0103m\u00e2ne la Palatul Victoria p\u00e2n\u0103 la sf\u00e2r\u015fitul anului. Apoi, dac\u0103 de la 1 ianuarie anul viitor va fi aplicat\u0103 \u015fi sc\u0103derea general\u0103 a taxei pe valoare ad\u0103ugat\u0103, a\u015fa cum a promis premierul Victor Ponta, va fi o lovitur\u0103 bun\u0103 \u00eenainte de alegeri.<\/p>\n<p data-index=\"4\">\u201eEle se vor resim\u0163i undeva prin martie, deci deja aproape de alegerile locale, ceea ce va fi un balon de oxigen suficient pentru prim\u0103riile PSD \u015fi ale coali\u0163iei din \u0163ar\u0103\u201d, spune politologul Andrei \u021a\u0103ranu.<\/p>\n<p data-index=\"5\">\u201eEste cel mai mic impact bugetar, dar cel mai mare impact de imagine, dac\u0103 vre\u0163i, dac\u0103 reducem TVA-ul pentru alimente, av\u00e2nd un guvern de st\u00e2nga care tocmai \u00eencearc\u0103 s\u0103-i ajute pe cei mai pu\u0163ini noroco\u015fi\u201d, spune consultantul fiscal Gabriel Sincu.<\/p>\n<p data-index=\"6\">M\u0103sura reducerii TVA, mai cred mul\u0163i anali\u015fti, \u00eei garanteaz\u0103 premierului \u015fi majoritatea din Parlament, pentru c\u0103 nimeni nu p\u0103r\u0103se\u0219te barca puterii \u00eentr-un moment favorabil.<\/p>\n<p data-index=\"7\">\u201e\u00cen Parlament, tocmai datorit\u0103 acestor m\u0103suri economice care dau m\u0103car sentimentul c\u0103 Parlamentul lucreaz\u0103, c\u0103 exist\u0103 o activitate guvernamental\u0103 \u015fi un interes al majorit\u0103\u0163ii pentru societate, (&#8230;) probabil c\u0103 domnul Ponta va continua s\u0103 r\u0103m\u00e2n\u0103 prim-ministru\u201d, este de p\u0103rere Andrei \u021a\u0103ranu.<\/p>\n<p data-index=\"8\">Tot anali\u015ftii atrag aten\u0163ia \u00eens\u0103 c\u0103 deciziile lui Victor Ponta ca premier nu sunt hot\u0103r\u00e2toare pentru a-i garanta scaunul \u00een partid. Pentru PSD, spune Andrei \u0162\u0103ranu, prejudiciul de imagine adus de cazuri precum \u015eova sau V\u00e2lcov sunt foarte mari, iar fr\u0103m\u00e2nt\u0103rile interne nu se vor opri. \u00a0<\/p>\n<\/div>\n<p> Source URL: https:\/\/www.digi24.ro\/stiri\/actualitate\/politica\/analisti-victor-ponta-urmareste-o-lovitura-politica-si-de-imagine-prin-reducerea-tva-378048<\/p>\n","protected":false},"excerpt":{"rendered":"<p>Dup\u0103 ce a pierdut cursa preziden\u0163ial\u0103, Victor Ponta a \u015ftiut s\u0103 joace bine cartea guvern\u0103rii, spun anali\u015ftii. Le-a dat \u015fah liberalilor prin promovarea unor m\u0103suri economice de dreapta, cum ar fi relaxarea fiscal\u0103. Cea mai important\u0103, reducerea semnificativ\u0103 a TVA la alimente, \u00eei poate aduce lui Victor Ponta simpatia electoratului. \u00cen plus, PNL este pus [&hellip;]<\/p>\n","protected":false},"author":1,"featured_media":183484,"comment_status":"open","ping_status":"","sticky":false,"template":"","format":"standard","meta":{"footnotes":""},"categories":[2],"tags":[11],"class_list":["post-183483","post","type-post","status-publish","format-standard","has-post-thumbnail","hentry","category-politics","tag-digi24"],"_links":{"self":[{"href":"https:\/\/analyse.optim.biz\/index.php?rest_route=\/wp\/v2\/posts\/183483","targetHints":{"allow":["GET"]}}],"collection":[{"href":"https:\/\/analyse.optim.biz\/index.php?rest_route=\/wp\/v2\/posts"}],"about":[{"href":"https:\/\/analyse.optim.biz\/index.php?rest_route=\/wp\/v2\/types\/post"}],"author":[{"embeddable":true,"href":"https:\/\/analyse.optim.biz\/index.php?rest_route=\/wp\/v2\/users\/1"}],"replies":[{"embeddable":true,"href":"https:\/\/analyse.optim.biz\/index.php?rest_route=%2Fwp%2Fv2%2Fcomments&post=183483"}],"version-history":[{"count":0,"href":"https:\/\/analyse.optim.biz\/index.php?rest_route=\/wp\/v2\/posts\/183483\/revisions"}],"wp:featuredmedia":[{"embeddable":true,"href":"https:\/\/analyse.optim.biz\/index.php?rest_route=\/wp\/v2\/media\/183484"}],"wp:attachment":[{"href":"https:\/\/analyse.optim.biz\/index.php?rest_route=%2Fwp%2Fv2%2Fmedia&parent=183483"}],"wp:term":[{"taxonomy":"category","embeddable":true,"href":"https:\/\/analyse.optim.biz\/index.php?rest_route=%2Fwp%2Fv2%2Fcategories&post=183483"},{"taxonomy":"post_tag","embeddable":true,"href":"https:\/\/analyse.optim.biz\/index.php?rest_route=%2Fwp%2Fv2%2Ftags&post=183483"}],"curies":[{"name":"wp","href":"https:\/\/api.w.org\/{rel}","templated":true}]}}