{"id":1834825,"date":"2026-03-18T14:06:59","date_gmt":"2026-03-18T11:06:59","guid":{"rendered":"https:\/\/analyse.optim.biz\/?p=1834825"},"modified":"2026-03-18T14:06:59","modified_gmt":"2026-03-18T11:06:59","slug":"accidentatde-doua-ori-intr-o-zi-la-caineni-si-bujoreni","status":"publish","type":"post","link":"https:\/\/analyse.optim.biz\/?p=1834825","title":{"rendered":"Accidentat\u2026de dou\u0103 ori \u00eentr-o zi, la C\u00e2ineni \u0219i Bujoreni"},"content":{"rendered":"<p>[analyse_image type=&#8221;featured&#8221; src=&#8221;https:\/\/www.curierul.ro\/wp-content\/uploads\/2026\/03\/accident-bujoreni-e1773842413642.jpeghttps:\/\/i0.wp.com\/www.curierul.ro\/wp-content\/uploads\/2026\/03\/accident-bujoreni-e1773842413642.jpeg?fit=1035%2C728&amp;ssl=1&#8243;]<\/p>\n<article id=\"196693\" class=\"post-196693 post type-post status-publish format-standard has-post-thumbnail hentry category-ceasul-rau category-politie category-social tag-accident tag-bujoreni tag-caineni\">\n<header class=\"post-header\">\n<ul class=\"breadcrumbs\">\n<li><a href=\"https:\/\/www.curierul.ro\">Home<\/a><\/li>\n<li class=\"breadcrumbs-active .category-ceasul-rau\"><a href=\"https:\/\/www.curierul.ro\/index.php?cat=54\">Ceasul rau<\/a><\/li>\n<li class=\"breadcrumbs-active .category-ceasul-rau\">Accidentat\u2026de dou\u0103 ori \u00eentr-o zi, la C\u00e2ineni \u0219i Bujoreni<\/li>\n<\/ul>\n<div class=\"featured-photo\"><img loading=\"lazy\" decoding=\"async\" width=\"1035\" height=\"728\" src=\"https:\/\/i0.wp.com\/www.curierul.ro\/wp-content\/uploads\/2026\/03\/accident-bujoreni-e1773842413642.jpeg?fit=300%2C211&amp;ssl=1\" class=\"attachment-single size-single wp-post-image\" alt><\/div>\n<h1 class=\"headline\">Accidentat\u2026de dou\u0103 ori \u00eentr-o zi, la C\u00e2ineni \u0219i Bujoreni<\/h1>\n<p class=\"byline\">\n\t\tScris de<a href=\"https:\/\/www.curierul.ro\/author\/alin\/\">Alin Emilian Tudoroiu<\/a>, \t\t18 martie 2026\t\t\t\t<\/p>\n<hr>\n<\/header>\n<p>Poli\u021bi\u0219tii Serviciului Rutier V\u00e2lcea au intervenit ast\u0103zi (18.03, n.r.) la un accident rutier produs pe Drumul Na\u021bional 7, pe raza localit\u0103\u021bii Bujoreni. Din primele verific\u0103ri efectuate la fa\u021ba locului, s-a stabilit c\u0103 un b\u0103rbat \u00een v\u00e2rst\u0103 de 58 de ani, din localitatea Runcu, \u00een timp ce conducea un vehicul de salubrizare, nu s-ar fi asigurat la schimbarea direc\u021biei de mers, moment \u00een care ar fi fost acro\u0219at de o ambulan\u021b\u0103 condus\u0103 de un b\u0103rbat de 63 de ani, din ora\u0219ul Brezoi.<\/p>\n<p>Ambulan\u021ba se afla \u00een misiune, av\u00e2nd \u00een func\u021biune semnalele acustice \u0219i luminoase, transport\u00e2nd un pacient \u00een v\u00e2rst\u0103 de 77 de ani, din localitatea Bude\u0219ti, victim\u0103 a unui accident rutier produs \u00een cursul acestei dimine\u021bi, pe raza localit\u0103\u021bii C\u00e2ineni <strong>(foto accident C\u00e2ineni).<\/strong><\/p>\n<p><img loading=\"lazy\" decoding=\"async\" class=\"aligncenter wp-image-196695 size-full\" title=\"accident C\u00e2ineni\" src=\"https:\/\/i0.wp.com\/www.curierul.ro\/wp-content\/uploads\/2026\/03\/Accident-Caineni-1-e1773842551233.jpeg?fit=300%2C203&amp;ssl=1\" alt width=\"1243\" height=\"843\"><\/p>\n<p>Cei doi conduc\u0103tori auto au fost testa\u021bi cu aparatul alcooltest, rezultatele fiind negative.<br \/>\u00cen zona producerii accidentului, traficul rutier s-a desf\u0103\u0219urat pe o singur\u0103 band\u0103, alternativ.<br \/>Poli\u021bi\u0219tii continu\u0103 cercet\u0103rile pentru stabilirea cu exactitate a tuturor cauzelor \u0219i \u00eemprejur\u0103rilor producerii accidentului rutier, \u00een cadrul unui dosar penal \u00eentocmit pentru v\u0103t\u0103mare corporal\u0103 din culp\u0103.<\/p>\n<div class=\"sharedaddy sd-sharing-enabled\">\n<div class=\"robots-nocontent sd-block sd-social sd-social-official sd-sharing\">\n<h3 class=\"sd-title\">Distribuie pe:<\/h3>\n<div class=\"sd-content\">\n<ul>\n<li class=\"share-facebook\">\n<li class=\"share-twitter\"><a href=\"https:\/\/twitter.com\/share\" class=\"twitter-share-button\" data-url=\"https:\/\/www.curierul.ro\/accidentat-de-doua-ori-intr-o-zi-la-caineni-si-bujoreni\/\" data-text=\"Accidentat...de dou\u0103 ori \u00eentr-o zi, la C\u00e2ineni \u0219i Bujoreni\" data-via=\"curierulvl\">Tweet<\/a><\/li>\n<li class=\"share-jetpack-whatsapp\"><a rel=\"nofollow noopener noreferrer\" data-shared=\"sharing-whatsapp-196693\" class=\"share-jetpack-whatsapp sd-button\" href=\"https:\/\/www.curierul.ro\/accidentat-de-doua-ori-intr-o-zi-la-caineni-si-bujoreni\/?share=jetpack-whatsapp\" target=\"_blank\" aria-labelledby=\"sharing-whatsapp-196693\"><span id=\"sharing-whatsapp-196693\" hidden>Partajeaz\u0103 prin WhatsApp(Se deschide \u00eentr-o fereastr\u0103 nou\u0103)<\/span><span>WhatsApp<\/span><\/a><\/li>\n<li><a href=\"https:\/\/www.curierul.ro\/accidentat-de-doua-ori-intr-o-zi-la-caineni-si-bujoreni\/\" class=\"sharing-anchor sd-button share-more\"><span>Mai mult<\/span><\/a><\/li>\n<li class=\"share-end\"><\/ul>\n<div class=\"sharing-hidden\">\n<div class=\"inner\">\n<ul>\n<li class=\"share-email\"><a rel=\"nofollow noopener noreferrer\" data-shared=\"sharing-email-196693\" class=\"share-email sd-button\" href=\"mailto:?subject=%5BArticol%20partajat%5D%20Accidentat...de%20dou%C4%83%20ori%20%C3%AEntr-o%20zi%2C%20la%20C%C3%A2ineni%20%C8%99i%20Bujoreni&amp;body=https%3A%2F%2Fwww.curierul.ro%2Faccidentat-de-doua-ori-intr-o-zi-la-caineni-si-bujoreni%2F&amp;share=email\" target=\"_blank\" aria-labelledby=\"sharing-email-196693\" data-email-share-error-title=\"\u021ai-ai configurat emailul?\" data-email-share-error-text=\"Dac\u0103 ai probleme la partajarea prin email, probabil nu ai configurat emailul pentru navigator. Poate trebuie s\u0103 creezi singur un email nou.\" data-email-share-nonce=\"d62e05ff0a\" data-email-share-track-url=\"https:\/\/www.curierul.ro\/accidentat-de-doua-ori-intr-o-zi-la-caineni-si-bujoreni\/?share=email\"><span id=\"sharing-email-196693\" hidden>Trimite unui prieten un email cu o leg\u0103tur\u0103(Se deschide \u00eentr-o fereastr\u0103 nou\u0103)<\/span><span>Email<\/span><\/a><\/li>\n<li class=\"share-print\"><a rel=\"nofollow noopener noreferrer\" data-shared=\"sharing-print-196693\" class=\"share-print sd-button\" href=\"https:\/\/www.curierul.ro\/accidentat-de-doua-ori-intr-o-zi-la-caineni-si-bujoreni\/#print?share=print\" target=\"_blank\" aria-labelledby=\"sharing-print-196693\"><span id=\"sharing-print-196693\" hidden>Imprimare(Se deschide \u00eentr-o fereastr\u0103 nou\u0103)<\/span><span>Imprimare<\/span><\/a><\/li>\n<li class=\"share-end\"><\/ul>\n<\/div>\n<\/div>\n<\/div>\n<\/div>\n<\/div>\n<div id=\"jp-relatedposts\" class=\"jp-relatedposts\">\n<h3 class=\"jp-relatedposts-headline\"><em>Similare<\/em><\/h3>\n<\/div>\n<footer class=\"post-footer\">\n<p class=\"tags\"><strong>Tags: <\/strong><a href=\"https:\/\/www.curierul.ro\/tag\/accident\/\" rel=\"tag\">accident<\/a>, <a href=\"https:\/\/www.curierul.ro\/tag\/bujoreni\/\" rel=\"tag\">bujoreni<\/a>, <a href=\"https:\/\/www.curierul.ro\/tag\/caineni\/\" rel=\"tag\">C\u00e2ineni<\/a><\/p>\n<div class=\"post-navigation clearfix\">\n<div class=\"previous-post\">\n<div class=\"featured-photo\"><img decoding=\"async\" width=\"1082\" height=\"1072\" src=\"https:\/\/i0.wp.com\/www.curierul.ro\/wp-content\/uploads\/2026\/03\/SCM-fotbal.jpeg?fit=300%2C297&amp;ssl=1\" class=\"attachment-post-thumbnail size-post-thumbnail wp-post-image\" alt loading=\"lazy\"><\/div>\n<p class=\"paginate-title\">\u00ab\u00ab <a href=\"https:\/\/www.curierul.ro\/scm-ramnicu-valcea-a-risipit-doua-puncte-mari-in-valea-jiului-pentru-play-off\/\" rel=\"prev\">SCM R\u00c2MNICU V\u00c2LCEA A RISIPIT DOU\u0102 PUNCTE MARI \u00ceN VALEA JIULUI, PENTRU PLAY-OFF<\/a><\/p>\n<\/div>\n<div class=\"next-post\">\n<div class=\"featured-photo\"><img decoding=\"async\" width=\"833\" height=\"693\" src=\"https:\/\/i0.wp.com\/www.curierul.ro\/wp-content\/uploads\/2019\/03\/APAVIL-SIGLA-2019.jpg?fit=300%2C250&amp;ssl=1\" class=\"attachment-post-thumbnail size-post-thumbnail wp-post-image\" alt loading=\"lazy\"><\/div>\n<p class=\"paginate-title\"><a href=\"https:\/\/www.curierul.ro\/apavil-sa-anunt-privind-scoaterea-la-concurs-a-unui-post-de-incasator-cititor-in-cadrul-serviciului-citire-incasare-ramnicu-valcea-subzona-mihaesti-2\/\" rel=\"next\">APAVIL SA \u2013 anun\u021b privind scoaterea la concurs a unui\u00a0 post de \u00eencasator-cititor \u00een cadrul \u00a0Serviciului Citire \u00cencasare, R\u00e2mnicu V\u00e2lcea, subzona Mih\u0103e\u0219ti<\/a> \u00bb\u00bb<\/p>\n<\/div>\n<\/div>\n<div id=\"comments\" class=\"comments-area\">\n<div id=\"respond\" class=\"comment-respond\">\n<h3 id=\"reply-title\" class=\"comment-reply-title\">Po\u021bi comenta aici<small><a rel=\"nofollow\" id=\"cancel-comment-reply-link\" href=\"https:\/\/www.curierul.ro\/accidentat-de-doua-ori-intr-o-zi-la-caineni-si-bujoreni\/#respond\">Anuleaz\u0103 r\u0103spunsul<\/a><\/small><\/h3>\n<\/div>\n<p class=\"akismet_comment_form_privacy_notice\">Acest site folose\u0219te Akismet pentru a reduce spamul. <a href=\"https:\/\/akismet.com\/privacy\/\" target=\"_blank\" rel=\"nofollow noopener\">Afl\u0103 cum sunt procesate datele comentariilor tale<\/a>.<\/p>\n<\/div>\n<section class=\"related-stories\">\n<h2>Related Stories<\/h2>\n<div class=\"stories-container\">\n<article id=\"latest-195972\" class=\"story post-195972 post type-post status-publish format-standard has-post-thumbnail hentry category-ceasul-rau category-headlines category-politie category-social tag-accident tag-ghinion tag-masina-politie tag-serviciul-rutier\">\n<div class=\"photo\"><img decoding=\"async\" width=\"735\" height=\"440\" src=\"https:\/\/i0.wp.com\/www.curierul.ro\/wp-content\/uploads\/2026\/01\/accident-Raureni-e1768549775867.jpeg?fit=300%2C181&amp;ssl=1\" class=\"attachment-giornalismo-single size-giornalismo-single wp-post-image\" alt loading=\"lazy\"><\/div>\n<p class=\"headline\"><a href=\"https:\/\/www.curierul.ro\/culmea-ghinionului-sa-faci-accident-cu-o-masina-de-politie-la-poarta-serviciului-rutier\/\">Culmea ghinionului\u2026s\u0103 faci accident cu o ma\u0219in\u0103 de poli\u021bie, la poarta Serviciului Rutier<\/a><\/p>\n<\/article>\n<article id=\"latest-194084\" class=\"story post-194084 post type-post status-publish format-standard has-post-thumbnail hentry category-ambulanta category-ceasul-rau category-headlines category-politie category-social tag-accident tag-ambulanta tag-copil tag-impact tag-spital tag-stolniceni\">\n<div class=\"photo\"><img decoding=\"async\" width=\"735\" height=\"440\" src=\"https:\/\/i0.wp.com\/www.curierul.ro\/wp-content\/uploads\/2025\/07\/accident-stolniceni.jpeg?fit=300%2C225&amp;ssl=1\" class=\"attachment-giornalismo-single size-giornalismo-single wp-post-image\" alt loading=\"lazy\"><\/div>\n<p class=\"headline\"><a href=\"https:\/\/www.curierul.ro\/impact-puternic-intre-o-ambulanta-si-o-autoutilitara-o-tanara-si-un-copil-au-ajuns-la-spital\/\">Impact puternic \u00eentre o ambulan\u021b\u0103 \u0219i o autoutilitar\u0103. O t\u00e2n\u0103r\u0103 \u0219i un copil au ajuns la spital<\/a><\/p>\n<\/article>\n<article id=\"latest-193802\" class=\"story post-193802 post type-post status-publish format-standard has-post-thumbnail hentry category-ceasul-rau category-isu category-politie category-social tag-accident tag-mortal\">\n<div class=\"photo\"><img decoding=\"async\" width=\"735\" height=\"440\" src=\"https:\/\/i0.wp.com\/www.curierul.ro\/wp-content\/uploads\/2025\/06\/accident-Milcoiu-e1751266511104.jpeg?fit=300%2C300&amp;ssl=1\" class=\"attachment-giornalismo-single size-giornalismo-single wp-post-image\" alt loading=\"lazy\"><\/div>\n<p class=\"headline\"><a href=\"https:\/\/www.curierul.ro\/accident-mortal-la-milcoiu\/\">Accident mortal, la Milcoiu<\/a><\/p>\n<\/article>\n<\/div>\n<\/section>\n<section class=\"latest-category clearfix\">\n<h2 class=\"title\">More Stories From Ceasul rau<\/h2>\n<div class=\"stories-container\">\n<article id=\"related-196697\" class=\"story post-196697 post type-post status-publish format-standard has-post-thumbnail hentry category-ceasul-rau category-headlines category-politie category-social tag-mita tag-multumire tag-pietrari tag-politist tag-refuzata\">\n<div class=\"photo\"><img decoding=\"async\" width=\"727\" height=\"440\" src=\"https:\/\/i0.wp.com\/www.curierul.ro\/wp-content\/uploads\/2026\/03\/mita-e1773926365914.png?fit=267%2C300&amp;ssl=1\" class=\"attachment-giornalismo-single size-giornalismo-single wp-post-image\" alt loading=\"lazy\"><\/div>\n<p class=\"headline\"><a href=\"https:\/\/www.curierul.ro\/ia-si-tu-un-suc-multumire-refuzata-de-un-politist-din-pietrari\/\">\u00abIa \u0219i tu un suc\u00bb\u2026\u201emul\u021bumire\u201d refuzat\u0103 de un poli\u021bist din Pietrari (video)<\/a><\/p>\n<\/article>\n<article id=\"related-196670\" class=\"story post-196670 post type-post status-publish format-standard has-post-thumbnail hentry category-ceasul-rau category-politie category-social tag-casti tag-ostroveni tag-spulberat tag-tanar-18-ani tag-tren tag-zona-cina\">\n<div class=\"photo\"><img decoding=\"async\" width=\"735\" height=\"436\" src=\"https:\/\/i0.wp.com\/www.curierul.ro\/wp-content\/uploads\/2024\/03\/accident-tren-15.webp?fit=300%2C164&amp;ssl=1\" class=\"attachment-giornalismo-single size-giornalismo-single wp-post-image\" alt loading=\"lazy\"><\/div>\n<p class=\"headline\"><a href=\"https:\/\/www.curierul.ro\/ostroveni-zona-cina-trenul-a-spulberat-un-tanar-de-18-ani-probabil-cu-castile-la-volum-maxim\/\">Ostroveni, \u00abzona Cina\u00bb, trenul a spulberat un t\u00e2n\u0103r de 18 ani\u2026probabil cu c\u0103\u0219tile la volum maxim<\/a><\/p>\n<\/article>\n<article id=\"related-196603\" class=\"story post-196603 post type-post status-publish format-standard has-post-thumbnail hentry category-ceasul-rau category-headlines category-social tag-ilegal tag-lapusata-2 tag-somaj-2\">\n<div class=\"photo\"><img decoding=\"async\" width=\"735\" height=\"440\" src=\"https:\/\/i0.wp.com\/www.curierul.ro\/wp-content\/uploads\/2026\/03\/somaj-bani-scaled.jpg?fit=300%2C200&amp;ssl=1\" class=\"attachment-giornalismo-single size-giornalismo-single wp-post-image\" alt loading=\"lazy\"><\/div>\n<p class=\"headline\"><a href=\"https:\/\/www.curierul.ro\/16-miliarde-de-lei-vechi-de-la-somaj-au-luat-drumul-spre-lapusata-ilegal\/\">16 miliarde de lei vechi de la \u0218omaj au luat drumul spre L\u0103pu\u0219ata\u2026ilegal<\/a><\/p>\n<\/article>\n<\/div>\n<\/section>\n<section class=\"author-bio clearfix\">\n<div class=\"mug-shot\"><img decoding=\"async\" alt src=\"https:\/\/secure.gravatar.com\/avatar\/ae634844e12be63a4f063a6c7bef885da670fd420e0dedd39ed80eacd6e6979c?s=96&amp;d=mm&amp;r=g\" class=\"avatar avatar-96 photo\" height=\"96\" width=\"96\" loading=\"lazy\"><\/div>\n<div class=\"author-info\">\n<p class=\"title\">About Alin Emilian Tudoroiu, <\/p>\n<div class=\"author-social-area\"><a href=\"mailto:alintudoroiu@curierul.ro\"><span class=\"fal fa-envelope\"><span class=\"screen-reader-text\">Email the Author<\/span><\/span><\/a><\/div>\n<\/div>\n<\/section>\n<\/footer>\n<\/article>\n<article id=\"196693\" class=\"post-196693 post type-post status-publish format-standard has-post-thumbnail hentry category-ceasul-rau category-politie category-social tag-accident tag-bujoreni tag-caineni\">\n<header class=\"post-header\">\n<ul class=\"breadcrumbs\">\n<li><a href=\"https:\/\/www.curierul.ro\">Home<\/a><\/li>\n<li class=\"breadcrumbs-active .category-ceasul-rau\"><a href=\"https:\/\/www.curierul.ro\/index.php?cat=54\">Ceasul rau<\/a><\/li>\n<li class=\"breadcrumbs-active .category-ceasul-rau\">Accidentat\u2026de dou\u0103 ori \u00eentr-o zi, la C\u00e2ineni \u0219i Bujoreni<\/li>\n<\/ul>\n<div class=\"featured-photo\"><img loading=\"lazy\" decoding=\"async\" width=\"1035\" height=\"728\" src=\"https:\/\/i0.wp.com\/www.curierul.ro\/wp-content\/uploads\/2026\/03\/accident-bujoreni-e1773842413642.jpeg?fit=300%2C211&amp;ssl=1\" class=\"attachment-single size-single wp-post-image\" alt><\/div>\n<h1 class=\"headline\">Accidentat\u2026de dou\u0103 ori \u00eentr-o zi, la C\u00e2ineni \u0219i Bujoreni<\/h1>\n<p class=\"byline\">\n\t\tScris de<a href=\"https:\/\/www.curierul.ro\/author\/alin\/\">Alin Emilian Tudoroiu<\/a>, \t\t18 martie 2026\t\t\t\t<\/p>\n<hr>\n<\/header>\n<p>Poli\u021bi\u0219tii Serviciului Rutier V\u00e2lcea au intervenit ast\u0103zi (18.03, n.r.) la un accident rutier produs pe Drumul Na\u021bional 7, pe raza localit\u0103\u021bii Bujoreni. Din primele verific\u0103ri efectuate la fa\u021ba locului, s-a stabilit c\u0103 un b\u0103rbat \u00een v\u00e2rst\u0103 de 58 de ani, din localitatea Runcu, \u00een timp ce conducea un vehicul de salubrizare, nu s-ar fi asigurat la schimbarea direc\u021biei de mers, moment \u00een care ar fi fost acro\u0219at de o ambulan\u021b\u0103 condus\u0103 de un b\u0103rbat de 63 de ani, din ora\u0219ul Brezoi.<\/p>\n<p>Ambulan\u021ba se afla \u00een misiune, av\u00e2nd \u00een func\u021biune semnalele acustice \u0219i luminoase, transport\u00e2nd un pacient \u00een v\u00e2rst\u0103 de 77 de ani, din localitatea Bude\u0219ti, victim\u0103 a unui accident rutier produs \u00een cursul acestei dimine\u021bi, pe raza localit\u0103\u021bii C\u00e2ineni <strong>(foto accident C\u00e2ineni).<\/strong><\/p>\n<p><img loading=\"lazy\" decoding=\"async\" class=\"aligncenter wp-image-196695 size-full\" title=\"accident C\u00e2ineni\" src=\"https:\/\/i0.wp.com\/www.curierul.ro\/wp-content\/uploads\/2026\/03\/Accident-Caineni-1-e1773842551233.jpeg?fit=300%2C203&amp;ssl=1\" alt width=\"1243\" height=\"843\"><\/p>\n<p>Cei doi conduc\u0103tori auto au fost testa\u021bi cu aparatul alcooltest, rezultatele fiind negative.<br \/>\u00cen zona producerii accidentului, traficul rutier s-a desf\u0103\u0219urat pe o singur\u0103 band\u0103, alternativ.<br \/>Poli\u021bi\u0219tii continu\u0103 cercet\u0103rile pentru stabilirea cu exactitate a tuturor cauzelor \u0219i \u00eemprejur\u0103rilor producerii accidentului rutier, \u00een cadrul unui dosar penal \u00eentocmit pentru v\u0103t\u0103mare corporal\u0103 din culp\u0103.<\/p>\n<div class=\"sharedaddy sd-sharing-enabled\">\n<div class=\"robots-nocontent sd-block sd-social sd-social-official sd-sharing\">\n<h3 class=\"sd-title\">Distribuie pe:<\/h3>\n<div class=\"sd-content\">\n<ul>\n<li class=\"share-facebook\">\n<li class=\"share-twitter\"><a href=\"https:\/\/twitter.com\/share\" class=\"twitter-share-button\" data-url=\"https:\/\/www.curierul.ro\/accidentat-de-doua-ori-intr-o-zi-la-caineni-si-bujoreni\/\" data-text=\"Accidentat...de dou\u0103 ori \u00eentr-o zi, la C\u00e2ineni \u0219i Bujoreni\" data-via=\"curierulvl\">Tweet<\/a><\/li>\n<li class=\"share-jetpack-whatsapp\"><a rel=\"nofollow noopener noreferrer\" data-shared=\"sharing-whatsapp-196693\" class=\"share-jetpack-whatsapp sd-button\" href=\"https:\/\/www.curierul.ro\/accidentat-de-doua-ori-intr-o-zi-la-caineni-si-bujoreni\/?share=jetpack-whatsapp\" target=\"_blank\" aria-labelledby=\"sharing-whatsapp-196693\"><span id=\"sharing-whatsapp-196693\" hidden>Partajeaz\u0103 prin WhatsApp(Se deschide \u00eentr-o fereastr\u0103 nou\u0103)<\/span><span>WhatsApp<\/span><\/a><\/li>\n<li><a href=\"https:\/\/www.curierul.ro\/accidentat-de-doua-ori-intr-o-zi-la-caineni-si-bujoreni\/\" class=\"sharing-anchor sd-button share-more\"><span>Mai mult<\/span><\/a><\/li>\n<li class=\"share-end\"><\/ul>\n<div class=\"sharing-hidden\">\n<div class=\"inner\">\n<ul>\n<li class=\"share-email\"><a rel=\"nofollow noopener noreferrer\" data-shared=\"sharing-email-196693\" class=\"share-email sd-button\" href=\"mailto:?subject=%5BArticol%20partajat%5D%20Accidentat...de%20dou%C4%83%20ori%20%C3%AEntr-o%20zi%2C%20la%20C%C3%A2ineni%20%C8%99i%20Bujoreni&amp;body=https%3A%2F%2Fwww.curierul.ro%2Faccidentat-de-doua-ori-intr-o-zi-la-caineni-si-bujoreni%2F&amp;share=email\" target=\"_blank\" aria-labelledby=\"sharing-email-196693\" data-email-share-error-title=\"\u021ai-ai configurat emailul?\" data-email-share-error-text=\"Dac\u0103 ai probleme la partajarea prin email, probabil nu ai configurat emailul pentru navigator. Poate trebuie s\u0103 creezi singur un email nou.\" data-email-share-nonce=\"d62e05ff0a\" data-email-share-track-url=\"https:\/\/www.curierul.ro\/accidentat-de-doua-ori-intr-o-zi-la-caineni-si-bujoreni\/?share=email\"><span id=\"sharing-email-196693\" hidden>Trimite unui prieten un email cu o leg\u0103tur\u0103(Se deschide \u00eentr-o fereastr\u0103 nou\u0103)<\/span><span>Email<\/span><\/a><\/li>\n<li class=\"share-print\"><a rel=\"nofollow noopener noreferrer\" data-shared=\"sharing-print-196693\" class=\"share-print sd-button\" href=\"https:\/\/www.curierul.ro\/accidentat-de-doua-ori-intr-o-zi-la-caineni-si-bujoreni\/#print?share=print\" target=\"_blank\" aria-labelledby=\"sharing-print-196693\"><span id=\"sharing-print-196693\" hidden>Imprimare(Se deschide \u00eentr-o fereastr\u0103 nou\u0103)<\/span><span>Imprimare<\/span><\/a><\/li>\n<li class=\"share-end\"><\/ul>\n<\/div>\n<\/div>\n<\/div>\n<\/div>\n<\/div>\n<div id=\"jp-relatedposts\" class=\"jp-relatedposts\">\n<h3 class=\"jp-relatedposts-headline\"><em>Similare<\/em><\/h3>\n<\/div>\n<footer class=\"post-footer\">\n<p class=\"tags\"><strong>Tags: <\/strong><a href=\"https:\/\/www.curierul.ro\/tag\/accident\/\" rel=\"tag\">accident<\/a>, <a href=\"https:\/\/www.curierul.ro\/tag\/bujoreni\/\" rel=\"tag\">bujoreni<\/a>, <a href=\"https:\/\/www.curierul.ro\/tag\/caineni\/\" rel=\"tag\">C\u00e2ineni<\/a><\/p>\n<div class=\"post-navigation clearfix\">\n<div class=\"previous-post\">\n<div class=\"featured-photo\"><img decoding=\"async\" width=\"1082\" height=\"1072\" src=\"https:\/\/i0.wp.com\/www.curierul.ro\/wp-content\/uploads\/2026\/03\/SCM-fotbal.jpeg?fit=300%2C297&amp;ssl=1\" class=\"attachment-post-thumbnail size-post-thumbnail wp-post-image\" alt loading=\"lazy\"><\/div>\n<p class=\"paginate-title\">\u00ab\u00ab <a href=\"https:\/\/www.curierul.ro\/scm-ramnicu-valcea-a-risipit-doua-puncte-mari-in-valea-jiului-pentru-play-off\/\" rel=\"prev\">SCM R\u00c2MNICU V\u00c2LCEA A RISIPIT DOU\u0102 PUNCTE MARI \u00ceN VALEA JIULUI, PENTRU PLAY-OFF<\/a><\/p>\n<\/div>\n<div class=\"next-post\">\n<div class=\"featured-photo\"><img decoding=\"async\" width=\"833\" height=\"693\" src=\"https:\/\/i0.wp.com\/www.curierul.ro\/wp-content\/uploads\/2019\/03\/APAVIL-SIGLA-2019.jpg?fit=300%2C250&amp;ssl=1\" class=\"attachment-post-thumbnail size-post-thumbnail wp-post-image\" alt loading=\"lazy\"><\/div>\n<p class=\"paginate-title\"><a href=\"https:\/\/www.curierul.ro\/apavil-sa-anunt-privind-scoaterea-la-concurs-a-unui-post-de-incasator-cititor-in-cadrul-serviciului-citire-incasare-ramnicu-valcea-subzona-mihaesti-2\/\" rel=\"next\">APAVIL SA \u2013 anun\u021b privind scoaterea la concurs a unui\u00a0 post de \u00eencasator-cititor \u00een cadrul \u00a0Serviciului Citire \u00cencasare, R\u00e2mnicu V\u00e2lcea, subzona Mih\u0103e\u0219ti<\/a> \u00bb\u00bb<\/p>\n<\/div>\n<\/div>\n<div id=\"comments\" class=\"comments-area\">\n<div id=\"respond\" class=\"comment-respond\">\n<h3 id=\"reply-title\" class=\"comment-reply-title\">Po\u021bi comenta aici<small><a rel=\"nofollow\" id=\"cancel-comment-reply-link\" href=\"https:\/\/www.curierul.ro\/accidentat-de-doua-ori-intr-o-zi-la-caineni-si-bujoreni\/#respond\">Anuleaz\u0103 r\u0103spunsul<\/a><\/small><\/h3>\n<\/div>\n<p class=\"akismet_comment_form_privacy_notice\">Acest site folose\u0219te Akismet pentru a reduce spamul. <a href=\"https:\/\/akismet.com\/privacy\/\" target=\"_blank\" rel=\"nofollow noopener\">Afl\u0103 cum sunt procesate datele comentariilor tale<\/a>.<\/p>\n<\/div>\n<section class=\"related-stories\">\n<h2>Related Stories<\/h2>\n<div class=\"stories-container\">\n<article id=\"latest-195972\" class=\"story post-195972 post type-post status-publish format-standard has-post-thumbnail hentry category-ceasul-rau category-headlines category-politie category-social tag-accident tag-ghinion tag-masina-politie tag-serviciul-rutier\">\n<div class=\"photo\"><img decoding=\"async\" width=\"735\" height=\"440\" src=\"https:\/\/i0.wp.com\/www.curierul.ro\/wp-content\/uploads\/2026\/01\/accident-Raureni-e1768549775867.jpeg?fit=300%2C181&amp;ssl=1\" class=\"attachment-giornalismo-single size-giornalismo-single wp-post-image\" alt loading=\"lazy\"><\/div>\n<p class=\"headline\"><a href=\"https:\/\/www.curierul.ro\/culmea-ghinionului-sa-faci-accident-cu-o-masina-de-politie-la-poarta-serviciului-rutier\/\">Culmea ghinionului\u2026s\u0103 faci accident cu o ma\u0219in\u0103 de poli\u021bie, la poarta Serviciului Rutier<\/a><\/p>\n<\/article>\n<article id=\"latest-194084\" class=\"story post-194084 post type-post status-publish format-standard has-post-thumbnail hentry category-ambulanta category-ceasul-rau category-headlines category-politie category-social tag-accident tag-ambulanta tag-copil tag-impact tag-spital tag-stolniceni\">\n<div class=\"photo\"><img decoding=\"async\" width=\"735\" height=\"440\" src=\"https:\/\/i0.wp.com\/www.curierul.ro\/wp-content\/uploads\/2025\/07\/accident-stolniceni.jpeg?fit=300%2C225&amp;ssl=1\" class=\"attachment-giornalismo-single size-giornalismo-single wp-post-image\" alt loading=\"lazy\"><\/div>\n<p class=\"headline\"><a href=\"https:\/\/www.curierul.ro\/impact-puternic-intre-o-ambulanta-si-o-autoutilitara-o-tanara-si-un-copil-au-ajuns-la-spital\/\">Impact puternic \u00eentre o ambulan\u021b\u0103 \u0219i o autoutilitar\u0103. O t\u00e2n\u0103r\u0103 \u0219i un copil au ajuns la spital<\/a><\/p>\n<\/article>\n<article id=\"latest-193802\" class=\"story post-193802 post type-post status-publish format-standard has-post-thumbnail hentry category-ceasul-rau category-isu category-politie category-social tag-accident tag-mortal\">\n<div class=\"photo\"><img decoding=\"async\" width=\"735\" height=\"440\" src=\"https:\/\/i0.wp.com\/www.curierul.ro\/wp-content\/uploads\/2025\/06\/accident-Milcoiu-e1751266511104.jpeg?fit=300%2C300&amp;ssl=1\" class=\"attachment-giornalismo-single size-giornalismo-single wp-post-image\" alt loading=\"lazy\"><\/div>\n<p class=\"headline\"><a href=\"https:\/\/www.curierul.ro\/accident-mortal-la-milcoiu\/\">Accident mortal, la Milcoiu<\/a><\/p>\n<\/article>\n<\/div>\n<\/section>\n<section class=\"latest-category clearfix\">\n<h2 class=\"title\">More Stories From Ceasul rau<\/h2>\n<div class=\"stories-container\">\n<article id=\"related-196697\" class=\"story post-196697 post type-post status-publish format-standard has-post-thumbnail hentry category-ceasul-rau category-headlines category-politie category-social tag-mita tag-multumire tag-pietrari tag-politist tag-refuzata\">\n<div class=\"photo\"><img decoding=\"async\" width=\"727\" height=\"440\" src=\"https:\/\/i0.wp.com\/www.curierul.ro\/wp-content\/uploads\/2026\/03\/mita-e1773926365914.png?fit=267%2C300&amp;ssl=1\" class=\"attachment-giornalismo-single size-giornalismo-single wp-post-image\" alt loading=\"lazy\"><\/div>\n<p class=\"headline\"><a href=\"https:\/\/www.curierul.ro\/ia-si-tu-un-suc-multumire-refuzata-de-un-politist-din-pietrari\/\">\u00abIa \u0219i tu un suc\u00bb\u2026\u201emul\u021bumire\u201d refuzat\u0103 de un poli\u021bist din Pietrari (video)<\/a><\/p>\n<\/article>\n<article id=\"related-196670\" class=\"story post-196670 post type-post status-publish format-standard has-post-thumbnail hentry category-ceasul-rau category-politie category-social tag-casti tag-ostroveni tag-spulberat tag-tanar-18-ani tag-tren tag-zona-cina\">\n<div class=\"photo\"><img decoding=\"async\" width=\"735\" height=\"436\" src=\"https:\/\/i0.wp.com\/www.curierul.ro\/wp-content\/uploads\/2024\/03\/accident-tren-15.webp?fit=300%2C164&amp;ssl=1\" class=\"attachment-giornalismo-single size-giornalismo-single wp-post-image\" alt loading=\"lazy\"><\/div>\n<p class=\"headline\"><a href=\"https:\/\/www.curierul.ro\/ostroveni-zona-cina-trenul-a-spulberat-un-tanar-de-18-ani-probabil-cu-castile-la-volum-maxim\/\">Ostroveni, \u00abzona Cina\u00bb, trenul a spulberat un t\u00e2n\u0103r de 18 ani\u2026probabil cu c\u0103\u0219tile la volum maxim<\/a><\/p>\n<\/article>\n<article id=\"related-196603\" class=\"story post-196603 post type-post status-publish format-standard has-post-thumbnail hentry category-ceasul-rau category-headlines category-social tag-ilegal tag-lapusata-2 tag-somaj-2\">\n<div class=\"photo\"><img decoding=\"async\" width=\"735\" height=\"440\" src=\"https:\/\/i0.wp.com\/www.curierul.ro\/wp-content\/uploads\/2026\/03\/somaj-bani-scaled.jpg?fit=300%2C200&amp;ssl=1\" class=\"attachment-giornalismo-single size-giornalismo-single wp-post-image\" alt loading=\"lazy\"><\/div>\n<p class=\"headline\"><a href=\"https:\/\/www.curierul.ro\/16-miliarde-de-lei-vechi-de-la-somaj-au-luat-drumul-spre-lapusata-ilegal\/\">16 miliarde de lei vechi de la \u0218omaj au luat drumul spre L\u0103pu\u0219ata\u2026ilegal<\/a><\/p>\n<\/article>\n<\/div>\n<\/section>\n<section class=\"author-bio clearfix\">\n<div class=\"mug-shot\"><img decoding=\"async\" alt src=\"https:\/\/secure.gravatar.com\/avatar\/ae634844e12be63a4f063a6c7bef885da670fd420e0dedd39ed80eacd6e6979c?s=96&amp;d=mm&amp;r=g\" class=\"avatar avatar-96 photo\" height=\"96\" width=\"96\" loading=\"lazy\"><\/div>\n<div class=\"author-info\">\n<p class=\"title\">About Alin Emilian Tudoroiu, <\/p>\n<div class=\"author-social-area\"><a href=\"mailto:alintudoroiu@curierul.ro\"><span class=\"fal fa-envelope\"><span class=\"screen-reader-text\">Email the Author<\/span><\/span><\/a><\/div>\n<\/div>\n<\/section>\n<\/footer>\n<\/article>\n<article id=\"latest-195972\" class=\"story post-195972 post type-post status-publish format-standard has-post-thumbnail hentry category-ceasul-rau category-headlines category-politie category-social tag-accident tag-ghinion tag-masina-politie tag-serviciul-rutier\">\n<div class=\"photo\"><img decoding=\"async\" width=\"735\" height=\"440\" src=\"https:\/\/i0.wp.com\/www.curierul.ro\/wp-content\/uploads\/2026\/01\/accident-Raureni-e1768549775867.jpeg?fit=300%2C181&amp;ssl=1\" class=\"attachment-giornalismo-single size-giornalismo-single wp-post-image\" alt loading=\"lazy\"><\/div>\n<p class=\"headline\"><a href=\"https:\/\/www.curierul.ro\/culmea-ghinionului-sa-faci-accident-cu-o-masina-de-politie-la-poarta-serviciului-rutier\/\">Culmea ghinionului\u2026s\u0103 faci accident cu o ma\u0219in\u0103 de poli\u021bie, la poarta Serviciului Rutier<\/a><\/p>\n<\/article>\n<article id=\"latest-194084\" class=\"story post-194084 post type-post status-publish format-standard has-post-thumbnail hentry category-ambulanta category-ceasul-rau category-headlines category-politie category-social tag-accident tag-ambulanta tag-copil tag-impact tag-spital tag-stolniceni\">\n<div class=\"photo\"><img decoding=\"async\" width=\"735\" height=\"440\" src=\"https:\/\/i0.wp.com\/www.curierul.ro\/wp-content\/uploads\/2025\/07\/accident-stolniceni.jpeg?fit=300%2C225&amp;ssl=1\" class=\"attachment-giornalismo-single size-giornalismo-single wp-post-image\" alt loading=\"lazy\"><\/div>\n<p class=\"headline\"><a href=\"https:\/\/www.curierul.ro\/impact-puternic-intre-o-ambulanta-si-o-autoutilitara-o-tanara-si-un-copil-au-ajuns-la-spital\/\">Impact puternic \u00eentre o ambulan\u021b\u0103 \u0219i o autoutilitar\u0103. O t\u00e2n\u0103r\u0103 \u0219i un copil au ajuns la spital<\/a><\/p>\n<\/article>\n<article id=\"latest-193802\" class=\"story post-193802 post type-post status-publish format-standard has-post-thumbnail hentry category-ceasul-rau category-isu category-politie category-social tag-accident tag-mortal\">\n<div class=\"photo\"><img decoding=\"async\" width=\"735\" height=\"440\" src=\"https:\/\/i0.wp.com\/www.curierul.ro\/wp-content\/uploads\/2025\/06\/accident-Milcoiu-e1751266511104.jpeg?fit=300%2C300&amp;ssl=1\" class=\"attachment-giornalismo-single size-giornalismo-single wp-post-image\" alt loading=\"lazy\"><\/div>\n<p class=\"headline\"><a href=\"https:\/\/www.curierul.ro\/accident-mortal-la-milcoiu\/\">Accident mortal, la Milcoiu<\/a><\/p>\n<\/article>\n<article id=\"related-196697\" class=\"story post-196697 post type-post status-publish format-standard has-post-thumbnail hentry category-ceasul-rau category-headlines category-politie category-social tag-mita tag-multumire tag-pietrari tag-politist tag-refuzata\">\n<div class=\"photo\"><img decoding=\"async\" width=\"727\" height=\"440\" src=\"https:\/\/i0.wp.com\/www.curierul.ro\/wp-content\/uploads\/2026\/03\/mita-e1773926365914.png?fit=267%2C300&amp;ssl=1\" class=\"attachment-giornalismo-single size-giornalismo-single wp-post-image\" alt loading=\"lazy\"><\/div>\n<p class=\"headline\"><a href=\"https:\/\/www.curierul.ro\/ia-si-tu-un-suc-multumire-refuzata-de-un-politist-din-pietrari\/\">\u00abIa \u0219i tu un suc\u00bb\u2026\u201emul\u021bumire\u201d refuzat\u0103 de un poli\u021bist din Pietrari (video)<\/a><\/p>\n<\/article>\n<article id=\"related-196670\" class=\"story post-196670 post type-post status-publish format-standard has-post-thumbnail hentry category-ceasul-rau category-politie category-social tag-casti tag-ostroveni tag-spulberat tag-tanar-18-ani tag-tren tag-zona-cina\">\n<div class=\"photo\"><img decoding=\"async\" width=\"735\" height=\"436\" src=\"https:\/\/i0.wp.com\/www.curierul.ro\/wp-content\/uploads\/2024\/03\/accident-tren-15.webp?fit=300%2C164&amp;ssl=1\" class=\"attachment-giornalismo-single size-giornalismo-single wp-post-image\" alt loading=\"lazy\"><\/div>\n<p class=\"headline\"><a href=\"https:\/\/www.curierul.ro\/ostroveni-zona-cina-trenul-a-spulberat-un-tanar-de-18-ani-probabil-cu-castile-la-volum-maxim\/\">Ostroveni, \u00abzona Cina\u00bb, trenul a spulberat un t\u00e2n\u0103r de 18 ani\u2026probabil cu c\u0103\u0219tile la volum maxim<\/a><\/p>\n<\/article>\n<article id=\"related-196603\" class=\"story post-196603 post type-post status-publish format-standard has-post-thumbnail hentry category-ceasul-rau category-headlines category-social tag-ilegal tag-lapusata-2 tag-somaj-2\">\n<div class=\"photo\"><img decoding=\"async\" width=\"735\" height=\"440\" src=\"https:\/\/i0.wp.com\/www.curierul.ro\/wp-content\/uploads\/2026\/03\/somaj-bani-scaled.jpg?fit=300%2C200&amp;ssl=1\" class=\"attachment-giornalismo-single size-giornalismo-single wp-post-image\" alt loading=\"lazy\"><\/div>\n<p class=\"headline\"><a href=\"https:\/\/www.curierul.ro\/16-miliarde-de-lei-vechi-de-la-somaj-au-luat-drumul-spre-lapusata-ilegal\/\">16 miliarde de lei vechi de la \u0218omaj au luat drumul spre L\u0103pu\u0219ata\u2026ilegal<\/a><\/p>\n<\/article>\n<p>[analyse_source url=&#8221;https:\/\/www.curierul.ro\/accidentat-de-doua-ori-intr-o-zi-la-caineni-si-bujoreni\/&#8221;]<\/p>\n","protected":false},"excerpt":{"rendered":"<p>[analyse_image type=&#8221;featured&#8221; src=&#8221;https:\/\/www.curierul.ro\/wp-content\/uploads\/2026\/03\/accident-bujoreni-e1773842413642.jpeghttps:\/\/i0.wp.com\/www.curierul.ro\/wp-content\/uploads\/2026\/03\/accident-bujoreni-e1773842413642.jpeg?fit=1035%2C728&amp;ssl=1&#8243;] Home Ceasul rau Accidentat\u2026de dou\u0103 ori \u00eentr-o zi, la C\u00e2ineni \u0219i Bujoreni Accidentat\u2026de dou\u0103 ori \u00eentr-o zi, la C\u00e2ineni \u0219i Bujoreni Scris deAlin Emilian Tudoroiu, 18 martie 2026 Poli\u021bi\u0219tii Serviciului Rutier V\u00e2lcea au intervenit ast\u0103zi (18.03, n.r.) la un accident rutier produs pe Drumul Na\u021bional 7, pe raza localit\u0103\u021bii Bujoreni. Din primele [&hellip;]<\/p>\n","protected":false},"author":1,"featured_media":0,"comment_status":"open","ping_status":"","sticky":false,"template":"","format":"standard","meta":{"footnotes":""},"categories":[89],"tags":[226,213],"class_list":["post-1834825","post","type-post","status-publish","format-standard","hentry","category-romania","tag-crawlmanager","tag-curierul-ro"],"_links":{"self":[{"href":"https:\/\/analyse.optim.biz\/index.php?rest_route=\/wp\/v2\/posts\/1834825","targetHints":{"allow":["GET"]}}],"collection":[{"href":"https:\/\/analyse.optim.biz\/index.php?rest_route=\/wp\/v2\/posts"}],"about":[{"href":"https:\/\/analyse.optim.biz\/index.php?rest_route=\/wp\/v2\/types\/post"}],"author":[{"embeddable":true,"href":"https:\/\/analyse.optim.biz\/index.php?rest_route=\/wp\/v2\/users\/1"}],"replies":[{"embeddable":true,"href":"https:\/\/analyse.optim.biz\/index.php?rest_route=%2Fwp%2Fv2%2Fcomments&post=1834825"}],"version-history":[{"count":0,"href":"https:\/\/analyse.optim.biz\/index.php?rest_route=\/wp\/v2\/posts\/1834825\/revisions"}],"wp:attachment":[{"href":"https:\/\/analyse.optim.biz\/index.php?rest_route=%2Fwp%2Fv2%2Fmedia&parent=1834825"}],"wp:term":[{"taxonomy":"category","embeddable":true,"href":"https:\/\/analyse.optim.biz\/index.php?rest_route=%2Fwp%2Fv2%2Fcategories&post=1834825"},{"taxonomy":"post_tag","embeddable":true,"href":"https:\/\/analyse.optim.biz\/index.php?rest_route=%2Fwp%2Fv2%2Ftags&post=1834825"}],"curies":[{"name":"wp","href":"https:\/\/api.w.org\/{rel}","templated":true}]}}