{"id":1834782,"date":"2026-03-18T07:00:07","date_gmt":"2026-03-18T04:00:07","guid":{"rendered":"https:\/\/analyse.optim.biz\/?p=1834782"},"modified":"2026-03-18T07:00:07","modified_gmt":"2026-03-18T04:00:07","slug":"universitatea-dunarea-de-jos-marcheaza-78-de-ani-de-invatamant-superior-la-galati-ziarul-delta-tulcea","status":"publish","type":"post","link":"https:\/\/analyse.optim.biz\/?p=1834782","title":{"rendered":"Universitatea \u201eDun\u0103rea de Jos\u201d marcheaz\u0103 78 de ani de \u00eenv\u0103\u0163\u0103m\u00e2nt superior la Gala\u0163i &#8211; Ziarul Delta Tulcea"},"content":{"rendered":"<p>[analyse_image type=&#8221;featured&#8221; src=&#8221;https:\/\/ziaruldelta.ro\/wp-content\/uploads\/2026\/03\/Universitatea.jpg&#8221;]<\/p>\n<article id=\"post-35806\" class=\"module single-post-module post-35806 post type-post status-publish format-standard has-post-thumbnail hentry category-social et-has-post-format-content et_post_format-et-post-format-standard\">\n<div class=\"post-header\">\n<h1 class=\"entry-title\">Universitatea \u201eDun\u0103rea de Jos\u201d marcheaz\u0103 78 de ani de \u00eenv\u0103\u0163\u0103m\u00e2nt superior la Gala\u0163i<\/h1>\n<div class=\"post-meta vcard\">\n<p>Posted by <a href=\"https:\/\/ziaruldelta.ro\/author\/adela-darie\/\" class=\"url fn\" title=\"Posts by Adela Darie\" rel=\"author\">Adela Darie<\/a> | <span class=\"updated\">Mar 18, 2026<\/span> | <a href=\"https:\/\/ziaruldelta.ro\/category\/social\/\" rel=\"tag\">Social<\/a> | <\/p>\n<\/div>\n<\/div>\n<div class=\"post-thumbnail header\"><img decoding=\"async\" src=\"https:\/\/ziaruldelta.ro\/wp-content\/uploads\/2026\/03\/Universitatea.jpg\" alt=\"Universitatea \u201eDun\u0103rea de Jos\u201d marcheaz\u0103 78 de ani de \u00eenv\u0103\u0163\u0103m\u00e2nt superior la Gala\u0163i\"><\/div>\n<div class=\"post-wrap\">\n<div class=\"post-content entry-content\">\n<p>Universitatea \u201eDun\u0103rea de Jos\u201d marcheaz\u0103, \u00een perioada 16-20 martie, aniversarea a 78 de ani de \u00eenv\u0103\u0163\u0103m\u00e2nt superior la Gala\u0163i, printr-o serie de evenimente care includ ceremonii academice, expozi\u0163ii, un t\u00e2rg educa\u0163ional \u015fi activit\u0103\u0163i destinate studen\u0163ilor \u015fi comunit\u0103\u0163ii, informeaz\u0103 institu\u0163ia.<\/p>\n<p>Manifest\u0103rile s-au deschis luni, 16 martie, cu o expozi\u0163ie auto organizat\u0103 \u00een parteneriat cu APAN Motors, pe platforma din fa\u0163a universit\u0103\u0163ii, urmat\u0103 de premierea unor studen\u0163i cu rezultate deosebite de la specializarea Autovehicule Rutiere. Tot \u00een prima zi, \u00een Sala Senatului, a avut loc \u201eGala Excelen\u0163ei \u00een cercetare \u015fi activitate doctoral\u0103\u201d, \u00een cadrul c\u0103reia au fost premiate cele mai importante rezultate \u00een activitatea de cercetare, dezvoltare \u015fi inovare, precum \u015fi \u00een activitatea doctoral\u0103.<\/p>\n<p>Miercuri, 18 martie, Arhiepiscopul Dun\u0103rii de Jos, \u00cenaltpreasfin\u0163ia Sa Casian Cr\u0103ciun, va primi distinc\u0163ia de Profesor Emerit al Universit\u0103\u0163ii \u201eDun\u0103rea de Jos\u201d. \u00eentr-o ceremonie organizat\u0103 \u201e\u00een semn de recunoa\u015ftere a contribu\u0163iei sale remarcabile la via\u0163a spiritual\u0103, cultural\u0103 \u015fi educa\u0163ional\u0103 a comunit\u0103\u0163ii\u201d.<\/p>\n<p>Joi, 19 martie, fostul ministru al Educa\u0163iei, Sorin C\u00e2mpeanu, va primi titlul onorific de Doctor Honoris Causa al Universit\u0103\u0163ii \u201eDun\u0103rea de Jos\u201d din Gala\u0163i, \u00een semn de \u201erecunoa\u015ftere a contribu\u0163iei sale la dezvoltarea \u00eenv\u0103\u0163\u0103m\u00e2ntului superior \u015fi a politicilor educa\u0163ionale din Rom\u00e2nia\u201d.<\/p>\n<p>Evenimentele se vor \u00eencheia vineri, 20 martie, zi \u00een care se \u00eemplinesc 78 de ani de \u00eenv\u0103\u0163\u0103m\u00e2nt superior la Gala\u0163i, cu vernisajul expozi\u0163iei \u201eTineri Mae\u015ftri la Dun\u0103rea de Jos\u201d, realizat\u0103 de studen\u0163i ai Facult\u0103\u0163ii de Istorie, Filosofie \u015fi Teologie \u015fi ai Facult\u0103\u0163ii de Arte, inspirat\u0103 de personalit\u0103\u0163i marcante din Gala\u0163i \u015fi Br\u0103ila. \u201ePrin pictur\u0103 \u015fi grafic\u0103 \u00een tehnici diverse, tinerii arti\u015fti propun un dialog \u00eentre memoria cultural\u0103 a regiunii \u015fi expresia artistic\u0103 a noii gene-ra\u0163ii\u201d, precizeaz\u0103 organizatorii.<\/p>\n<p>Tot vineri, este programat evenimentul \u201eAround the world\u201d, organizat de Liga Studen\u0163ilor Str\u0103ini, \u201eo experien\u0163\u0103 dinamic\u0103 \u015fi participativ\u0103, \u00een care studen\u0163ii interna\u0163ionali devin ambasadori culturali\u201d. Seara, \u00een Aula Magna, se va juca musicalul \u201eFamilia Adams\u201d, care va aduce pe scen\u0103 elevi \u015fi studen\u0163i talenta\u0163i din Gala\u0163i \u015fi Br\u0103ila, \u00eentr-un spectacol care \u00eembin\u0103 teatrul, muzica \u015fi coregrafia, spectacolul fiind dedicat exclusiv comunit\u0103\u0163ii academice din UDJG.<\/p>\n<\/div>\n<\/div>\n<div class=\"post-footer\">\n<div class=\"social-icons ed-social-share-icons\">\n<p class=\"share-title\">Share:<\/p>\n<\/div>\n<div class=\"rating-stars\">\n<p id=\"rate-title\" class=\"rate-title\">Rate:<\/p>\n<\/div>\n<\/div>\n<\/article>\n<div class=\"post-content entry-content\">\n<p>Universitatea \u201eDun\u0103rea de Jos\u201d marcheaz\u0103, \u00een perioada 16-20 martie, aniversarea a 78 de ani de \u00eenv\u0103\u0163\u0103m\u00e2nt superior la Gala\u0163i, printr-o serie de evenimente care includ ceremonii academice, expozi\u0163ii, un t\u00e2rg educa\u0163ional \u015fi activit\u0103\u0163i destinate studen\u0163ilor \u015fi comunit\u0103\u0163ii, informeaz\u0103 institu\u0163ia.<\/p>\n<p>Manifest\u0103rile s-au deschis luni, 16 martie, cu o expozi\u0163ie auto organizat\u0103 \u00een parteneriat cu APAN Motors, pe platforma din fa\u0163a universit\u0103\u0163ii, urmat\u0103 de premierea unor studen\u0163i cu rezultate deosebite de la specializarea Autovehicule Rutiere. Tot \u00een prima zi, \u00een Sala Senatului, a avut loc \u201eGala Excelen\u0163ei \u00een cercetare \u015fi activitate doctoral\u0103\u201d, \u00een cadrul c\u0103reia au fost premiate cele mai importante rezultate \u00een activitatea de cercetare, dezvoltare \u015fi inovare, precum \u015fi \u00een activitatea doctoral\u0103.<\/p>\n<p>Miercuri, 18 martie, Arhiepiscopul Dun\u0103rii de Jos, \u00cenaltpreasfin\u0163ia Sa Casian Cr\u0103ciun, va primi distinc\u0163ia de Profesor Emerit al Universit\u0103\u0163ii \u201eDun\u0103rea de Jos\u201d. \u00eentr-o ceremonie organizat\u0103 \u201e\u00een semn de recunoa\u015ftere a contribu\u0163iei sale remarcabile la via\u0163a spiritual\u0103, cultural\u0103 \u015fi educa\u0163ional\u0103 a comunit\u0103\u0163ii\u201d.<\/p>\n<p>Joi, 19 martie, fostul ministru al Educa\u0163iei, Sorin C\u00e2mpeanu, va primi titlul onorific de Doctor Honoris Causa al Universit\u0103\u0163ii \u201eDun\u0103rea de Jos\u201d din Gala\u0163i, \u00een semn de \u201erecunoa\u015ftere a contribu\u0163iei sale la dezvoltarea \u00eenv\u0103\u0163\u0103m\u00e2ntului superior \u015fi a politicilor educa\u0163ionale din Rom\u00e2nia\u201d.<\/p>\n<p>Evenimentele se vor \u00eencheia vineri, 20 martie, zi \u00een care se \u00eemplinesc 78 de ani de \u00eenv\u0103\u0163\u0103m\u00e2nt superior la Gala\u0163i, cu vernisajul expozi\u0163iei \u201eTineri Mae\u015ftri la Dun\u0103rea de Jos\u201d, realizat\u0103 de studen\u0163i ai Facult\u0103\u0163ii de Istorie, Filosofie \u015fi Teologie \u015fi ai Facult\u0103\u0163ii de Arte, inspirat\u0103 de personalit\u0103\u0163i marcante din Gala\u0163i \u015fi Br\u0103ila. \u201ePrin pictur\u0103 \u015fi grafic\u0103 \u00een tehnici diverse, tinerii arti\u015fti propun un dialog \u00eentre memoria cultural\u0103 a regiunii \u015fi expresia artistic\u0103 a noii gene-ra\u0163ii\u201d, precizeaz\u0103 organizatorii.<\/p>\n<p>Tot vineri, este programat evenimentul \u201eAround the world\u201d, organizat de Liga Studen\u0163ilor Str\u0103ini, \u201eo experien\u0163\u0103 dinamic\u0103 \u015fi participativ\u0103, \u00een care studen\u0163ii interna\u0163ionali devin ambasadori culturali\u201d. Seara, \u00een Aula Magna, se va juca musicalul \u201eFamilia Adams\u201d, care va aduce pe scen\u0103 elevi \u015fi studen\u0163i talenta\u0163i din Gala\u0163i \u015fi Br\u0103ila, \u00eentr-un spectacol care \u00eembin\u0103 teatrul, muzica \u015fi coregrafia, spectacolul fiind dedicat exclusiv comunit\u0103\u0163ii academice din UDJG.<\/p>\n<\/div>\n<div class=\"post-content entry-content\">\n<p>Universitatea \u201eDun\u0103rea de Jos\u201d marcheaz\u0103, \u00een perioada 16-20 martie, aniversarea a 78 de ani de \u00eenv\u0103\u0163\u0103m\u00e2nt superior la Gala\u0163i, printr-o serie de evenimente care includ ceremonii academice, expozi\u0163ii, un t\u00e2rg educa\u0163ional \u015fi activit\u0103\u0163i destinate studen\u0163ilor \u015fi comunit\u0103\u0163ii, informeaz\u0103 institu\u0163ia.<\/p>\n<p>Manifest\u0103rile s-au deschis luni, 16 martie, cu o expozi\u0163ie auto organizat\u0103 \u00een parteneriat cu APAN Motors, pe platforma din fa\u0163a universit\u0103\u0163ii, urmat\u0103 de premierea unor studen\u0163i cu rezultate deosebite de la specializarea Autovehicule Rutiere. Tot \u00een prima zi, \u00een Sala Senatului, a avut loc \u201eGala Excelen\u0163ei \u00een cercetare \u015fi activitate doctoral\u0103\u201d, \u00een cadrul c\u0103reia au fost premiate cele mai importante rezultate \u00een activitatea de cercetare, dezvoltare \u015fi inovare, precum \u015fi \u00een activitatea doctoral\u0103.<\/p>\n<p>Miercuri, 18 martie, Arhiepiscopul Dun\u0103rii de Jos, \u00cenaltpreasfin\u0163ia Sa Casian Cr\u0103ciun, va primi distinc\u0163ia de Profesor Emerit al Universit\u0103\u0163ii \u201eDun\u0103rea de Jos\u201d. \u00eentr-o ceremonie organizat\u0103 \u201e\u00een semn de recunoa\u015ftere a contribu\u0163iei sale remarcabile la via\u0163a spiritual\u0103, cultural\u0103 \u015fi educa\u0163ional\u0103 a comunit\u0103\u0163ii\u201d.<\/p>\n<p>Joi, 19 martie, fostul ministru al Educa\u0163iei, Sorin C\u00e2mpeanu, va primi titlul onorific de Doctor Honoris Causa al Universit\u0103\u0163ii \u201eDun\u0103rea de Jos\u201d din Gala\u0163i, \u00een semn de \u201erecunoa\u015ftere a contribu\u0163iei sale la dezvoltarea \u00eenv\u0103\u0163\u0103m\u00e2ntului superior \u015fi a politicilor educa\u0163ionale din Rom\u00e2nia\u201d.<\/p>\n<p>Evenimentele se vor \u00eencheia vineri, 20 martie, zi \u00een care se \u00eemplinesc 78 de ani de \u00eenv\u0103\u0163\u0103m\u00e2nt superior la Gala\u0163i, cu vernisajul expozi\u0163iei \u201eTineri Mae\u015ftri la Dun\u0103rea de Jos\u201d, realizat\u0103 de studen\u0163i ai Facult\u0103\u0163ii de Istorie, Filosofie \u015fi Teologie \u015fi ai Facult\u0103\u0163ii de Arte, inspirat\u0103 de personalit\u0103\u0163i marcante din Gala\u0163i \u015fi Br\u0103ila. \u201ePrin pictur\u0103 \u015fi grafic\u0103 \u00een tehnici diverse, tinerii arti\u015fti propun un dialog \u00eentre memoria cultural\u0103 a regiunii \u015fi expresia artistic\u0103 a noii gene-ra\u0163ii\u201d, precizeaz\u0103 organizatorii.<\/p>\n<p>Tot vineri, este programat evenimentul \u201eAround the world\u201d, organizat de Liga Studen\u0163ilor Str\u0103ini, \u201eo experien\u0163\u0103 dinamic\u0103 \u015fi participativ\u0103, \u00een care studen\u0163ii interna\u0163ionali devin ambasadori culturali\u201d. Seara, \u00een Aula Magna, se va juca musicalul \u201eFamilia Adams\u201d, care va aduce pe scen\u0103 elevi \u015fi studen\u0163i talenta\u0163i din Gala\u0163i \u015fi Br\u0103ila, \u00eentr-un spectacol care \u00eembin\u0103 teatrul, muzica \u015fi coregrafia, spectacolul fiind dedicat exclusiv comunit\u0103\u0163ii academice din UDJG.<\/p>\n<\/div>\n<p>[analyse_source url=&#8221;https:\/\/ziaruldelta.ro\/2026\/03\/18\/universitatea-dunarea-de-jos-marcheaza-78-de-ani-de-invatamant-superior-la-galati\/&#8221;]<\/p>\n","protected":false},"excerpt":{"rendered":"<p>[analyse_image type=&#8221;featured&#8221; src=&#8221;https:\/\/ziaruldelta.ro\/wp-content\/uploads\/2026\/03\/Universitatea.jpg&#8221;] Universitatea \u201eDun\u0103rea de Jos\u201d marcheaz\u0103 78 de ani de \u00eenv\u0103\u0163\u0103m\u00e2nt superior la Gala\u0163i Posted by Adela Darie | Mar 18, 2026 | Social | Universitatea \u201eDun\u0103rea de Jos\u201d marcheaz\u0103, \u00een perioada 16-20 martie, aniversarea a 78 de ani de \u00eenv\u0103\u0163\u0103m\u00e2nt superior la Gala\u0163i, printr-o serie de evenimente care includ ceremonii academice, expozi\u0163ii, [&hellip;]<\/p>\n","protected":false},"author":1,"featured_media":0,"comment_status":"open","ping_status":"","sticky":false,"template":"","format":"standard","meta":{"footnotes":""},"categories":[89],"tags":[226,206],"class_list":["post-1834782","post","type-post","status-publish","format-standard","hentry","category-romania","tag-crawlmanager","tag-ziaruldelta-ro"],"_links":{"self":[{"href":"https:\/\/analyse.optim.biz\/index.php?rest_route=\/wp\/v2\/posts\/1834782","targetHints":{"allow":["GET"]}}],"collection":[{"href":"https:\/\/analyse.optim.biz\/index.php?rest_route=\/wp\/v2\/posts"}],"about":[{"href":"https:\/\/analyse.optim.biz\/index.php?rest_route=\/wp\/v2\/types\/post"}],"author":[{"embeddable":true,"href":"https:\/\/analyse.optim.biz\/index.php?rest_route=\/wp\/v2\/users\/1"}],"replies":[{"embeddable":true,"href":"https:\/\/analyse.optim.biz\/index.php?rest_route=%2Fwp%2Fv2%2Fcomments&post=1834782"}],"version-history":[{"count":0,"href":"https:\/\/analyse.optim.biz\/index.php?rest_route=\/wp\/v2\/posts\/1834782\/revisions"}],"wp:attachment":[{"href":"https:\/\/analyse.optim.biz\/index.php?rest_route=%2Fwp%2Fv2%2Fmedia&parent=1834782"}],"wp:term":[{"taxonomy":"category","embeddable":true,"href":"https:\/\/analyse.optim.biz\/index.php?rest_route=%2Fwp%2Fv2%2Fcategories&post=1834782"},{"taxonomy":"post_tag","embeddable":true,"href":"https:\/\/analyse.optim.biz\/index.php?rest_route=%2Fwp%2Fv2%2Ftags&post=1834782"}],"curies":[{"name":"wp","href":"https:\/\/api.w.org\/{rel}","templated":true}]}}