{"id":183448,"date":"2015-04-10T17:27:26","date_gmt":"2015-04-10T14:27:26","guid":{"rendered":"https:\/\/analyse.optim.biz\/?p=183448"},"modified":"2015-04-10T17:27:26","modified_gmt":"2015-04-10T14:27:26","slug":"victor-ponta-fotografiat-intr-un-avion-spre-new-york","status":"publish","type":"post","link":"https:\/\/analyse.optim.biz\/?p=183448","title":{"rendered":"Victor Ponta, fotografiat \u00eentr-un avion spre New York"},"content":{"rendered":"<div class=\"entry data-app-meta data-app-meta-article\" data-embed-base-url-canonical=\"https:\/\/www.digi24.ro\/embed\/stiri\/actualitate\/politica\/victor-ponta-fotografiat-intr-un-avion-spre-new-york-378922\">\n<div class=\"fb-post\">\n<div class=\"fb-xfbml-parse-ignore\">\n<blockquote cite=\"https:\/\/www.facebook.com\/marius.mina\/posts\/10153202564037528\">\n<p data-index=\"2\">In ultima postare pe Facebook, Ponta va indeamna sa cereti si sa pastrati bonurile fiscale pentru tombola.Victor&#8230;<\/p>\n<p>Posted by <a href=\"https:\/\/www.facebook.com\/marius.mina\" data-skip-linkfix=\"1\">Marius Mina<\/a> on <a href=\"https:\/\/www.facebook.com\/marius.mina\/posts\/10153202564037528\" data-skip-linkfix=\"1\">Friday, April 10, 2015<\/a><\/p><\/blockquote>\n<\/div>\n<\/div>\n<p data-index=\"3\">Victor Ponta a fost fotografiat, la plecarea sa c\u0103tre New York, \u00een aeronava care zbura spre Statele Unite, apar\u0163in\u00e2nd companiei Lufthansa. Un utilizator Facebook, Marius Mina, a publicat fotografiile pe pagina sa.<\/p>\n<p data-index=\"4\">\u00centr-o postare anterioar\u0103, b\u0103rbatul a scris c\u0103 premierul a zburat spre New York din Frankfurt, la business class, \u015fi era \u00eenso\u0163it de europarlamentarul Daciana S\u00e2rbu \u015fi de cei doi copii.<\/p>\n<p data-index=\"5\"><a href=\"https:\/\/www.digi24.ro\/Stiri\/Digi24\/Actualitate\/Politica\/Victor+Ponta+pleaca+in+vacanta+de+Pasti\" data-skip-linkfix=\"1\">\u00centrebat de pres\u0103 unde va petrece Pa\u015ftele, \u00een contextul \u00een care informa\u0163ia era c\u0103 acesta va pleca \u00een SUA<\/a>, premierul Ponta a r\u0103spuns c\u0103 va sta cu familia \u00eentr-un loc \u00een care sper\u0103 s\u0103 nu fie g\u0103sit.<\/p>\n<p data-index=\"6\">Victor Ponta a anun\u0163at anterior c\u0103 Guvernul \u00ee\u015fi va relua activitatea normal\u0103 mar\u0163i, 14 aprilie, dup\u0103 s\u0103rb\u0103tori. Premierul \u015fi-a mai delegat atribu\u0163iile de coordonare a Guvernului c\u0103tre vicepremierul Gabriel Oprea, \u00een perioada 10-17 februarie 2015, c\u00e2nd a plecat \u00een Statele Unite ale Americii, \u015fi \u00een 19-24 noiembrie 2014, c\u00e2nd \u015feful Guvernului a plecat \u00een Dubai, la Campionatul Mondial de Formula 1, imediat dup\u0103 alegerile preziden\u0163iale.<\/p>\n<\/div>\n<p> Source URL: https:\/\/www.digi24.ro\/stiri\/actualitate\/politica\/victor-ponta-fotografiat-intr-un-avion-spre-new-york-378922<\/p>\n","protected":false},"excerpt":{"rendered":"<p>In ultima postare pe Facebook, Ponta va indeamna sa cereti si sa pastrati bonurile fiscale pentru tombola.Victor&#8230; Posted by Marius Mina on Friday, April 10, 2015 Victor Ponta a fost fotografiat, la plecarea sa c\u0103tre New York, \u00een aeronava care zbura spre Statele Unite, apar\u0163in\u00e2nd companiei Lufthansa. Un utilizator Facebook, Marius Mina, a publicat fotografiile [&hellip;]<\/p>\n","protected":false},"author":1,"featured_media":183449,"comment_status":"open","ping_status":"","sticky":false,"template":"","format":"standard","meta":{"footnotes":""},"categories":[2],"tags":[11],"class_list":["post-183448","post","type-post","status-publish","format-standard","has-post-thumbnail","hentry","category-politics","tag-digi24"],"_links":{"self":[{"href":"https:\/\/analyse.optim.biz\/index.php?rest_route=\/wp\/v2\/posts\/183448","targetHints":{"allow":["GET"]}}],"collection":[{"href":"https:\/\/analyse.optim.biz\/index.php?rest_route=\/wp\/v2\/posts"}],"about":[{"href":"https:\/\/analyse.optim.biz\/index.php?rest_route=\/wp\/v2\/types\/post"}],"author":[{"embeddable":true,"href":"https:\/\/analyse.optim.biz\/index.php?rest_route=\/wp\/v2\/users\/1"}],"replies":[{"embeddable":true,"href":"https:\/\/analyse.optim.biz\/index.php?rest_route=%2Fwp%2Fv2%2Fcomments&post=183448"}],"version-history":[{"count":0,"href":"https:\/\/analyse.optim.biz\/index.php?rest_route=\/wp\/v2\/posts\/183448\/revisions"}],"wp:featuredmedia":[{"embeddable":true,"href":"https:\/\/analyse.optim.biz\/index.php?rest_route=\/wp\/v2\/media\/183449"}],"wp:attachment":[{"href":"https:\/\/analyse.optim.biz\/index.php?rest_route=%2Fwp%2Fv2%2Fmedia&parent=183448"}],"wp:term":[{"taxonomy":"category","embeddable":true,"href":"https:\/\/analyse.optim.biz\/index.php?rest_route=%2Fwp%2Fv2%2Fcategories&post=183448"},{"taxonomy":"post_tag","embeddable":true,"href":"https:\/\/analyse.optim.biz\/index.php?rest_route=%2Fwp%2Fv2%2Ftags&post=183448"}],"curies":[{"name":"wp","href":"https:\/\/api.w.org\/{rel}","templated":true}]}}