{"id":183408,"date":"2015-04-14T08:39:59","date_gmt":"2015-04-14T05:39:59","guid":{"rendered":"https:\/\/analyse.optim.biz\/?p=183408"},"modified":"2015-04-14T08:39:59","modified_gmt":"2015-04-14T05:39:59","slug":"blocaj-la-consiliul-judetean-braila-autoritatile-nu-pot-organiza-alegeri-anticipate","status":"publish","type":"post","link":"https:\/\/analyse.optim.biz\/?p=183408","title":{"rendered":"Blocaj la Consiliul Jude\u0163ean Br\u0103ila. Autorit\u0103\u021bile nu pot organiza alegeri anticipate"},"content":{"rendered":"<div class=\"entry data-app-meta data-app-meta-article\" data-embed-base-url-canonical=\"https:\/\/www.digi24.ro\/embed\/stiri\/actualitate\/politica\/blocaj-la-consiliul-judetean-braila-autoritatile-nu-pot-organiza-alegeri-anticipate-379616\">\n<p data-index=\"1\">Gheorghe Bunea Stancu a contestat ordinul prin care a fost revocat din func\u0163ie \u015fi p\u00e2n\u0103 la clarificarea situa\u0163iei, Br\u0103ila r\u0103m\u00e2ne f\u0103r\u0103 \u015fef al Consiliului Jude\u0163ean.\u00a0<\/p>\n<p data-index=\"2\"><strong>Legea administra\u0163iei publice locale oblig\u0103 autorit\u0103\u0163ile ca \u00een maxim 90 de zile de la revocarea din func\u0163ie s\u0103 organizeze alegeri anticipate.<\/strong><\/p>\n<p data-index=\"3\">Gheorghe Bunea Stancu a fost revocat din func\u0163ie \u00een noiembrie 2014. \u00cens\u0103 a contestat \u00een instan\u0163a revocarea. De\u015fi instan\u0163a s-a pronun\u0163at \u00eempotriva contesta\u0163iei sale, Bunea Stancu a f\u0103cut recurs pe 1 aprilie, cu doar 2 zile \u00eenainte de a fi condamnat la trei ani de \u00eenchisoare \u00een dosarul \u201eMit\u0103 la PSD\u201d.<\/p>\n<p data-index=\"4\"><strong>Astfel, autorit\u0103\u0163ile trebuie s\u0103 a\u015ftepte judecarea recursului, deoarece nu mai pot emite un al doilea ordin de revocare.<\/strong><\/p>\n<p data-index=\"5\">Conform Legii privind Statutul ale\u015filor locali, primarul, respectiv pre\u015fedintele de consiliu jude\u0163ean \u00ee\u015fi pierd func\u0163ia, de drept, \u00eenainte de expirarea duratei normale a mandatului dac\u0103 sunt declara\u0163i incompatibili, condamna\u0163i prin hot\u0103r\u00e2re judec\u0103toreasc\u0103 r\u0103mas\u0103 definitiv\u0103 la o pedeaps\u0103 privativ\u0103 de libertate sau pu\u015fi sub interdic\u0163ie judec\u0103toreasc\u0103.<\/p>\n<\/div>\n<p> Source URL: https:\/\/www.digi24.ro\/stiri\/actualitate\/politica\/blocaj-la-consiliul-judetean-braila-autoritatile-nu-pot-organiza-alegeri-anticipate-379616<\/p>\n","protected":false},"excerpt":{"rendered":"<p>Gheorghe Bunea Stancu a contestat ordinul prin care a fost revocat din func\u0163ie \u015fi p\u00e2n\u0103 la clarificarea situa\u0163iei, Br\u0103ila r\u0103m\u00e2ne f\u0103r\u0103 \u015fef al Consiliului Jude\u0163ean.\u00a0 Legea administra\u0163iei publice locale oblig\u0103 autorit\u0103\u0163ile ca \u00een maxim 90 de zile de la revocarea din func\u0163ie s\u0103 organizeze alegeri anticipate. Gheorghe Bunea Stancu a fost revocat din func\u0163ie \u00een [&hellip;]<\/p>\n","protected":false},"author":1,"featured_media":183409,"comment_status":"open","ping_status":"","sticky":false,"template":"","format":"standard","meta":{"footnotes":""},"categories":[2],"tags":[11],"class_list":["post-183408","post","type-post","status-publish","format-standard","has-post-thumbnail","hentry","category-politics","tag-digi24"],"_links":{"self":[{"href":"https:\/\/analyse.optim.biz\/index.php?rest_route=\/wp\/v2\/posts\/183408","targetHints":{"allow":["GET"]}}],"collection":[{"href":"https:\/\/analyse.optim.biz\/index.php?rest_route=\/wp\/v2\/posts"}],"about":[{"href":"https:\/\/analyse.optim.biz\/index.php?rest_route=\/wp\/v2\/types\/post"}],"author":[{"embeddable":true,"href":"https:\/\/analyse.optim.biz\/index.php?rest_route=\/wp\/v2\/users\/1"}],"replies":[{"embeddable":true,"href":"https:\/\/analyse.optim.biz\/index.php?rest_route=%2Fwp%2Fv2%2Fcomments&post=183408"}],"version-history":[{"count":0,"href":"https:\/\/analyse.optim.biz\/index.php?rest_route=\/wp\/v2\/posts\/183408\/revisions"}],"wp:featuredmedia":[{"embeddable":true,"href":"https:\/\/analyse.optim.biz\/index.php?rest_route=\/wp\/v2\/media\/183409"}],"wp:attachment":[{"href":"https:\/\/analyse.optim.biz\/index.php?rest_route=%2Fwp%2Fv2%2Fmedia&parent=183408"}],"wp:term":[{"taxonomy":"category","embeddable":true,"href":"https:\/\/analyse.optim.biz\/index.php?rest_route=%2Fwp%2Fv2%2Fcategories&post=183408"},{"taxonomy":"post_tag","embeddable":true,"href":"https:\/\/analyse.optim.biz\/index.php?rest_route=%2Fwp%2Fv2%2Ftags&post=183408"}],"curies":[{"name":"wp","href":"https:\/\/api.w.org\/{rel}","templated":true}]}}