{"id":183394,"date":"2015-04-14T13:23:06","date_gmt":"2015-04-14T10:23:06","guid":{"rendered":"https:\/\/analyse.optim.biz\/?p=183394"},"modified":"2015-04-14T13:23:06","modified_gmt":"2015-04-14T10:23:06","slug":"demisia-lui-marko-attila-a-ajuns-in-parlament-avocat-deocamdata-nu-are-intentia-sa-se-intoarca-in-romania","status":"publish","type":"post","link":"https:\/\/analyse.optim.biz\/?p=183394","title":{"rendered":"Demisia lui Marko Attila a ajuns \u00een Parlament.\u00a0Avocat: Deocamdat\u0103 nu are inten\u021bia s\u0103 se \u00eentoarc\u0103 \u00een Rom\u00e2nia"},"content":{"rendered":"<div class=\"entry data-app-meta data-app-meta-article\" data-embed-base-url-canonical=\"https:\/\/www.digi24.ro\/embed\/stiri\/actualitate\/politica\/demisia-lui-marko-attila-a-ajuns-in-parlament-avocat-deocamdata-nu-are-intentia-sa-se-intoarca-in-romania-379759\">\n<p data-index=\"1\"><strong>Actualizare 14.10:<\/strong> Eugen Iord\u0103chescu, avocatul lui Marko Attila, a spus c\u0103 a comunicat cu acesta prin email.<\/p>\n<p data-index=\"2\">\u201eDin ceea ce mi-a comunicat el, rezult\u0103 c\u0103 nu are inten\u021bia deocamdat\u0103 s\u0103 se re\u00eentoarc\u0103 \u00een Rom\u00e2nia\u201d, a spus Eugen Iord\u0103chescu, pentru Digi24.<\/p>\n<p data-index=\"3\">\u201eProblema nu e ce l-am sf\u0103tuit eu, ci ce vrea s\u0103 fac\u0103 el. Indiferent ce sfaturi i-am dat eu, decizia \u00eei apartine. Dac\u0103 el a decis deocamdat\u0103 s\u0103 r\u0103m\u00e2n\u0103 \u00een Ungaria, asta e voin\u021ba domniei sale. Ca orice alt cet\u0103\u021bean al UE, fiecare e liber s\u0103 stea unde \u00ee\u0219i dore\u0219te. E dreptul la liber\u0103 mi\u0219care, e dreptul fiec\u0103rui cet\u0103\u021bean s\u0103 se stabileasc\u0103 unde crede c\u0103 \u00eei e lui mai bine, el a a\u0219a a \u00een\u021beles s\u0103 procedeze\u201d, a ad\u0103ugat avocatul lui Marko Attila.<\/p>\n<p data-index=\"4\">\u201eAcest gest din partea sa poate fi interpretat ca o sustragere de la procedurile judiciare. Oric\u00e2nd magistra\u021bii pot s\u0103 decid\u0103 luarea unei m\u0103suri preventive fa\u021b\u0103 de el. Nimic nu \u00eei \u00eempiedic\u0103. C\u0103 nu s-a \u00eent\u00e2mplat p\u00e2n\u0103 acum e un mare semn de \u00eentrebare. Exista \u00eencuviin\u021barea Camerei \u00eenc\u0103 din decembrie. Oric\u00e2nd puteau cere arestarea, nu s-a \u00eent\u00e2mplat \u0219i nu \u00een\u021beleg de ce\u201d, a completat avocatul <span>Eugen Iord\u0103chescu, la Digi24.<\/span><\/p>\n<hr>\n<p data-index=\"5\">A fost o \u00eentreag\u0103 tevatur\u0103 \u00eenainte de vacan\u021ba de Pa\u0219te, <a href=\"https:\/\/www.digi24.ro\/Stiri\/Digi24\/Actualitate\/Politica\/Marko+Attila+salvat+de+iepuras\" data-skip-linkfix=\"1\">\u00een cazul demisiei lui Marko Attila<\/a>. El \u0219i-a trimis demisia prin fax, \u00eens\u0103 documentul nu a fost supus la vot \u00een plenul Camerei Deputa\u021bilor. Deputa\u021bii au am\u00e2nat de dou\u0103 ori votul, o dat\u0103 atunci c\u00e2nd ace\u0219tia au spus c\u0103 a\u0219teapt\u0103 documentul original, iar o dat\u0103 c\u00e2nd nu a fost cvorum.<\/p>\n<p data-index=\"6\">Deputatul UDMR a plecat \u00een Ungaria \u00een decembrie anul trecut, dup\u0103 ce colegii s\u0103i au votat \u00een favoarea arest\u0103rii preventive \u00een dosarul ANRP. De\u015fi nu a mai revenit \u00een \u0163ar\u0103, Marko Attila beneficiaz\u0103 \u00eenc\u0103 de toate drepturile pe care i le ofer\u0103 func\u0163ia.<\/p>\n<p data-index=\"7\">P\u00e2n\u0103 acum, Marko Attila a \u00eencasat de la Parlament patru indemniza\u0163ii. \u00cen decembrie \u015fi ianuarie a primit aproape 5.000 de lei, \u00een timp ce \u00een februarie doar 3500, iar \u00een luna martie, pu\u0163in peste 4.000 de lei. \u015ei biroul deputatului UDMR a func\u0163ionat \u00een continuare. \u00cen fiecare lun\u0103, Parlamentul a alocat deputatului peste 10.000 de lei.<\/p>\n<p data-index=\"8\">Parlamentul \u00eei pl\u0103te\u015fte \u00een continuare \u015fi cazarea \u00een Bucure\u015fti. C\u00e2te 4.000 de lei pe lun\u0103 au fost vira\u0163i din bugetul Parlamentului pentru o locuin\u0163\u0103 \u00een care nu a stat nimeni. \u00a0<\/p>\n<p data-index=\"9\"><a href=\"https:\/\/www.digi24.ro\/Stiri\/Digi24\/Actualitate\/Justitie\/Fostul+presedinte+al+ANI+Horia+Georgescu+trimis+in+judecata\" data-skip-linkfix=\"1\">Marko Attila a fost trimis \u00een judecat\u0103<\/a> \u00een acela\u0219i dosar cu fostul pre\u015fedinte al Agen\u0163iei Na\u0163ionale de Integritate, Horia Georgescu, deputatul Theodor Nicolescu, dar \u015fi alte nou\u0103 persoane. Ei au f\u0103cut parte din Comisia de Desp\u0103gubiri a ANRP sau au efectuat expertize false, sus\u021bin procurorii. Acuza\u0163iile care le sunt aduse sunt de abuz \u00een serviciu sau luare de mit\u0103.<\/p>\n<p data-index=\"10\">\n<\/div>\n<p> Source URL: https:\/\/www.digi24.ro\/stiri\/actualitate\/politica\/demisia-lui-marko-attila-a-ajuns-in-parlament-avocat-deocamdata-nu-are-intentia-sa-se-intoarca-in-romania-379759<\/p>\n","protected":false},"excerpt":{"rendered":"<p>Actualizare 14.10: Eugen Iord\u0103chescu, avocatul lui Marko Attila, a spus c\u0103 a comunicat cu acesta prin email. \u201eDin ceea ce mi-a comunicat el, rezult\u0103 c\u0103 nu are inten\u021bia deocamdat\u0103 s\u0103 se re\u00eentoarc\u0103 \u00een Rom\u00e2nia\u201d, a spus Eugen Iord\u0103chescu, pentru Digi24. \u201eProblema nu e ce l-am sf\u0103tuit eu, ci ce vrea s\u0103 fac\u0103 el. Indiferent ce [&hellip;]<\/p>\n","protected":false},"author":1,"featured_media":183395,"comment_status":"open","ping_status":"","sticky":false,"template":"","format":"standard","meta":{"footnotes":""},"categories":[2],"tags":[11],"class_list":["post-183394","post","type-post","status-publish","format-standard","has-post-thumbnail","hentry","category-politics","tag-digi24"],"_links":{"self":[{"href":"https:\/\/analyse.optim.biz\/index.php?rest_route=\/wp\/v2\/posts\/183394","targetHints":{"allow":["GET"]}}],"collection":[{"href":"https:\/\/analyse.optim.biz\/index.php?rest_route=\/wp\/v2\/posts"}],"about":[{"href":"https:\/\/analyse.optim.biz\/index.php?rest_route=\/wp\/v2\/types\/post"}],"author":[{"embeddable":true,"href":"https:\/\/analyse.optim.biz\/index.php?rest_route=\/wp\/v2\/users\/1"}],"replies":[{"embeddable":true,"href":"https:\/\/analyse.optim.biz\/index.php?rest_route=%2Fwp%2Fv2%2Fcomments&post=183394"}],"version-history":[{"count":0,"href":"https:\/\/analyse.optim.biz\/index.php?rest_route=\/wp\/v2\/posts\/183394\/revisions"}],"wp:featuredmedia":[{"embeddable":true,"href":"https:\/\/analyse.optim.biz\/index.php?rest_route=\/wp\/v2\/media\/183395"}],"wp:attachment":[{"href":"https:\/\/analyse.optim.biz\/index.php?rest_route=%2Fwp%2Fv2%2Fmedia&parent=183394"}],"wp:term":[{"taxonomy":"category","embeddable":true,"href":"https:\/\/analyse.optim.biz\/index.php?rest_route=%2Fwp%2Fv2%2Fcategories&post=183394"},{"taxonomy":"post_tag","embeddable":true,"href":"https:\/\/analyse.optim.biz\/index.php?rest_route=%2Fwp%2Fv2%2Ftags&post=183394"}],"curies":[{"name":"wp","href":"https:\/\/api.w.org\/{rel}","templated":true}]}}