{"id":183388,"date":"2015-04-14T17:35:10","date_gmt":"2015-04-14T14:35:10","guid":{"rendered":"https:\/\/analyse.optim.biz\/?p=183388"},"modified":"2015-04-14T17:35:10","modified_gmt":"2015-04-14T14:35:10","slug":"catalin-predoiu-vrea-o-dezbatere-politica-serioasa-intre-psd-si-pnl-pe-tema-codului-fiscal","status":"publish","type":"post","link":"https:\/\/analyse.optim.biz\/?p=183388","title":{"rendered":"C\u0103t\u0103lin Predoiu vrea o dezbatere \u201epolitic\u0103 serioas\u0103\u201d \u00eentre PSD \u0219i PNL pe tema Codului Fiscal"},"content":{"rendered":"<div class=\"entry data-app-meta data-app-meta-article\" data-embed-base-url-canonical=\"https:\/\/www.digi24.ro\/embed\/stiri\/actualitate\/politica\/catalin-predoiu-vrea-o-dezbatere-politica-serioasa-intre-psd-si-pnl-pe-tema-codului-fiscal-380022\">\n<p data-index=\"1\"><img decoding=\"async\" src=\"https:\/\/analyse.optim.biz\/wp-content\/uploads\/2024\/09\/odzmyzlln2e4nwyzyzywndljmwi0zmjiotu2njm2-thumb_.jpg\" data-skip-htmlfix=\"1\" title=\"odzmyzlln2e4nwyzyzywndljmwi0zmjiotu2njm2-thumb_\">\u00a0<\/p>\n<p data-index=\"2\">\u201eSuntem \u00een S\u0103pt\u0103m\u00e2na Luminat\u0103! Am auzit mai mul\u0163i lideri PSD propun\u00e2nd negocieri pe Codul Fiscal. \u00cen sf\u00e2r\u015fit, o atitudine \u00een\u0163eleapt\u0103! Problemele semnalate de noi, \u00een acord cu observa\u0163iile mai multor economi\u015fti reputa\u0163i, inclusiv cu cele formulate de Consiliul Fiscal, BNR, Comisia European\u0103, FMI \u015fi Banca Mondial\u0103, legate de proiectul Codului Fiscal, reprezint\u0103 un argument \u00een plus pentru o dezbatere politic\u0103 serioas\u0103 pe Codul Fiscal \u00eentre PSD \u015fi PNL. P\u0103rerea mea este c\u0103 o astfel\u00a0de dezbatere este necesar\u0103 \u015fi utila Rom\u00e2niei. Cred \u00eens\u0103 c\u0103 PSD trebuie s\u0103 fac\u0103 o serie de pa\u015fi \u00een privin\u0163a urm\u0103toarelor subiecte:<\/p>\n<p data-index=\"3\">1) Din respect pentru Diaspora, s\u0103 accepte votul prin coresponden\u0163\u0103;<\/p>\n<p data-index=\"4\">2) S\u0103 accepte eliminarea total\u0103 a imunit\u0103\u0163ii pentru parlamentari;<\/p>\n<p data-index=\"5\">3) S\u0103 \u00eei solicite dlui T\u0103riceanu retragerea de la Pre\u015fedin\u0163ia Senatului;<\/p>\n<p data-index=\"6\">4) S\u0103 voteze Legea finan\u0163\u0103rii partidelor politice \u00een forma cerut\u0103 de Pre\u015fedinte la reexaminare;<\/p>\n<p data-index=\"7\">5) S\u0103 includa \u00een delega\u0163ia de negociere cu institu\u0163iile financiare interna\u0163ionale un observator din partea PNL, pentru transparen\u0163\u0103.<\/p>\n<p data-index=\"8\">\u00cen concluzie, cred c\u0103 ar fi bine pentru Rom\u00e2nia s\u0103 \u00een\u0163elegem cu to\u0163ii c\u0103 acesta este un moment prielnic pentru a demonstra tuturor c\u0103 Rom\u00e2nia are capacitatea politic\u0103 de mobilizare atunci c\u00e2nd este nevoie. Ar fi o dovad\u0103 de \u00een\u0163elepciune politic\u0103\u201d, a scris C\u0103t\u0103lin Predoiu pe Facebook.<\/p>\n<div class=\"fb-post\">\n<div class=\"fb-xfbml-parse-ignore\">\n<blockquote cite=\"https:\/\/www.facebook.com\/catalin.predoiu\/posts\/839320039475498:0\">\n<p data-index=\"10\">Suntem \u00een S\u0103pt\u0103m\u00e2na Luminat\u0103! Am auzit mai mul\u0163i lideri PSD propun\u00e2nd negocieri pe Codul Fiscal. \u00cen sf\u00e2r\u015fit, o atitudine&#8230;<\/p>\n<p>Posted by <a href=\"https:\/\/www.facebook.com\/catalin.predoiu\" data-skip-linkfix=\"1\">C\u0103t\u0103lin Predoiu<\/a> on <a href=\"https:\/\/www.facebook.com\/catalin.predoiu\/posts\/839320039475498:0\" data-skip-linkfix=\"1\">Tuesday, April 14, 2015<\/a><\/p><\/blockquote>\n<\/div>\n<\/div>\n<\/div>\n<p> Source URL: https:\/\/www.digi24.ro\/stiri\/actualitate\/politica\/catalin-predoiu-vrea-o-dezbatere-politica-serioasa-intre-psd-si-pnl-pe-tema-codului-fiscal-380022<\/p>\n","protected":false},"excerpt":{"rendered":"<p>\u00a0 \u201eSuntem \u00een S\u0103pt\u0103m\u00e2na Luminat\u0103! Am auzit mai mul\u0163i lideri PSD propun\u00e2nd negocieri pe Codul Fiscal. \u00cen sf\u00e2r\u015fit, o atitudine \u00een\u0163eleapt\u0103! Problemele semnalate de noi, \u00een acord cu observa\u0163iile mai multor economi\u015fti reputa\u0163i, inclusiv cu cele formulate de Consiliul Fiscal, BNR, Comisia European\u0103, FMI \u015fi Banca Mondial\u0103, legate de proiectul Codului Fiscal, reprezint\u0103 un argument [&hellip;]<\/p>\n","protected":false},"author":1,"featured_media":183389,"comment_status":"open","ping_status":"","sticky":false,"template":"","format":"standard","meta":{"footnotes":""},"categories":[2],"tags":[11],"class_list":["post-183388","post","type-post","status-publish","format-standard","has-post-thumbnail","hentry","category-politics","tag-digi24"],"_links":{"self":[{"href":"https:\/\/analyse.optim.biz\/index.php?rest_route=\/wp\/v2\/posts\/183388","targetHints":{"allow":["GET"]}}],"collection":[{"href":"https:\/\/analyse.optim.biz\/index.php?rest_route=\/wp\/v2\/posts"}],"about":[{"href":"https:\/\/analyse.optim.biz\/index.php?rest_route=\/wp\/v2\/types\/post"}],"author":[{"embeddable":true,"href":"https:\/\/analyse.optim.biz\/index.php?rest_route=\/wp\/v2\/users\/1"}],"replies":[{"embeddable":true,"href":"https:\/\/analyse.optim.biz\/index.php?rest_route=%2Fwp%2Fv2%2Fcomments&post=183388"}],"version-history":[{"count":0,"href":"https:\/\/analyse.optim.biz\/index.php?rest_route=\/wp\/v2\/posts\/183388\/revisions"}],"wp:featuredmedia":[{"embeddable":true,"href":"https:\/\/analyse.optim.biz\/index.php?rest_route=\/wp\/v2\/media\/183389"}],"wp:attachment":[{"href":"https:\/\/analyse.optim.biz\/index.php?rest_route=%2Fwp%2Fv2%2Fmedia&parent=183388"}],"wp:term":[{"taxonomy":"category","embeddable":true,"href":"https:\/\/analyse.optim.biz\/index.php?rest_route=%2Fwp%2Fv2%2Fcategories&post=183388"},{"taxonomy":"post_tag","embeddable":true,"href":"https:\/\/analyse.optim.biz\/index.php?rest_route=%2Fwp%2Fv2%2Ftags&post=183388"}],"curies":[{"name":"wp","href":"https:\/\/api.w.org\/{rel}","templated":true}]}}