{"id":183377,"date":"2015-04-14T19:29:37","date_gmt":"2015-04-14T16:29:37","guid":{"rendered":"https:\/\/analyse.optim.biz\/?p=183377"},"modified":"2015-04-14T19:29:37","modified_gmt":"2015-04-14T16:29:37","slug":"parlamentarii-vor-pensii-speciale","status":"publish","type":"post","link":"https:\/\/analyse.optim.biz\/?p=183377","title":{"rendered":"Parlamentarii vor pensii speciale"},"content":{"rendered":"<div class=\"entry data-app-meta data-app-meta-article\" data-embed-base-url-canonical=\"https:\/\/www.digi24.ro\/embed\/stiri\/actualitate\/politica\/parlamentarii-vor-pensii-speciale-380095\">\n<p data-index=\"1\">Potrivit proiectului discutat, mar\u0163i, la \u015fedin\u0163a grupului deputa\u0163ilor PSD, deputa\u0163ii \u015fi senatorii vor avea dreptul dup\u0103 exercitarea mandatului, la cerere, la \u00eemplinirea v\u00e2rstei standard, la o indemniza\u0163ie lunar\u0103 pentru activitatea de parlamentar, de indemniza\u0163ie urm\u00e2nd s\u0103 beneficieze doar cei care nu mai au calitatea de parlamentar.<\/p>\n<p data-index=\"2\">Calculul acestei pensii se va face prin \u00eenmul\u0163irea 0,55% din indemniza\u0163ia brut\u0103 lunar\u0103 de parlamentar cu num\u0103rul mandatelor, iar pensia se va actualiza ori de c\u00e2te ori se va majora sau indexa indemniza\u0163ia parlamentarilor \u015fi se va cumula cu orice tip de pensie din sistemul public de pensii, potrivit proiectului de lege, care \u00eenc\u0103 nu a fost depus.<\/p>\n<\/div>\n<p> Source URL: https:\/\/www.digi24.ro\/stiri\/actualitate\/politica\/parlamentarii-vor-pensii-speciale-380095<\/p>\n","protected":false},"excerpt":{"rendered":"<p>Potrivit proiectului discutat, mar\u0163i, la \u015fedin\u0163a grupului deputa\u0163ilor PSD, deputa\u0163ii \u015fi senatorii vor avea dreptul dup\u0103 exercitarea mandatului, la cerere, la \u00eemplinirea v\u00e2rstei standard, la o indemniza\u0163ie lunar\u0103 pentru activitatea de parlamentar, de indemniza\u0163ie urm\u00e2nd s\u0103 beneficieze doar cei care nu mai au calitatea de parlamentar. Calculul acestei pensii se va face prin \u00eenmul\u0163irea 0,55% [&hellip;]<\/p>\n","protected":false},"author":1,"featured_media":183378,"comment_status":"open","ping_status":"","sticky":false,"template":"","format":"standard","meta":{"footnotes":""},"categories":[2],"tags":[11],"class_list":["post-183377","post","type-post","status-publish","format-standard","has-post-thumbnail","hentry","category-politics","tag-digi24"],"_links":{"self":[{"href":"https:\/\/analyse.optim.biz\/index.php?rest_route=\/wp\/v2\/posts\/183377","targetHints":{"allow":["GET"]}}],"collection":[{"href":"https:\/\/analyse.optim.biz\/index.php?rest_route=\/wp\/v2\/posts"}],"about":[{"href":"https:\/\/analyse.optim.biz\/index.php?rest_route=\/wp\/v2\/types\/post"}],"author":[{"embeddable":true,"href":"https:\/\/analyse.optim.biz\/index.php?rest_route=\/wp\/v2\/users\/1"}],"replies":[{"embeddable":true,"href":"https:\/\/analyse.optim.biz\/index.php?rest_route=%2Fwp%2Fv2%2Fcomments&post=183377"}],"version-history":[{"count":0,"href":"https:\/\/analyse.optim.biz\/index.php?rest_route=\/wp\/v2\/posts\/183377\/revisions"}],"wp:featuredmedia":[{"embeddable":true,"href":"https:\/\/analyse.optim.biz\/index.php?rest_route=\/wp\/v2\/media\/183378"}],"wp:attachment":[{"href":"https:\/\/analyse.optim.biz\/index.php?rest_route=%2Fwp%2Fv2%2Fmedia&parent=183377"}],"wp:term":[{"taxonomy":"category","embeddable":true,"href":"https:\/\/analyse.optim.biz\/index.php?rest_route=%2Fwp%2Fv2%2Fcategories&post=183377"},{"taxonomy":"post_tag","embeddable":true,"href":"https:\/\/analyse.optim.biz\/index.php?rest_route=%2Fwp%2Fv2%2Ftags&post=183377"}],"curies":[{"name":"wp","href":"https:\/\/api.w.org\/{rel}","templated":true}]}}