{"id":183374,"date":"2015-04-14T20:15:40","date_gmt":"2015-04-14T17:15:40","guid":{"rendered":"https:\/\/analyse.optim.biz\/?p=183374"},"modified":"2015-04-14T20:15:40","modified_gmt":"2015-04-14T17:15:40","slug":"ludovic-orban-nu-e-prima-data-cand-ponta-isi-foloseste-pozitia-de-premier-pentru-a-si-ataca-competitorii","status":"publish","type":"post","link":"https:\/\/analyse.optim.biz\/?p=183374","title":{"rendered":"Ludovic Orban: Nu e prima dat\u0103 c\u00e2nd Ponta \u00ee\u015fi folose\u015fte pozi\u0163ia de premier pentru a-\u015fi ataca competitorii"},"content":{"rendered":"<div class=\"entry data-app-meta data-app-meta-article\" data-embed-base-url-canonical=\"https:\/\/www.digi24.ro\/embed\/stiri\/actualitate\/politica\/ludovic-orban-nu-e-prima-data-cand-ponta-isi-foloseste-pozitia-de-premier-pentru-a-si-ataca-competitorii-380117\">\n<p data-index=\"1\"><img decoding=\"async\" src=\"https:\/\/analyse.optim.biz\/wp-content\/uploads\/2024\/09\/jnc9odawjmhhc2g9nznlymm0owrimzewnjfmodq4mmu1owmxnwm3ymu0odg-thumb_.jpg\" data-skip-htmlfix=\"1\" title=\"jnc9odawjmhhc2g9nznlymm0owrimzewnjfmodq4mmu1owmxnwm3ymu0odg-thumb_\"><\/p>\n<p data-index=\"2\">\u201e<em><strong>Nu e prima oar\u0103 c\u00e2nd\u00a0Victor Ponta\u00a0\u00ee\u015fi folose\u015fte pozi\u0163ia de prim-ministru pentru a-\u015fi ataca competitorii politici \u015fi c\u00e2nd \u00ee\u015fi folose\u015fte pozi\u0163ia guvernamental\u0103 \u00een avantaj personal<\/strong><\/em>\u201d, a precizat Orban, despre acuza\u0163iile care i se aduc de c\u0103tre Corpul de control al premierului Ponta, pentru perioada 2008, c\u00e2nd era ministru al Transporturilor.<\/p>\n<p data-index=\"3\">Deputatul PNL a ar\u0103tat c\u0103, din ceea ce a ap\u0103rut public din raportul Corpului de control al premierului, \u201e<em><strong>este profund surprins c\u0103 s-a luat decizia de a se sesiza Direc\u0163ia Na\u0163ional\u0103 Anticorup\u0163ie<\/strong><\/em>\u201d.<\/p>\n<p data-index=\"4\">\u201e<em><strong>Nu g\u0103sesc niciun fel de element de ilegalitate care s\u0103 m\u0103 priveasc\u0103 pe mine. Mi se imput\u0103 c\u0103 a\u015f fi provocat un prejudiciu de aproape 400 de milioane de lei, ca urmare a deciziei pe care am luat-o de a se realiza Transalpina prin intermediul contractului de credit-furnizor. Singurul element al acestei convingeri prezentate de membrii Corpului de control al premierului este men\u0163ionarea unei discu\u0163ii verbale \u00eentre mine \u015fi un reprezentant al companiei, care este \u00eentr-o not\u0103 transmis\u0103 de un adjunct al companiei, spre aprobare<\/strong><\/em>\u201d, a afirmat\u00a0Ludovic Orban.<\/p>\n<p data-index=\"5\">Guvernul va sesiza DNA pentru \u00eenc\u0103lcarea unor prevederi legale privind contractul de modernizare a DN 67C Benge\u015fti-Sebe\u015f (Transalpina) cu firma Romstrade.\u00a0<strong>\u00cen document se men\u021bioneaz\u0103 c\u0103 proiectul a fost promovat de fo\u015ftii mini\u015ftri PNL Ludovic Orban \u015fi Varujan Vosganian \u015fi a generat pagube de peste 388 milioane lei.<\/strong><\/p>\n<\/div>\n<p> Source URL: https:\/\/www.digi24.ro\/stiri\/actualitate\/politica\/ludovic-orban-nu-e-prima-data-cand-ponta-isi-foloseste-pozitia-de-premier-pentru-a-si-ataca-competitorii-380117<\/p>\n","protected":false},"excerpt":{"rendered":"<p>\u201eNu e prima oar\u0103 c\u00e2nd\u00a0Victor Ponta\u00a0\u00ee\u015fi folose\u015fte pozi\u0163ia de prim-ministru pentru a-\u015fi ataca competitorii politici \u015fi c\u00e2nd \u00ee\u015fi folose\u015fte pozi\u0163ia guvernamental\u0103 \u00een avantaj personal\u201d, a precizat Orban, despre acuza\u0163iile care i se aduc de c\u0103tre Corpul de control al premierului Ponta, pentru perioada 2008, c\u00e2nd era ministru al Transporturilor. Deputatul PNL a ar\u0103tat c\u0103, din [&hellip;]<\/p>\n","protected":false},"author":1,"featured_media":183375,"comment_status":"open","ping_status":"","sticky":false,"template":"","format":"standard","meta":{"footnotes":""},"categories":[2],"tags":[11],"class_list":["post-183374","post","type-post","status-publish","format-standard","has-post-thumbnail","hentry","category-politics","tag-digi24"],"_links":{"self":[{"href":"https:\/\/analyse.optim.biz\/index.php?rest_route=\/wp\/v2\/posts\/183374","targetHints":{"allow":["GET"]}}],"collection":[{"href":"https:\/\/analyse.optim.biz\/index.php?rest_route=\/wp\/v2\/posts"}],"about":[{"href":"https:\/\/analyse.optim.biz\/index.php?rest_route=\/wp\/v2\/types\/post"}],"author":[{"embeddable":true,"href":"https:\/\/analyse.optim.biz\/index.php?rest_route=\/wp\/v2\/users\/1"}],"replies":[{"embeddable":true,"href":"https:\/\/analyse.optim.biz\/index.php?rest_route=%2Fwp%2Fv2%2Fcomments&post=183374"}],"version-history":[{"count":0,"href":"https:\/\/analyse.optim.biz\/index.php?rest_route=\/wp\/v2\/posts\/183374\/revisions"}],"wp:featuredmedia":[{"embeddable":true,"href":"https:\/\/analyse.optim.biz\/index.php?rest_route=\/wp\/v2\/media\/183375"}],"wp:attachment":[{"href":"https:\/\/analyse.optim.biz\/index.php?rest_route=%2Fwp%2Fv2%2Fmedia&parent=183374"}],"wp:term":[{"taxonomy":"category","embeddable":true,"href":"https:\/\/analyse.optim.biz\/index.php?rest_route=%2Fwp%2Fv2%2Fcategories&post=183374"},{"taxonomy":"post_tag","embeddable":true,"href":"https:\/\/analyse.optim.biz\/index.php?rest_route=%2Fwp%2Fv2%2Ftags&post=183374"}],"curies":[{"name":"wp","href":"https:\/\/api.w.org\/{rel}","templated":true}]}}