{"id":1833408,"date":"2026-03-17T09:49:10","date_gmt":"2026-03-17T06:49:10","guid":{"rendered":"https:\/\/analyse.optim.biz\/?p=1833408"},"modified":"2026-03-17T09:49:10","modified_gmt":"2026-03-17T06:49:10","slug":"lucrari-aquatim-intreruperi-temporare-ale-furnizarii-apei-si-scaderi-de-presiune-pe-cateva-strazi-din-lugoj-si-mosnita-noua","status":"publish","type":"post","link":"https:\/\/analyse.optim.biz\/?p=1833408","title":{"rendered":"Lucr\u0103ri Aquatim. \u00centreruperi temporare ale furniz\u0103rii apei \u0219i sc\u0103deri de presiune pe c\u00e2teva str\u0103zi din Lugoj \u0219i Mo\u0219ni\u021ba Nou\u0103"},"content":{"rendered":"<p>[analyse_image type=&#8221;featured&#8221; src=&#8221;http:\/\/www.banatulmeu.ro\/wp-content\/uploads\/2022\/06\/safe_image.jpg&#8221;]<\/p>\n<div class=\"post-content-bd\">\n<p>Locuitorii din mai multe zone ale jude\u021bului Timi\u0219 vor fi afecta\u021bi de \u00eentreruperi temporare ale furniz\u0103rii apei \u0219i de sc\u0103deri de presiune, ca urmare a unor lucr\u0103ri programate la re\u021belele de distribu\u021bie.<\/p>\n<p>A\u0219adar, Aquatim anun\u021b\u0103 lucr\u0103ri de sp\u0103lare a re\u021belei de distribu\u021bie \u00een municipiul Lugoj. Miercuri, 18 martie, \u00eentre orele 08:00 \u0219i 15:00, presiunea va fi sc\u0103zut\u0103 pe strada Ceahl\u0103ului, iar joi, 19 martie, \u00een acela\u0219i interval orar, pe Aleea Brazilor.<\/p>\n<p>Totodat\u0103, joi, 19 martie, \u00een intervalul orar 09:00\u201317:00, \u00een localitatea Mo\u0219ni\u021ba Nou\u0103 vor avea loc lucr\u0103ri de conectare a conductelor la intersec\u021biile str\u0103zilor Tu\u0219nad \u2013 Zerve\u0219ti \u0219i Adelina \u2013 Anisia. Pe durata interven\u021biilor, alimentarea cu ap\u0103 va fi sistat\u0103 pe numeroase str\u0103zi, printre care Anisia, Lucia, Izabela, M\u0103r\u0103\u0219e\u0219ti, Adamclisi, Oituz, Armeni\u0219, B\u00e2rna, Teregova, Farmaciei, Drogheriei, Rapi\u021bei, Terapiei, Criciova, G\u0103r\u00e2na, Sturzului, Graurelui, Codobaturii, Fazanului, R\u00e2me\u021b, Ploierului, Dropiei, Prepeli\u021bei, Gai\u021bei, Nedeea, Aida, Manuela, Maia \u0219i Marcela. \u00cen restul localit\u0103\u021bii, presiunea apei va fi redus\u0103.<span class=\"Apple-converted-space\">\u00a0<\/span><\/p>\n<p>\u201c<em>Lucr\u0103rile de sp\u0103lare urm\u0103resc s\u0103 asigure o calitate corespunz\u0103toare a apei potabile \u0219i sunt o parte a activit\u0103\u021bii desf\u0103\u0219urate de Aquatim \u00een cadrul mentenan\u021bei preventive a re\u021belelor de distribu\u021bie. La reluarea aliment\u0103rii cu ap\u0103 \u00een regim normal este posibil ca la robinete s\u0103 curg\u0103 ap\u0103 tulbure. Deoarece aceast\u0103 perturbare va fi de scurt\u0103 durat\u0103, recomand\u0103m clien\u021bilor s\u0103 nu foloseasc\u0103 apa \u00een scopuri menajere, p\u00e2n\u0103 la limpezirea complet\u0103. Rug\u0103m, de asemenea, consumatorii s\u0103 ia m\u0103suri de stocare a unor cantit\u0103\u021bi de ap\u0103 care s\u0103 le acopere necesarul pe perioada anun\u021bat\u0103<\/em>\u201c, a transmis Aquatim.<\/p>\n<\/div>\n<p>[analyse_source url=&#8221;https:\/\/www.banatulmeu.ro\/lucrari-aquatim-intreruperi-temporare-ale-furnizarii-apei-si-scaderi-de-presiune-pe-cateva-strazi-din-lugoj-si-mosnita-noua\/&#8221;]<\/p>\n","protected":false},"excerpt":{"rendered":"<p>[analyse_image type=&#8221;featured&#8221; src=&#8221;http:\/\/www.banatulmeu.ro\/wp-content\/uploads\/2022\/06\/safe_image.jpg&#8221;] Locuitorii din mai multe zone ale jude\u021bului Timi\u0219 vor fi afecta\u021bi de \u00eentreruperi temporare ale furniz\u0103rii apei \u0219i de sc\u0103deri de presiune, ca urmare a unor lucr\u0103ri programate la re\u021belele de distribu\u021bie. A\u0219adar, Aquatim anun\u021b\u0103 lucr\u0103ri de sp\u0103lare a re\u021belei de distribu\u021bie \u00een municipiul Lugoj. Miercuri, 18 martie, \u00eentre orele 08:00 \u0219i [&hellip;]<\/p>\n","protected":false},"author":1,"featured_media":0,"comment_status":"open","ping_status":"","sticky":false,"template":"","format":"standard","meta":{"footnotes":""},"categories":[89],"tags":[204,226],"class_list":["post-1833408","post","type-post","status-publish","format-standard","hentry","category-romania","tag-banatulmeu-ro","tag-crawlmanager"],"_links":{"self":[{"href":"https:\/\/analyse.optim.biz\/index.php?rest_route=\/wp\/v2\/posts\/1833408","targetHints":{"allow":["GET"]}}],"collection":[{"href":"https:\/\/analyse.optim.biz\/index.php?rest_route=\/wp\/v2\/posts"}],"about":[{"href":"https:\/\/analyse.optim.biz\/index.php?rest_route=\/wp\/v2\/types\/post"}],"author":[{"embeddable":true,"href":"https:\/\/analyse.optim.biz\/index.php?rest_route=\/wp\/v2\/users\/1"}],"replies":[{"embeddable":true,"href":"https:\/\/analyse.optim.biz\/index.php?rest_route=%2Fwp%2Fv2%2Fcomments&post=1833408"}],"version-history":[{"count":0,"href":"https:\/\/analyse.optim.biz\/index.php?rest_route=\/wp\/v2\/posts\/1833408\/revisions"}],"wp:attachment":[{"href":"https:\/\/analyse.optim.biz\/index.php?rest_route=%2Fwp%2Fv2%2Fmedia&parent=1833408"}],"wp:term":[{"taxonomy":"category","embeddable":true,"href":"https:\/\/analyse.optim.biz\/index.php?rest_route=%2Fwp%2Fv2%2Fcategories&post=1833408"},{"taxonomy":"post_tag","embeddable":true,"href":"https:\/\/analyse.optim.biz\/index.php?rest_route=%2Fwp%2Fv2%2Ftags&post=1833408"}],"curies":[{"name":"wp","href":"https:\/\/api.w.org\/{rel}","templated":true}]}}