{"id":183340,"date":"2015-04-15T17:54:48","date_gmt":"2015-04-15T14:54:48","guid":{"rendered":"https:\/\/analyse.optim.biz\/?p=183340"},"modified":"2015-04-15T17:54:48","modified_gmt":"2015-04-15T14:54:48","slug":"catalin-predoiu-ii-cere-lui-calin-popescu-tariceanu-sa-demisioneze","status":"publish","type":"post","link":"https:\/\/analyse.optim.biz\/?p=183340","title":{"rendered":"C\u0103t\u0103lin Predoiu \u00eei cere lui C\u0103lin Popescu T\u0103riceanu s\u0103 demisioneze"},"content":{"rendered":"<div class=\"entry data-app-meta data-app-meta-article\" data-embed-base-url-canonical=\"https:\/\/www.digi24.ro\/embed\/stiri\/actualitate\/politica\/catalin-predoiu-ii-cere-lui-calin-popescu-tariceanu-sa-demisioneze-380569\">\n<p data-index=\"1\"><img decoding=\"async\" src=\"https:\/\/analyse.optim.biz\/wp-content\/uploads\/2024\/09\/zgqwmjm1zgyzmtjimgninzq0n2fmmwvim2u1mmu3-thumb_.jpg\" data-skip-htmlfix=\"1\" title=\"zgqwmjm1zgyzmtjimgninzq0n2fmmwvim2u1mmu3-thumb_\">\u00a0<\/p>\n<p data-index=\"2\"><span><em><strong>Foto: Facebook<\/strong><\/em><\/span><\/p>\n<p data-index=\"3\">\u201e<strong><span>Pre\u0219edintele Senatului, C\u0103lin Popescu T\u0103riceanu, persist\u0103 \u00een mod iresponsabil \u00eentr-o atitudine abuziv\u0103 \u0219i anti-constitu\u021bional\u0103 prin refuzul de a da curs solicit\u0103rii PNL de publicare a Hot\u0103r\u00e2rii de \u00eencuviin\u021bare a arest\u0103rii senatorului Dan \u0218ova.<\/span><\/strong><\/p>\n<p data-index=\"4\"><strong>Al doilea om \u00een stat, \u00eempotriva deciziei Cur\u021bii Constitu\u021bionale, men\u021bine Senatul \u00eentr-un conflict juridic de natur\u0103 constitu\u021bional\u0103 cu sistemul de Justi\u021bie. Solu\u021bia legitim\u0103 este ca T\u0103riceanu s\u0103 demisioneze imediat din func\u021bia de pre\u0219edinte al Senatului, demnitate pe care o folose\u0219te \u00een slujba PSD, fiind un instrument \u00eempotriva statului de drept.<\/strong><\/p>\n<p data-index=\"5\"><strong>Orice zi \u00een care T\u0103riceanu r\u0103m\u00e2ne \u00een fruntea Senatului echivaleaz\u0103 cu o zi \u00een plus \u00een care Justi\u021bia este sfidat\u0103.<\/strong><\/p>\n<p data-index=\"6\"><strong>Prin atitudinea sa, C\u0103lin Popescu T\u0103riceanu a renun\u021bat la responsabilitate \u0219i s-a transformat \u00een servantul politic al domnului Victor Ponta, care la r\u00e2ndul s\u0103u este scutul politic al senatorului \u0218ova, \u0219i toate acestea pentru a bloca mersul Justi\u021biei.<\/strong><\/p>\n<p data-index=\"7\"><strong>T\u0103riceanu \u0219i PSD orchestreaz\u0103 o \u00eentreag\u0103 campanie pentru tergiversarea unei decizii \u00een privin\u021ba lui \u0218ova, de\u0219i solu\u021bia Cur\u021bii Constitu\u021bionale a fost una limpede \u0219i cu aplicare imediat\u0103. Solicit demisia pre\u0219edintelui Senatului, C\u0103lin Popescu T\u0103riceanu<\/strong>\u201d, se arat\u0103 \u00een comunicatul de pres\u0103 transmis de C\u0103t\u0103lin Predoiu.<\/p>\n<h5>Citi\u021bi \u0219i: <a href=\"https:\/\/www.digi24.ro\/Stiri\/Digi24\/Actualitate\/Justitie\/Calin+Popescu+Tariceanu+vrea+sa+discute+cu+membrii+CSM+pentru+a+\" target=\"_blank\" data-skip-linkfix=\"1\" rel=\"noopener\">C\u0103lin Popescu T\u0103riceanu vrea s\u0103 discute cu membrii CSM pentru a g\u0103si o solu\u021bie legislativ\u0103 \u00een cazul Dan \u0218ova<\/a><\/h5>\n<h5><a href=\"https:\/\/www.digi24.ro\/Stiri\/Digi24\/Actualitate\/Justitie\/DNA+verifica+ridicarile+de+imunitate+din+Senat+dupa+cazul+lui+Da\" target=\"_blank\" data-skip-linkfix=\"1\" rel=\"noopener\"><span>CCR \u0219i DNA cer Senatului documentele \u00een cazul Dan \u0218ova<\/span><\/a><\/h5>\n<\/div>\n<p> Source URL: https:\/\/www.digi24.ro\/stiri\/actualitate\/politica\/catalin-predoiu-ii-cere-lui-calin-popescu-tariceanu-sa-demisioneze-380569<\/p>\n","protected":false},"excerpt":{"rendered":"<p>\u00a0 Foto: Facebook \u201ePre\u0219edintele Senatului, C\u0103lin Popescu T\u0103riceanu, persist\u0103 \u00een mod iresponsabil \u00eentr-o atitudine abuziv\u0103 \u0219i anti-constitu\u021bional\u0103 prin refuzul de a da curs solicit\u0103rii PNL de publicare a Hot\u0103r\u00e2rii de \u00eencuviin\u021bare a arest\u0103rii senatorului Dan \u0218ova. Al doilea om \u00een stat, \u00eempotriva deciziei Cur\u021bii Constitu\u021bionale, men\u021bine Senatul \u00eentr-un conflict juridic de natur\u0103 constitu\u021bional\u0103 cu sistemul [&hellip;]<\/p>\n","protected":false},"author":1,"featured_media":183341,"comment_status":"open","ping_status":"","sticky":false,"template":"","format":"standard","meta":{"footnotes":""},"categories":[2],"tags":[11],"class_list":["post-183340","post","type-post","status-publish","format-standard","has-post-thumbnail","hentry","category-politics","tag-digi24"],"_links":{"self":[{"href":"https:\/\/analyse.optim.biz\/index.php?rest_route=\/wp\/v2\/posts\/183340","targetHints":{"allow":["GET"]}}],"collection":[{"href":"https:\/\/analyse.optim.biz\/index.php?rest_route=\/wp\/v2\/posts"}],"about":[{"href":"https:\/\/analyse.optim.biz\/index.php?rest_route=\/wp\/v2\/types\/post"}],"author":[{"embeddable":true,"href":"https:\/\/analyse.optim.biz\/index.php?rest_route=\/wp\/v2\/users\/1"}],"replies":[{"embeddable":true,"href":"https:\/\/analyse.optim.biz\/index.php?rest_route=%2Fwp%2Fv2%2Fcomments&post=183340"}],"version-history":[{"count":0,"href":"https:\/\/analyse.optim.biz\/index.php?rest_route=\/wp\/v2\/posts\/183340\/revisions"}],"wp:featuredmedia":[{"embeddable":true,"href":"https:\/\/analyse.optim.biz\/index.php?rest_route=\/wp\/v2\/media\/183341"}],"wp:attachment":[{"href":"https:\/\/analyse.optim.biz\/index.php?rest_route=%2Fwp%2Fv2%2Fmedia&parent=183340"}],"wp:term":[{"taxonomy":"category","embeddable":true,"href":"https:\/\/analyse.optim.biz\/index.php?rest_route=%2Fwp%2Fv2%2Fcategories&post=183340"},{"taxonomy":"post_tag","embeddable":true,"href":"https:\/\/analyse.optim.biz\/index.php?rest_route=%2Fwp%2Fv2%2Ftags&post=183340"}],"curies":[{"name":"wp","href":"https:\/\/api.w.org\/{rel}","templated":true}]}}