{"id":1833380,"date":"2026-03-18T19:18:43","date_gmt":"2026-03-18T16:18:43","guid":{"rendered":"https:\/\/analyse.optim.biz\/?p=1833380"},"modified":"2026-03-18T19:18:43","modified_gmt":"2026-03-18T16:18:43","slug":"autoturismul-care-a-ars-ca-o-torta-la-sadova-era-in-scos-dintr-un-service-pentru-probe-foto-stiri-suceava","status":"publish","type":"post","link":"https:\/\/analyse.optim.biz\/?p=1833380","title":{"rendered":"Autoturismul care a ars ca o tor\u021b\u0103, la Sadova, era \u00een scos dintr-un service pentru probe FOTO &#8211; Stiri Suceava"},"content":{"rendered":"<p>[analyse_image type=&#8221;featured&#8221; src=&#8221;https:\/\/www.informatiata.ro\/wp-content\/uploads\/2026\/03\/IMG-20260317-WA0031.jpg&#8221;]<\/p>\n<div class=\"td-post-content tagdiv-type\">\n<div class=\"td-post-featured-image\"><a href=\"https:\/\/www.informatiata.ro\/wp-content\/uploads\/2026\/03\/IMG-20260317-WA0031.jpg\" data-caption><img loading=\"lazy\" decoding=\"async\" width=\"696\" height=\"1509\" class=\"entry-thumb td-modal-image\" src=\"https:\/\/www.informatiata.ro\/wp-content\/uploads\/2026\/03\/IMG-20260317-WA0031-696x1509.jpg\" alt title=\"IMG-20260317-WA0031\"><img loading=\"lazy\" decoding=\"async\" width=\"696\" height=\"1509\" class=\"entry-thumb td-modal-image\" src=\"https:\/\/www.informatiata.ro\/wp-content\/uploads\/2026\/03\/IMG-20260317-WA0031-696x1509.jpg\" alt title=\"IMG-20260317-WA0031\"><\/a><\/div>\n<p>Autoturismul care a ars ca o tor\u021b\u0103, la Sadova, era scos dintr-un service pentru probe. <\/p>\n<p>Proprietara, o femeie de 61 de ani, a l\u0103sat \u00een urm\u0103 cu c\u00e2teva zile vehicului \u00een service pentru a fi reparat. <\/p>\n<div class=\"td-a-rec td-a-rec-id-content_inlineright  tdi_6 td_block_template_1\"><img loading=\"lazy\" decoding=\"async\" class=\"aligncenter size-full wp-image-64315\" src=\"https:\/\/www.informatiata.ro\/wp-content\/uploads\/2026\/03\/SAVCOM-10.gif\" alt width=\"299\" height=\"250\"><img loading=\"lazy\" decoding=\"async\" class=\"aligncenter size-full wp-image-64315\" src=\"https:\/\/www.informatiata.ro\/wp-content\/uploads\/2026\/03\/SAVCOM-10.gif\" alt width=\"299\" height=\"250\"><img loading=\"lazy\" decoding=\"async\" class=\"aligncenter size-large wp-image-64316\" src=\"https:\/\/www.informatiata.ro\/wp-content\/uploads\/2026\/03\/FACOS-8.gif\" alt width=\"300\" height=\"250\"><img loading=\"lazy\" decoding=\"async\" class=\"aligncenter size-large wp-image-64316\" src=\"https:\/\/www.informatiata.ro\/wp-content\/uploads\/2026\/03\/FACOS-8.gif\" alt width=\"300\" height=\"250\"><\/div>\n<p>La data de 17.03.2026, orele 10:57, lucr\u0103torii Sec\u021biei 11 Poli\u021bie Rural\u0103 Pojor\u00e2ta au fost sesiza\u021bi de c\u0103tre un b\u0103rbat de 34 ani, din Moldovi\u021ba, despre faptul c\u0103 un autoturism a luat foc pe DN 17A pe raza comunei Sadova, jud. Suceava. <\/p>\n<p>La fa\u021ba locului, poli\u021bi\u0219tii au identificat autoturismul marca Volkswagen POLO, care ardea. <\/p>\n<p>Incendiul a fost stins de un echipaj de pompieri din cadrul Sec\u021biei de pompieri I.S.U. Bucovina C\u00e2mpulung Moldovenesc. <\/p>\n<p>\u00cen urma verific\u0103rilor efectuate s-a stabilit faptul c\u0103 autoturismul marca VOLKSWAGEN POLO, proprietatea unei femei de 61 ani, din com. Fundu Moldovei, fusese predat anterior pentru repara\u021bii la un service auto din Sadova, iar la data de 17.03.2026, \u00een jurul orei 10:45, autoturismul \u00een cauz\u0103 a fost condus de un angajat al service-lui, cca. 1 km, pe DN 17 A, \u00een vederea efectu\u0103rii unei probe. <\/p>\n<p>La scurt timp \u00eens\u0103, autoturismul \u00een cauz\u0103 a fost curprins de fl\u0103c\u0103ri, conduc\u0103torul auto reu\u0219ind s\u0103 se autoevacueze \u0219i totodat\u0103 s\u0103 scoat\u0103 din interior certificatul de \u00eenmatriculare \u0219i poli\u021ba de asigurare. <\/p>\n<p>Din cercet\u0103rile efectuate c\u00e2t \u0219i din cele stabilite de c\u0103tre pompierii militari, a rezultat drept cauz\u0103 a incendiului efectul termic al curentului electric, generat de un conductor defect sau neizolat corespunz\u0103tor.<\/p>\n<p>\u00cen cauz\u0103 s-a \u00eentocmit dosar penal sub aspectul s\u0103v\u00e2r\u0219irii infrac\u021biunii de \u201eDistrugerea din culp\u0103\u201d, fapt\u0103 prev. \u0219i ped. de art. 255, alin. (1) din Codul Penal.<br \/><img loading=\"lazy\" decoding=\"async\" src=\"https:\/\/www.informatiata.ro\/wp-content\/uploads\/2026\/03\/Screenshot_20260317_114756-1024x737.jpg\" alt width=\"696\" height=\"501\" class=\"aligncenter size-large wp-image-64326\"><img loading=\"lazy\" decoding=\"async\" src=\"https:\/\/www.informatiata.ro\/wp-content\/uploads\/2026\/03\/Screenshot_20260317_114756-1024x737.jpg\" alt width=\"696\" height=\"501\" class=\"aligncenter size-large wp-image-64326\"><\/p>\n<\/div>\n<p>[analyse_source url=&#8221;https:\/\/www.informatiata.ro\/masina-care-a-ars-la-savova-era-in-probe\/&#8221;]<\/p>\n","protected":false},"excerpt":{"rendered":"<p>[analyse_image type=&#8221;featured&#8221; src=&#8221;https:\/\/www.informatiata.ro\/wp-content\/uploads\/2026\/03\/IMG-20260317-WA0031.jpg&#8221;] Autoturismul care a ars ca o tor\u021b\u0103, la Sadova, era scos dintr-un service pentru probe. Proprietara, o femeie de 61 de ani, a l\u0103sat \u00een urm\u0103 cu c\u00e2teva zile vehicului \u00een service pentru a fi reparat. La data de 17.03.2026, orele 10:57, lucr\u0103torii Sec\u021biei 11 Poli\u021bie Rural\u0103 Pojor\u00e2ta au fost sesiza\u021bi de [&hellip;]<\/p>\n","protected":false},"author":1,"featured_media":0,"comment_status":"open","ping_status":"","sticky":false,"template":"","format":"standard","meta":{"footnotes":""},"categories":[89],"tags":[226,167],"class_list":["post-1833380","post","type-post","status-publish","format-standard","hentry","category-romania","tag-crawlmanager","tag-informatiata-ro"],"_links":{"self":[{"href":"https:\/\/analyse.optim.biz\/index.php?rest_route=\/wp\/v2\/posts\/1833380","targetHints":{"allow":["GET"]}}],"collection":[{"href":"https:\/\/analyse.optim.biz\/index.php?rest_route=\/wp\/v2\/posts"}],"about":[{"href":"https:\/\/analyse.optim.biz\/index.php?rest_route=\/wp\/v2\/types\/post"}],"author":[{"embeddable":true,"href":"https:\/\/analyse.optim.biz\/index.php?rest_route=\/wp\/v2\/users\/1"}],"replies":[{"embeddable":true,"href":"https:\/\/analyse.optim.biz\/index.php?rest_route=%2Fwp%2Fv2%2Fcomments&post=1833380"}],"version-history":[{"count":0,"href":"https:\/\/analyse.optim.biz\/index.php?rest_route=\/wp\/v2\/posts\/1833380\/revisions"}],"wp:attachment":[{"href":"https:\/\/analyse.optim.biz\/index.php?rest_route=%2Fwp%2Fv2%2Fmedia&parent=1833380"}],"wp:term":[{"taxonomy":"category","embeddable":true,"href":"https:\/\/analyse.optim.biz\/index.php?rest_route=%2Fwp%2Fv2%2Fcategories&post=1833380"},{"taxonomy":"post_tag","embeddable":true,"href":"https:\/\/analyse.optim.biz\/index.php?rest_route=%2Fwp%2Fv2%2Ftags&post=1833380"}],"curies":[{"name":"wp","href":"https:\/\/api.w.org\/{rel}","templated":true}]}}