{"id":183329,"date":"2015-04-15T19:21:57","date_gmt":"2015-04-15T16:21:57","guid":{"rendered":"https:\/\/analyse.optim.biz\/?p=183329"},"modified":"2015-04-15T19:21:57","modified_gmt":"2015-04-15T16:21:57","slug":"victor-ponta-s-a-intalnit-cu-seful-sri-la-guvern","status":"publish","type":"post","link":"https:\/\/analyse.optim.biz\/?p=183329","title":{"rendered":"Victor Ponta s-a \u00eent\u00e2lnit cu \u0219eful SRI la Guvern"},"content":{"rendered":"<div class=\"entry data-app-meta data-app-meta-article\" data-embed-base-url-canonical=\"https:\/\/www.digi24.ro\/embed\/stiri\/actualitate\/politica\/victor-ponta-s-a-intalnit-cu-seful-sri-la-guvern-380615\">\n<p data-index=\"1\"><strong>ACTUALIZARE 20.38.\u00a0<\/strong>Purt\u0103torul de cuv\u00e2nt al SRI, Sorin Sava a precizat, miercuri, c\u0103 directorul SRI, Eduard Hellvig, a avut o \u00eent\u00e2lnire cu premierul Victor Ponta, la solicitarea celui din urm\u0103, men\u0163ion\u00e2nd c\u0103 la \u00eent\u00e2lnire nu a participat deputatul Sebastian Ghi\u0163\u0103, relateaz\u0103 Mediafax.<\/p>\n<p data-index=\"2\">\u201eDirectorul Serviciului Rom\u00e2n de Informa\u0163ii (SRI), Eduard Hellvig s-a \u00eent\u00e2lnit, \u00eentr-adev\u0103r, miercuri, cu premierul Victor Ponta, la solicitarea prim-ministrului, pe probleme ce \u0163in de competen\u0163ele SRI\u201d, a spus Sorin Sava.<\/p>\n<p data-index=\"3\">Purt\u0103torul de cuv\u00e2nt al SRI a \u0163inut s\u0103 precizeze c\u0103 la \u00eent\u00e2lnire nu a participat deputatul Sebastian Ghi\u0163\u0103. \u00a0<\/p>\n<hr>\n<p data-index=\"4\">Premierul Victor Ponta s-a \u00eent\u00e2lnit, miercuri, cu directorul Serviciului Rom\u00e2n de Informa\u0163ii, Eduard Hellvig, surse oficiale afirm\u00e2nd c\u0103 &#8220;discu\u0163ia face parte din colaborarea institu\u0163ional\u0103&#8221; dintre Guvern \u015fi SRI. <\/p>\n<p data-index=\"5\">La momentul \u00eent\u00e2lnirii dintre cei doi, \u00een cl\u0103direa Guvernului s-a aflat \u015fi deputatul\u00a0Sebastian Ghi\u021b\u0103, membru al Comisiei privind exercitarea controlului parlamentar asupra activit\u0103\u0163ii SRI, acesta p\u0103r\u0103sind Palatul Victoria la aproximativ 30 de minute dup\u0103 plecarea lui Hellvig, potrivit Mediafax. \u00a0<\/p>\n<\/div>\n<p> Source URL: https:\/\/www.digi24.ro\/stiri\/actualitate\/politica\/victor-ponta-s-a-intalnit-cu-seful-sri-la-guvern-380615<\/p>\n","protected":false},"excerpt":{"rendered":"<p>ACTUALIZARE 20.38.\u00a0Purt\u0103torul de cuv\u00e2nt al SRI, Sorin Sava a precizat, miercuri, c\u0103 directorul SRI, Eduard Hellvig, a avut o \u00eent\u00e2lnire cu premierul Victor Ponta, la solicitarea celui din urm\u0103, men\u0163ion\u00e2nd c\u0103 la \u00eent\u00e2lnire nu a participat deputatul Sebastian Ghi\u0163\u0103, relateaz\u0103 Mediafax. \u201eDirectorul Serviciului Rom\u00e2n de Informa\u0163ii (SRI), Eduard Hellvig s-a \u00eent\u00e2lnit, \u00eentr-adev\u0103r, miercuri, cu premierul [&hellip;]<\/p>\n","protected":false},"author":1,"featured_media":183330,"comment_status":"open","ping_status":"","sticky":false,"template":"","format":"standard","meta":{"footnotes":""},"categories":[2],"tags":[11],"class_list":["post-183329","post","type-post","status-publish","format-standard","has-post-thumbnail","hentry","category-politics","tag-digi24"],"_links":{"self":[{"href":"https:\/\/analyse.optim.biz\/index.php?rest_route=\/wp\/v2\/posts\/183329","targetHints":{"allow":["GET"]}}],"collection":[{"href":"https:\/\/analyse.optim.biz\/index.php?rest_route=\/wp\/v2\/posts"}],"about":[{"href":"https:\/\/analyse.optim.biz\/index.php?rest_route=\/wp\/v2\/types\/post"}],"author":[{"embeddable":true,"href":"https:\/\/analyse.optim.biz\/index.php?rest_route=\/wp\/v2\/users\/1"}],"replies":[{"embeddable":true,"href":"https:\/\/analyse.optim.biz\/index.php?rest_route=%2Fwp%2Fv2%2Fcomments&post=183329"}],"version-history":[{"count":0,"href":"https:\/\/analyse.optim.biz\/index.php?rest_route=\/wp\/v2\/posts\/183329\/revisions"}],"wp:featuredmedia":[{"embeddable":true,"href":"https:\/\/analyse.optim.biz\/index.php?rest_route=\/wp\/v2\/media\/183330"}],"wp:attachment":[{"href":"https:\/\/analyse.optim.biz\/index.php?rest_route=%2Fwp%2Fv2%2Fmedia&parent=183329"}],"wp:term":[{"taxonomy":"category","embeddable":true,"href":"https:\/\/analyse.optim.biz\/index.php?rest_route=%2Fwp%2Fv2%2Fcategories&post=183329"},{"taxonomy":"post_tag","embeddable":true,"href":"https:\/\/analyse.optim.biz\/index.php?rest_route=%2Fwp%2Fv2%2Ftags&post=183329"}],"curies":[{"name":"wp","href":"https:\/\/api.w.org\/{rel}","templated":true}]}}