{"id":1833171,"date":"2026-03-18T18:11:38","date_gmt":"2026-03-18T15:11:38","guid":{"rendered":"https:\/\/analyse.optim.biz\/?p=1833171"},"modified":"2026-03-18T18:11:38","modified_gmt":"2026-03-18T15:11:38","slug":"timisoara-barbat-de-78-de-ani-gasit-decedat-in-spatele-unui-imobil-de-pe-strada-stefan-octavian-iosif","status":"publish","type":"post","link":"https:\/\/analyse.optim.biz\/?p=1833171","title":{"rendered":"Timi\u0219oara: B\u0103rbat de 78 de ani g\u0103sit decedat \u00een spatele unui imobil de pe strada \u0218tefan Octavian Iosif"},"content":{"rendered":"<p>[analyse_image type=&#8221;featured&#8221; src=&#8221;http:\/\/www.banatulmeu.ro\/wp-content\/uploads\/2023\/10\/IMG_4506.jpeg&#8221;]<\/p>\n<div class=\"post-content-bd\">\n<p>Poli\u021bi\u0219tii au fost sesiza\u021bi, miercuri, cu privire la prezen\u021ba unei persoane posibil decedate \u00een spatele unui imobil de pe strada \u0218tefan Octavian Iosif din Timi\u0219oara.<\/p>\n<p>Oamenii legii s-au deplasat de urgen\u021b\u0103 la fa\u021ba locului, unde au confirmat cele sesizate. A fost identificat un b\u0103rbat \u00een v\u00e2rst\u0103 de 78 de ani, iar \u00een urma primelor verific\u0103ri nu au fost descoperite urme vizibile de violen\u021b\u0103 pe corpul acestuia.<\/p>\n<p>Trupul ne\u00eensufle\u021bit a fost transportat la Institutul de Medicin\u0103 Legal\u0103, pentru efectuarea necropsiei \u0219i stabilirea cu exactitate a cauzei decesului.<\/p>\n<p>\u00cen acest caz, poli\u021bi\u0219tii au deschis un dosar penal pentru ucidere din culp\u0103 \u0219i continu\u0103 cercet\u0103rile, \u00een vederea clarific\u0103rii tuturor circumstan\u021belor \u00een care s-a produs evenimentul.<\/p>\n<\/div>\n<p>[analyse_source url=&#8221;https:\/\/www.banatulmeu.ro\/timisoara-barbat-de-78-de-ani-gasit-decedat-in-spatele-unui-imobil-de-pe-strada-stefan-octavian-iosif\/&#8221;]<\/p>\n","protected":false},"excerpt":{"rendered":"<p>[analyse_image type=&#8221;featured&#8221; src=&#8221;http:\/\/www.banatulmeu.ro\/wp-content\/uploads\/2023\/10\/IMG_4506.jpeg&#8221;] Poli\u021bi\u0219tii au fost sesiza\u021bi, miercuri, cu privire la prezen\u021ba unei persoane posibil decedate \u00een spatele unui imobil de pe strada \u0218tefan Octavian Iosif din Timi\u0219oara. Oamenii legii s-au deplasat de urgen\u021b\u0103 la fa\u021ba locului, unde au confirmat cele sesizate. A fost identificat un b\u0103rbat \u00een v\u00e2rst\u0103 de 78 de ani, iar \u00een [&hellip;]<\/p>\n","protected":false},"author":1,"featured_media":0,"comment_status":"open","ping_status":"","sticky":false,"template":"","format":"standard","meta":{"footnotes":""},"categories":[89],"tags":[204,226],"class_list":["post-1833171","post","type-post","status-publish","format-standard","hentry","category-romania","tag-banatulmeu-ro","tag-crawlmanager"],"_links":{"self":[{"href":"https:\/\/analyse.optim.biz\/index.php?rest_route=\/wp\/v2\/posts\/1833171","targetHints":{"allow":["GET"]}}],"collection":[{"href":"https:\/\/analyse.optim.biz\/index.php?rest_route=\/wp\/v2\/posts"}],"about":[{"href":"https:\/\/analyse.optim.biz\/index.php?rest_route=\/wp\/v2\/types\/post"}],"author":[{"embeddable":true,"href":"https:\/\/analyse.optim.biz\/index.php?rest_route=\/wp\/v2\/users\/1"}],"replies":[{"embeddable":true,"href":"https:\/\/analyse.optim.biz\/index.php?rest_route=%2Fwp%2Fv2%2Fcomments&post=1833171"}],"version-history":[{"count":0,"href":"https:\/\/analyse.optim.biz\/index.php?rest_route=\/wp\/v2\/posts\/1833171\/revisions"}],"wp:attachment":[{"href":"https:\/\/analyse.optim.biz\/index.php?rest_route=%2Fwp%2Fv2%2Fmedia&parent=1833171"}],"wp:term":[{"taxonomy":"category","embeddable":true,"href":"https:\/\/analyse.optim.biz\/index.php?rest_route=%2Fwp%2Fv2%2Fcategories&post=1833171"},{"taxonomy":"post_tag","embeddable":true,"href":"https:\/\/analyse.optim.biz\/index.php?rest_route=%2Fwp%2Fv2%2Ftags&post=1833171"}],"curies":[{"name":"wp","href":"https:\/\/api.w.org\/{rel}","templated":true}]}}