{"id":183301,"date":"2015-04-16T12:24:08","date_gmt":"2015-04-16T09:24:08","guid":{"rendered":"https:\/\/analyse.optim.biz\/?p=183301"},"modified":"2015-04-16T12:24:08","modified_gmt":"2015-04-16T09:24:08","slug":"victor-ponta-critica-unele-institutii-au-atitudine-militieneasca","status":"publish","type":"post","link":"https:\/\/analyse.optim.biz\/?p=183301","title":{"rendered":"Victor Ponta critic\u0103 unele institu\u021bii: Au atitudine mili\u0163ieneasc\u0103"},"content":{"rendered":"<div class=\"entry data-app-meta data-app-meta-article\" data-embed-base-url-canonical=\"https:\/\/www.digi24.ro\/embed\/stiri\/actualitate\/politica\/victor-ponta-critica-unele-institutii-au-atitudine-militieneasca-380817\">\n<p data-index=\"1\">\u201e<span>Mi-a pl\u0103cut faptul c\u0103 a\u0163i pus accentul pe preven\u0163ie, nu a\u0163i urmat tendin\u0163a altor institu\u0163ii din Rom\u00e2nia de a merge pe o cale mili\u0163ieneasc\u0103. Nu dau nume \u015fi nu precizez la cine m\u0103 refer, c\u0103 unii sunt \u00een sal\u0103 \u015fi \u015ftiu c\u0103, \u00een discu\u0163iile informale, le spun &#8220;Institu\u0163iile Republicii Socialiste Rom\u00e2nia&#8221;, pentru c\u0103 s-au \u00eentors anumite practici\u201d, a spus Victor Ponta.<\/span><\/p>\n<p data-index=\"2\">Reporta: La cine v\u0103 referi\u0163i \u00een afirma\u0163ia legat\u0103 de institu\u0163iile care folosesc anumite practici mili\u0163iene\u015fti?<\/p>\n<p data-index=\"3\">Victor Ponta: La control a\u015fa.<\/p>\n<p data-index=\"4\">Reporter: La cine v\u0103 referi\u0163i, la DIICOT, DNA, ANAF?<\/p>\n<p data-index=\"5\">Victor Ponta: Nu se ocup\u0103 DNA \u015fi DIICOT de controale.<\/p>\n<p data-index=\"6\">Reporter: E vorba de antifraud\u0103?<\/p>\n<p data-index=\"7\">Victor Ponta: V\u0103 spun eu alt\u0103 dat\u0103.\u00a0<\/p>\n<\/div>\n<p> Source URL: https:\/\/www.digi24.ro\/stiri\/actualitate\/politica\/victor-ponta-critica-unele-institutii-au-atitudine-militieneasca-380817<\/p>\n","protected":false},"excerpt":{"rendered":"<p>\u201eMi-a pl\u0103cut faptul c\u0103 a\u0163i pus accentul pe preven\u0163ie, nu a\u0163i urmat tendin\u0163a altor institu\u0163ii din Rom\u00e2nia de a merge pe o cale mili\u0163ieneasc\u0103. Nu dau nume \u015fi nu precizez la cine m\u0103 refer, c\u0103 unii sunt \u00een sal\u0103 \u015fi \u015ftiu c\u0103, \u00een discu\u0163iile informale, le spun &#8220;Institu\u0163iile Republicii Socialiste Rom\u00e2nia&#8221;, pentru c\u0103 s-au \u00eentors [&hellip;]<\/p>\n","protected":false},"author":1,"featured_media":183302,"comment_status":"open","ping_status":"","sticky":false,"template":"","format":"standard","meta":{"footnotes":""},"categories":[2],"tags":[11],"class_list":["post-183301","post","type-post","status-publish","format-standard","has-post-thumbnail","hentry","category-politics","tag-digi24"],"_links":{"self":[{"href":"https:\/\/analyse.optim.biz\/index.php?rest_route=\/wp\/v2\/posts\/183301","targetHints":{"allow":["GET"]}}],"collection":[{"href":"https:\/\/analyse.optim.biz\/index.php?rest_route=\/wp\/v2\/posts"}],"about":[{"href":"https:\/\/analyse.optim.biz\/index.php?rest_route=\/wp\/v2\/types\/post"}],"author":[{"embeddable":true,"href":"https:\/\/analyse.optim.biz\/index.php?rest_route=\/wp\/v2\/users\/1"}],"replies":[{"embeddable":true,"href":"https:\/\/analyse.optim.biz\/index.php?rest_route=%2Fwp%2Fv2%2Fcomments&post=183301"}],"version-history":[{"count":0,"href":"https:\/\/analyse.optim.biz\/index.php?rest_route=\/wp\/v2\/posts\/183301\/revisions"}],"wp:featuredmedia":[{"embeddable":true,"href":"https:\/\/analyse.optim.biz\/index.php?rest_route=\/wp\/v2\/media\/183302"}],"wp:attachment":[{"href":"https:\/\/analyse.optim.biz\/index.php?rest_route=%2Fwp%2Fv2%2Fmedia&parent=183301"}],"wp:term":[{"taxonomy":"category","embeddable":true,"href":"https:\/\/analyse.optim.biz\/index.php?rest_route=%2Fwp%2Fv2%2Fcategories&post=183301"},{"taxonomy":"post_tag","embeddable":true,"href":"https:\/\/analyse.optim.biz\/index.php?rest_route=%2Fwp%2Fv2%2Ftags&post=183301"}],"curies":[{"name":"wp","href":"https:\/\/api.w.org\/{rel}","templated":true}]}}