{"id":1832826,"date":"2026-03-18T15:52:02","date_gmt":"2026-03-18T12:52:02","guid":{"rendered":"https:\/\/analyse.optim.biz\/?p=1832826"},"modified":"2026-03-18T15:52:02","modified_gmt":"2026-03-18T12:52:02","slug":"reinscrieti-copilul-aflat-la-cresa-sau-gradinita-pentru-a-ramane-si-anul-urmator-in-aceeasi-unitate-scolara","status":"publish","type":"post","link":"https:\/\/analyse.optim.biz\/?p=1832826","title":{"rendered":"Re\u00eenscrie\u021bi copilul aflat la cre\u0219\u0103 sau gr\u0103dini\u021b\u0103 pentru a r\u0103m\u00e2ne \u0219i anul urm\u0103tor \u00een aceeasi unitate \u0219colar\u0103"},"content":{"rendered":"<p>[analyse_image type=&#8221;featured&#8221; src=&#8221;https:\/\/dobrogeanews.b-cdn.net\/wp-content\/uploads\/2026\/03\/copii-gradi.jpg&#8221;]<\/p>\n<div id=\"post-69195\" class=\"entry single-default post-69195 post type-post status-publish format-standard has-post-thumbnail hentry category-info\">\n<div>\n<div class=\"ss-follow-wrapper ss-clearfix ss-regular-buttons ss-columns-1 ss-default-style\">\n<div class=\"ss-follow-column\" data-ss-sf-network-id='\"facebook\"'><a href=\"https:\/\/www.facebook.com\/dobrogeanews\" class=\"ss-follow-network ss-facebook-color\" rel=\"nofollow noopener\" aria-label=\"facebook\" target=\"_blank\"><span class=\"ss-follow-network-label\">Urm\u0103re\u015fte-ne \u015fi pe Facebook!<\/span><span class=\"ss-follow-network-count\"><span class=\"ss-follow-network-count-number\">57K<\/span><span class=\"ss-follow-network-count-label\">Followers<\/span><\/span><\/a><\/div>\n<\/div>\n<\/div>\n<p>Dac\u0103 ave\u021bi un copil \u00eenscris la gr\u0103dini\u021b\u0103 sau cre\u0219\u0103 \u0219i dori\u021bi s\u0103 r\u0103m\u00e2n\u0103 \u00een aceea\u0219i unitate \u0219i \u00een anul \u0219colar urm\u0103tor, este necesar s\u0103 \u00eel re\u00eenscrie\u021bi. Inspectoratul \u0218colar al Jude\u021bului Tulcea ofer\u0103 c\u00e2teva clarific\u0103ri privind aceast\u0103 etap\u0103:<\/p>\n<figure class=\"wp-block-image size-full is-resized\">\n<source type=\"image\/webp\" data-lazy-srcset=\"https:\/\/dobrogeanews.b-cdn.net\/wp-content\/uploads\/2026\/03\/copii-gradi.jpg.webp 2560w, https:\/\/dobrogeanews.b-cdn.net\/wp-content\/uploads\/2026\/03\/copii-gradi-300x246.jpg.webp 300w, https:\/\/dobrogeanews.b-cdn.net\/wp-content\/uploads\/2026\/03\/copii-gradi-1024x840.jpg.webp 1024w, https:\/\/dobrogeanews.b-cdn.net\/wp-content\/uploads\/2026\/03\/copii-gradi-768x630.jpg.webp 768w, https:\/\/dobrogeanews.b-cdn.net\/wp-content\/uploads\/2026\/03\/copii-gradi-1536x1260.jpg.webp 1536w, https:\/\/dobrogeanews.b-cdn.net\/wp-content\/uploads\/2026\/03\/copii-gradi-2048x1680.jpg.webp 2048w\" sizes=\"(max-width: 640px) 100vw, 640px\" \/><br \/>\n<img loading=\"lazy\" decoding=\"async\" src=\"https:\/\/dobrogeanews.b-cdn.net\/wp-content\/uploads\/2026\/03\/copii-gradi.jpg\" alt=\"Copii la Gr\u0103dini\u021b\u0103Cre\u0219\u0103\" width=\"640\" height=\"525\"><\/figure>\n<p>Prin re\u00eenscriere sunt confirma\u021bi copiii care au frecventat o gr\u0103dini\u021b\u0103\/cre\u0219\u0103 \u00een anul \u0219colar curent \u0219i pentru care se solicit\u0103 men\u021binerea \u00een aceea\u0219i gr\u0103dini\u021b\u0103\/cre\u0219\u0103 \u0219i \u00een anul \u0219colar urm\u0103tor.<\/p>\n<p>Pentru re\u00eenscriere, este necesar s\u0103 adresa\u021bi conducerii gr\u0103dini\u021bei\/cre\u0219ei respective o cerere scris\u0103.<\/p>\n<p>Re\u00eenscrierea se realizeaz\u0103 anual, conform unui calendar publicat de Ministerul Educa\u021biei \u0219i Cercet\u0103rii.<\/p>\n<p>Proiectul de calendar pentru re\u00eenscriere, respectiv \u00eenscrierea la gr\u0103dini\u021b\u0103\/cre\u0219\u0103\/\u00een serviciile de educa\u0163ie timpurie complementare pentru anul \u0219colar viitor a fost lansat recent \u00een consultare public\u0103.<\/p>\n<p>\u00cen perioada urm\u0103toare vom publica forma final\u0103 a calendarului, ce curpinde \u0219i perioada \u00een care se face re\u00eenscrierea pentru anul \u0219colar 2026-2027.<\/p>\n<div class=\"monsterinsights-inline-popular-posts monsterinsights-inline-popular-posts-charlie monsterinsights-popular-posts-styled\">\n<div class=\"monsterinsights-inline-popular-posts-text\"><span class=\"monsterinsights-inline-popular-posts-label\">Vezi \u0219i:<\/span><\/p>\n<div class=\"monsterinsights-inline-popular-posts-post\"><a class=\"monsterinsights-inline-popular-posts-title\" href=\"https:\/\/www.dobrogeanews.ro\/la-babadag-eleviii-continua-sa-primeasca-pachetele-alimentare-prin-programul-national-masa-sanatoasa\/\">La Babadag, elevii continu\u0103 s\u0103 primeasc\u0103 pachetele alimentare prin Programul Na\u021bional \u201eMas\u0103 s\u0103n\u0103toas\u0103\u201d<\/a><\/div>\n<div class=\"monsterinsights-inline-popular-posts-post\"><a class=\"monsterinsights-inline-popular-posts-title\" href=\"https:\/\/www.dobrogeanews.ro\/tulcea-noile-tarife-pentru-transport-public-rutier-si-naval\/\">Tulcea: Noile tarife pentru transport public (rutier \u0219i naval)<\/a><\/div>\n<div class=\"monsterinsights-inline-popular-posts-post\"><a class=\"monsterinsights-inline-popular-posts-title\" href=\"https:\/\/www.dobrogeanews.ro\/municipiul-tulcea-a-adoptat-o-crestere-minima-a-taxelor-locale-taxa-de-habitat-creste-cu-3-lei-iar-pentru-impozitul-auto-trebuie-sa-depuneti-declaratie\/\">Municipiul Tulcea a adoptat o cre\u0219tere minim\u0103 a taxelor locale. Taxa de habitat cre\u0219te cu 3 lei iar pentru impozitul auto trebuie s\u0103 depune\u021bi declara\u021bie<\/a><\/div>\n<\/div>\n<\/div>\n<p class=\"has-text-align-center has-white-color has-text-color has-background\"><span><a href=\"https:\/\/news.google.com\/publications\/CAAqBwgKMIu5pgsw88O-Aw?ceid=RO:ro&amp;oc=3\">Urm\u0103ri\u0163i \u015etirile Dobrogeanews \u015fi pe Google News<\/a><\/span><\/p>\n<\/div>\n<div id=\"post-69195\" class=\"entry single-default post-69195 post type-post status-publish format-standard has-post-thumbnail hentry category-info\">\n<div>\n<div class=\"ss-follow-wrapper ss-clearfix ss-regular-buttons ss-columns-1 ss-default-style\">\n<div class=\"ss-follow-column\" data-ss-sf-network-id='\"facebook\"'><a href=\"https:\/\/www.facebook.com\/dobrogeanews\" class=\"ss-follow-network ss-facebook-color\" rel=\"nofollow noopener\" aria-label=\"facebook\" target=\"_blank\"><span class=\"ss-follow-network-label\">Urm\u0103re\u015fte-ne \u015fi pe Facebook!<\/span><span class=\"ss-follow-network-count\"><span class=\"ss-follow-network-count-number\">57K<\/span><span class=\"ss-follow-network-count-label\">Followers<\/span><\/span><\/a><\/div>\n<\/div>\n<\/div>\n<p>Dac\u0103 ave\u021bi un copil \u00eenscris la gr\u0103dini\u021b\u0103 sau cre\u0219\u0103 \u0219i dori\u021bi s\u0103 r\u0103m\u00e2n\u0103 \u00een aceea\u0219i unitate \u0219i \u00een anul \u0219colar urm\u0103tor, este necesar s\u0103 \u00eel re\u00eenscrie\u021bi. Inspectoratul \u0218colar al Jude\u021bului Tulcea ofer\u0103 c\u00e2teva clarific\u0103ri privind aceast\u0103 etap\u0103:<\/p>\n<figure class=\"wp-block-image size-full is-resized\">\n<source type=\"image\/webp\" data-lazy-srcset=\"https:\/\/dobrogeanews.b-cdn.net\/wp-content\/uploads\/2026\/03\/copii-gradi.jpg.webp 2560w, https:\/\/dobrogeanews.b-cdn.net\/wp-content\/uploads\/2026\/03\/copii-gradi-300x246.jpg.webp 300w, https:\/\/dobrogeanews.b-cdn.net\/wp-content\/uploads\/2026\/03\/copii-gradi-1024x840.jpg.webp 1024w, https:\/\/dobrogeanews.b-cdn.net\/wp-content\/uploads\/2026\/03\/copii-gradi-768x630.jpg.webp 768w, https:\/\/dobrogeanews.b-cdn.net\/wp-content\/uploads\/2026\/03\/copii-gradi-1536x1260.jpg.webp 1536w, https:\/\/dobrogeanews.b-cdn.net\/wp-content\/uploads\/2026\/03\/copii-gradi-2048x1680.jpg.webp 2048w\" sizes=\"(max-width: 640px) 100vw, 640px\" \/><br \/>\n<img loading=\"lazy\" decoding=\"async\" src=\"https:\/\/dobrogeanews.b-cdn.net\/wp-content\/uploads\/2026\/03\/copii-gradi.jpg\" alt=\"Copii la Gr\u0103dini\u021b\u0103Cre\u0219\u0103\" width=\"640\" height=\"525\"><\/figure>\n<p>Prin re\u00eenscriere sunt confirma\u021bi copiii care au frecventat o gr\u0103dini\u021b\u0103\/cre\u0219\u0103 \u00een anul \u0219colar curent \u0219i pentru care se solicit\u0103 men\u021binerea \u00een aceea\u0219i gr\u0103dini\u021b\u0103\/cre\u0219\u0103 \u0219i \u00een anul \u0219colar urm\u0103tor.<\/p>\n<p>Pentru re\u00eenscriere, este necesar s\u0103 adresa\u021bi conducerii gr\u0103dini\u021bei\/cre\u0219ei respective o cerere scris\u0103.<\/p>\n<p>Re\u00eenscrierea se realizeaz\u0103 anual, conform unui calendar publicat de Ministerul Educa\u021biei \u0219i Cercet\u0103rii.<\/p>\n<p>Proiectul de calendar pentru re\u00eenscriere, respectiv \u00eenscrierea la gr\u0103dini\u021b\u0103\/cre\u0219\u0103\/\u00een serviciile de educa\u0163ie timpurie complementare pentru anul \u0219colar viitor a fost lansat recent \u00een consultare public\u0103.<\/p>\n<p>\u00cen perioada urm\u0103toare vom publica forma final\u0103 a calendarului, ce curpinde \u0219i perioada \u00een care se face re\u00eenscrierea pentru anul \u0219colar 2026-2027.<\/p>\n<div class=\"monsterinsights-inline-popular-posts monsterinsights-inline-popular-posts-charlie monsterinsights-popular-posts-styled\">\n<div class=\"monsterinsights-inline-popular-posts-text\"><span class=\"monsterinsights-inline-popular-posts-label\">Vezi \u0219i:<\/span><\/p>\n<div class=\"monsterinsights-inline-popular-posts-post\"><a class=\"monsterinsights-inline-popular-posts-title\" href=\"https:\/\/www.dobrogeanews.ro\/la-babadag-eleviii-continua-sa-primeasca-pachetele-alimentare-prin-programul-national-masa-sanatoasa\/\">La Babadag, elevii continu\u0103 s\u0103 primeasc\u0103 pachetele alimentare prin Programul Na\u021bional \u201eMas\u0103 s\u0103n\u0103toas\u0103\u201d<\/a><\/div>\n<div class=\"monsterinsights-inline-popular-posts-post\"><a class=\"monsterinsights-inline-popular-posts-title\" href=\"https:\/\/www.dobrogeanews.ro\/tulcea-noile-tarife-pentru-transport-public-rutier-si-naval\/\">Tulcea: Noile tarife pentru transport public (rutier \u0219i naval)<\/a><\/div>\n<div class=\"monsterinsights-inline-popular-posts-post\"><a class=\"monsterinsights-inline-popular-posts-title\" href=\"https:\/\/www.dobrogeanews.ro\/municipiul-tulcea-a-adoptat-o-crestere-minima-a-taxelor-locale-taxa-de-habitat-creste-cu-3-lei-iar-pentru-impozitul-auto-trebuie-sa-depuneti-declaratie\/\">Municipiul Tulcea a adoptat o cre\u0219tere minim\u0103 a taxelor locale. Taxa de habitat cre\u0219te cu 3 lei iar pentru impozitul auto trebuie s\u0103 depune\u021bi declara\u021bie<\/a><\/div>\n<\/div>\n<\/div>\n<p class=\"has-text-align-center has-white-color has-text-color has-background\"><span><a href=\"https:\/\/news.google.com\/publications\/CAAqBwgKMIu5pgsw88O-Aw?ceid=RO:ro&amp;oc=3\">Urm\u0103ri\u0163i \u015etirile Dobrogeanews \u015fi pe Google News<\/a><\/span><\/p>\n<\/div>\n<p>[analyse_source url=&#8221;https:\/\/www.dobrogeanews.ro\/reinscrieti-copilul-aflat-la-cresa-sau-gradinita-pentru-a-ramane-si-anul-urmator-in-aceeasi-unitate-scolara\/&#8221;]<\/p>\n","protected":false},"excerpt":{"rendered":"<p>[analyse_image type=&#8221;featured&#8221; src=&#8221;https:\/\/dobrogeanews.b-cdn.net\/wp-content\/uploads\/2026\/03\/copii-gradi.jpg&#8221;] Urm\u0103re\u015fte-ne \u015fi pe Facebook!57KFollowers Dac\u0103 ave\u021bi un copil \u00eenscris la gr\u0103dini\u021b\u0103 sau cre\u0219\u0103 \u0219i dori\u021bi s\u0103 r\u0103m\u00e2n\u0103 \u00een aceea\u0219i unitate \u0219i \u00een anul \u0219colar urm\u0103tor, este necesar s\u0103 \u00eel re\u00eenscrie\u021bi. Inspectoratul \u0218colar al Jude\u021bului Tulcea ofer\u0103 c\u00e2teva clarific\u0103ri privind aceast\u0103 etap\u0103: Prin re\u00eenscriere sunt confirma\u021bi copiii care au frecventat o gr\u0103dini\u021b\u0103\/cre\u0219\u0103 \u00een [&hellip;]<\/p>\n","protected":false},"author":1,"featured_media":0,"comment_status":"open","ping_status":"","sticky":false,"template":"","format":"standard","meta":{"footnotes":""},"categories":[89],"tags":[226,223],"class_list":["post-1832826","post","type-post","status-publish","format-standard","hentry","category-romania","tag-crawlmanager","tag-dobrogeanews-ro"],"_links":{"self":[{"href":"https:\/\/analyse.optim.biz\/index.php?rest_route=\/wp\/v2\/posts\/1832826","targetHints":{"allow":["GET"]}}],"collection":[{"href":"https:\/\/analyse.optim.biz\/index.php?rest_route=\/wp\/v2\/posts"}],"about":[{"href":"https:\/\/analyse.optim.biz\/index.php?rest_route=\/wp\/v2\/types\/post"}],"author":[{"embeddable":true,"href":"https:\/\/analyse.optim.biz\/index.php?rest_route=\/wp\/v2\/users\/1"}],"replies":[{"embeddable":true,"href":"https:\/\/analyse.optim.biz\/index.php?rest_route=%2Fwp%2Fv2%2Fcomments&post=1832826"}],"version-history":[{"count":0,"href":"https:\/\/analyse.optim.biz\/index.php?rest_route=\/wp\/v2\/posts\/1832826\/revisions"}],"wp:attachment":[{"href":"https:\/\/analyse.optim.biz\/index.php?rest_route=%2Fwp%2Fv2%2Fmedia&parent=1832826"}],"wp:term":[{"taxonomy":"category","embeddable":true,"href":"https:\/\/analyse.optim.biz\/index.php?rest_route=%2Fwp%2Fv2%2Fcategories&post=1832826"},{"taxonomy":"post_tag","embeddable":true,"href":"https:\/\/analyse.optim.biz\/index.php?rest_route=%2Fwp%2Fv2%2Ftags&post=1832826"}],"curies":[{"name":"wp","href":"https:\/\/api.w.org\/{rel}","templated":true}]}}