{"id":1832825,"date":"2026-03-18T14:43:33","date_gmt":"2026-03-18T11:43:33","guid":{"rendered":"https:\/\/analyse.optim.biz\/?p=1832825"},"modified":"2026-03-18T14:43:33","modified_gmt":"2026-03-18T11:43:33","slug":"primaria-sfantu-gheorghe-anunta-inchirierea-a-3571-de-hectare-pasune","status":"publish","type":"post","link":"https:\/\/analyse.optim.biz\/?p=1832825","title":{"rendered":"Prim\u0103ria Sf\u00e2ntu Gheorghe anun\u021b\u0103 \u00eenchirierea a 3571 de hectare \u2013 p\u0103\u0219une"},"content":{"rendered":"<p>[analyse_image type=&#8221;featured&#8221; src=&#8221;https:\/\/dobrogeanews.b-cdn.net\/wp-content\/uploads\/2026\/03\/sf-gheorghe.jpg&#8221;]<\/p>\n<div id=\"post-69182\" class=\"entry single-default post-69182 post type-post status-publish format-standard has-post-thumbnail hentry category-info tag-inchiriaza tag-pasune tag-primaria-2 tag-sfantu-gheorghe-2\">\n<div>\n<div class=\"ss-follow-wrapper ss-clearfix ss-regular-buttons ss-columns-1 ss-default-style\">\n<div class=\"ss-follow-column\" data-ss-sf-network-id='\"facebook\"'><a href=\"https:\/\/www.facebook.com\/dobrogeanews\" class=\"ss-follow-network ss-facebook-color\" rel=\"nofollow noopener\" aria-label=\"facebook\" target=\"_blank\"><span class=\"ss-follow-network-label\">Urm\u0103re\u015fte-ne \u015fi pe Facebook!<\/span><span class=\"ss-follow-network-count\"><span class=\"ss-follow-network-count-number\">57K<\/span><span class=\"ss-follow-network-count-label\">Followers<\/span><\/span><\/a><\/div>\n<\/div>\n<\/div>\n<p>Prim\u0103ria comunei Sf\u00e2ntu Gheorghe anun\u021b\u0103 \u00eenchirierea pentru o perioad\u0103 de 7 ani a suprafe\u021bei de 3571 de hectare \u2013 p\u0103\u0219une, parte a patrimoniului privat al comunei \u00een \u0219edin\u021b\u0103 public\u0103 pentru atribuire direct. \u0218edin\u021ba public\u0103 va avea loc pe data de 2 Aprilie 2026, la ora 12:00, la sediul prim\u0103riei. <\/p>\n<figure class=\"wp-block-image size-full is-resized\">\n<source type=\"image\/webp\" data-lazy-srcset=\"https:\/\/dobrogeanews.b-cdn.net\/wp-content\/uploads\/2026\/03\/sf-gheorghe.jpg.webp 2560w, https:\/\/dobrogeanews.b-cdn.net\/wp-content\/uploads\/2026\/03\/sf-gheorghe-300x246.jpg.webp 300w, https:\/\/dobrogeanews.b-cdn.net\/wp-content\/uploads\/2026\/03\/sf-gheorghe-1024x840.jpg.webp 1024w, https:\/\/dobrogeanews.b-cdn.net\/wp-content\/uploads\/2026\/03\/sf-gheorghe-768x630.jpg.webp 768w, https:\/\/dobrogeanews.b-cdn.net\/wp-content\/uploads\/2026\/03\/sf-gheorghe-1536x1260.jpg.webp 1536w, https:\/\/dobrogeanews.b-cdn.net\/wp-content\/uploads\/2026\/03\/sf-gheorghe-2048x1680.jpg.webp 2048w\" sizes=\"(max-width: 640px) 100vw, 640px\" \/><br \/>\n<img loading=\"lazy\" decoding=\"async\" src=\"https:\/\/dobrogeanews.b-cdn.net\/wp-content\/uploads\/2026\/03\/sf-gheorghe.jpg\" alt=\"Comuna Sf\u00e2ntu Gheorghe\" width=\"640\" height=\"525\"><\/figure>\n<p>Cererile de participare la procedura de \u00eenchiriere prin atribuire direct\u0103 se pot depune la sediul prim\u0103riei p\u00e2n\u0103 pe 30 Martie 2026, ora 1600. Se pot \u00eenscrie cresc\u0103tori de animale, persoane fizice \u0219i persoane juridice cu sediul exploata\u021biei pe raza comunei Sf\u00e2ntu Gheorghe \u0219i cu animalele \u00eenscrise \u00een RNE al Unit\u0103\u021bii Administrative Sf\u00e2ntu Gheorghe. <\/p>\n<p>Nivelul minim al chiriei anuale este de 248 lei\/ha.<\/p>\n<div class=\"monsterinsights-inline-popular-posts monsterinsights-inline-popular-posts-charlie monsterinsights-popular-posts-styled\">\n<div class=\"monsterinsights-inline-popular-posts-text\"><span class=\"monsterinsights-inline-popular-posts-label\">Vezi \u0219i:<\/span><\/p>\n<div class=\"monsterinsights-inline-popular-posts-post\"><a class=\"monsterinsights-inline-popular-posts-title\" href=\"https:\/\/www.dobrogeanews.ro\/impozitul-pe-imobile-2026-in-municipiul-tulcea-pe-intelesul-tuturor-cine-benefiaza-de-reduceri-informatii-detaliate\/\">Impozitul pe imobile\/2026 \u00een Municipiul Tulcea, pe \u00een\u021belesul tuturor. Cine benefiaz\u0103 de reduceri. Informa\u021bii detaliate<\/a><\/div>\n<div class=\"monsterinsights-inline-popular-posts-post\"><a class=\"monsterinsights-inline-popular-posts-title\" href=\"https:\/\/www.dobrogeanews.ro\/la-baia-taxa-de-habitat-a-ramas-15-lei-luna-pers-adica-180-lei-an-am-votat-aplicarea-cotelor-minime-permise\/\">La Baia, taxa de habitat a r\u0103mas 15 lei\/lun\u0103\/pers, adic\u0103, 180 lei\/an. \u201eAm votat aplicarea cotelor minime permise\u201d<\/a><\/div>\n<div class=\"monsterinsights-inline-popular-posts-post\"><a class=\"monsterinsights-inline-popular-posts-title\" href=\"https:\/\/www.dobrogeanews.ro\/tulcea-impozitul-pentru-mijloacele-de-transport-2026-pe-intelesul-tuturor-cine-beneficiaza-de-reducere-sau-scutire\/\">Tulcea: Impozitul pentru mijloacele de transport\/2026 pe \u00een\u021belesul tuturor. Cine beneficiaz\u0103 de reducere sau scutire<\/a><\/div>\n<\/div>\n<\/div>\n<p class=\"has-text-align-center has-white-color has-text-color has-background\"><span><a href=\"https:\/\/news.google.com\/publications\/CAAqBwgKMIu5pgsw88O-Aw?ceid=RO:ro&amp;oc=3\">Urm\u0103ri\u0163i \u015etirile Dobrogeanews \u015fi pe Google News<\/a><\/span><\/p>\n<\/div>\n<div id=\"post-69182\" class=\"entry single-default post-69182 post type-post status-publish format-standard has-post-thumbnail hentry category-info tag-inchiriaza tag-pasune tag-primaria-2 tag-sfantu-gheorghe-2\">\n<div>\n<div class=\"ss-follow-wrapper ss-clearfix ss-regular-buttons ss-columns-1 ss-default-style\">\n<div class=\"ss-follow-column\" data-ss-sf-network-id='\"facebook\"'><a href=\"https:\/\/www.facebook.com\/dobrogeanews\" class=\"ss-follow-network ss-facebook-color\" rel=\"nofollow noopener\" aria-label=\"facebook\" target=\"_blank\"><span class=\"ss-follow-network-label\">Urm\u0103re\u015fte-ne \u015fi pe Facebook!<\/span><span class=\"ss-follow-network-count\"><span class=\"ss-follow-network-count-number\">57K<\/span><span class=\"ss-follow-network-count-label\">Followers<\/span><\/span><\/a><\/div>\n<\/div>\n<\/div>\n<p>Prim\u0103ria comunei Sf\u00e2ntu Gheorghe anun\u021b\u0103 \u00eenchirierea pentru o perioad\u0103 de 7 ani a suprafe\u021bei de 3571 de hectare \u2013 p\u0103\u0219une, parte a patrimoniului privat al comunei \u00een \u0219edin\u021b\u0103 public\u0103 pentru atribuire direct. \u0218edin\u021ba public\u0103 va avea loc pe data de 2 Aprilie 2026, la ora 12:00, la sediul prim\u0103riei. <\/p>\n<figure class=\"wp-block-image size-full is-resized\">\n<source type=\"image\/webp\" data-lazy-srcset=\"https:\/\/dobrogeanews.b-cdn.net\/wp-content\/uploads\/2026\/03\/sf-gheorghe.jpg.webp 2560w, https:\/\/dobrogeanews.b-cdn.net\/wp-content\/uploads\/2026\/03\/sf-gheorghe-300x246.jpg.webp 300w, https:\/\/dobrogeanews.b-cdn.net\/wp-content\/uploads\/2026\/03\/sf-gheorghe-1024x840.jpg.webp 1024w, https:\/\/dobrogeanews.b-cdn.net\/wp-content\/uploads\/2026\/03\/sf-gheorghe-768x630.jpg.webp 768w, https:\/\/dobrogeanews.b-cdn.net\/wp-content\/uploads\/2026\/03\/sf-gheorghe-1536x1260.jpg.webp 1536w, https:\/\/dobrogeanews.b-cdn.net\/wp-content\/uploads\/2026\/03\/sf-gheorghe-2048x1680.jpg.webp 2048w\" sizes=\"(max-width: 640px) 100vw, 640px\" \/><br \/>\n<img loading=\"lazy\" decoding=\"async\" src=\"https:\/\/dobrogeanews.b-cdn.net\/wp-content\/uploads\/2026\/03\/sf-gheorghe.jpg\" alt=\"Comuna Sf\u00e2ntu Gheorghe\" width=\"640\" height=\"525\"><\/figure>\n<p>Cererile de participare la procedura de \u00eenchiriere prin atribuire direct\u0103 se pot depune la sediul prim\u0103riei p\u00e2n\u0103 pe 30 Martie 2026, ora 1600. Se pot \u00eenscrie cresc\u0103tori de animale, persoane fizice \u0219i persoane juridice cu sediul exploata\u021biei pe raza comunei Sf\u00e2ntu Gheorghe \u0219i cu animalele \u00eenscrise \u00een RNE al Unit\u0103\u021bii Administrative Sf\u00e2ntu Gheorghe. <\/p>\n<p>Nivelul minim al chiriei anuale este de 248 lei\/ha.<\/p>\n<div class=\"monsterinsights-inline-popular-posts monsterinsights-inline-popular-posts-charlie monsterinsights-popular-posts-styled\">\n<div class=\"monsterinsights-inline-popular-posts-text\"><span class=\"monsterinsights-inline-popular-posts-label\">Vezi \u0219i:<\/span><\/p>\n<div class=\"monsterinsights-inline-popular-posts-post\"><a class=\"monsterinsights-inline-popular-posts-title\" href=\"https:\/\/www.dobrogeanews.ro\/impozitul-pe-imobile-2026-in-municipiul-tulcea-pe-intelesul-tuturor-cine-benefiaza-de-reduceri-informatii-detaliate\/\">Impozitul pe imobile\/2026 \u00een Municipiul Tulcea, pe \u00een\u021belesul tuturor. Cine benefiaz\u0103 de reduceri. Informa\u021bii detaliate<\/a><\/div>\n<div class=\"monsterinsights-inline-popular-posts-post\"><a class=\"monsterinsights-inline-popular-posts-title\" href=\"https:\/\/www.dobrogeanews.ro\/la-baia-taxa-de-habitat-a-ramas-15-lei-luna-pers-adica-180-lei-an-am-votat-aplicarea-cotelor-minime-permise\/\">La Baia, taxa de habitat a r\u0103mas 15 lei\/lun\u0103\/pers, adic\u0103, 180 lei\/an. \u201eAm votat aplicarea cotelor minime permise\u201d<\/a><\/div>\n<div class=\"monsterinsights-inline-popular-posts-post\"><a class=\"monsterinsights-inline-popular-posts-title\" href=\"https:\/\/www.dobrogeanews.ro\/tulcea-impozitul-pentru-mijloacele-de-transport-2026-pe-intelesul-tuturor-cine-beneficiaza-de-reducere-sau-scutire\/\">Tulcea: Impozitul pentru mijloacele de transport\/2026 pe \u00een\u021belesul tuturor. Cine beneficiaz\u0103 de reducere sau scutire<\/a><\/div>\n<\/div>\n<\/div>\n<p class=\"has-text-align-center has-white-color has-text-color has-background\"><span><a href=\"https:\/\/news.google.com\/publications\/CAAqBwgKMIu5pgsw88O-Aw?ceid=RO:ro&amp;oc=3\">Urm\u0103ri\u0163i \u015etirile Dobrogeanews \u015fi pe Google News<\/a><\/span><\/p>\n<\/div>\n<p>[analyse_source url=&#8221;https:\/\/www.dobrogeanews.ro\/primaria-sfantu-gheorghe-anunta-inchirierea-a-3571-de-hectare-pasune\/&#8221;]<\/p>\n","protected":false},"excerpt":{"rendered":"<p>[analyse_image type=&#8221;featured&#8221; src=&#8221;https:\/\/dobrogeanews.b-cdn.net\/wp-content\/uploads\/2026\/03\/sf-gheorghe.jpg&#8221;] Urm\u0103re\u015fte-ne \u015fi pe Facebook!57KFollowers Prim\u0103ria comunei Sf\u00e2ntu Gheorghe anun\u021b\u0103 \u00eenchirierea pentru o perioad\u0103 de 7 ani a suprafe\u021bei de 3571 de hectare \u2013 p\u0103\u0219une, parte a patrimoniului privat al comunei \u00een \u0219edin\u021b\u0103 public\u0103 pentru atribuire direct. \u0218edin\u021ba public\u0103 va avea loc pe data de 2 Aprilie 2026, la ora 12:00, la sediul [&hellip;]<\/p>\n","protected":false},"author":1,"featured_media":0,"comment_status":"open","ping_status":"","sticky":false,"template":"","format":"standard","meta":{"footnotes":""},"categories":[89],"tags":[226,223],"class_list":["post-1832825","post","type-post","status-publish","format-standard","hentry","category-romania","tag-crawlmanager","tag-dobrogeanews-ro"],"_links":{"self":[{"href":"https:\/\/analyse.optim.biz\/index.php?rest_route=\/wp\/v2\/posts\/1832825","targetHints":{"allow":["GET"]}}],"collection":[{"href":"https:\/\/analyse.optim.biz\/index.php?rest_route=\/wp\/v2\/posts"}],"about":[{"href":"https:\/\/analyse.optim.biz\/index.php?rest_route=\/wp\/v2\/types\/post"}],"author":[{"embeddable":true,"href":"https:\/\/analyse.optim.biz\/index.php?rest_route=\/wp\/v2\/users\/1"}],"replies":[{"embeddable":true,"href":"https:\/\/analyse.optim.biz\/index.php?rest_route=%2Fwp%2Fv2%2Fcomments&post=1832825"}],"version-history":[{"count":0,"href":"https:\/\/analyse.optim.biz\/index.php?rest_route=\/wp\/v2\/posts\/1832825\/revisions"}],"wp:attachment":[{"href":"https:\/\/analyse.optim.biz\/index.php?rest_route=%2Fwp%2Fv2%2Fmedia&parent=1832825"}],"wp:term":[{"taxonomy":"category","embeddable":true,"href":"https:\/\/analyse.optim.biz\/index.php?rest_route=%2Fwp%2Fv2%2Fcategories&post=1832825"},{"taxonomy":"post_tag","embeddable":true,"href":"https:\/\/analyse.optim.biz\/index.php?rest_route=%2Fwp%2Fv2%2Ftags&post=1832825"}],"curies":[{"name":"wp","href":"https:\/\/api.w.org\/{rel}","templated":true}]}}