{"id":1832824,"date":"2026-03-18T15:23:45","date_gmt":"2026-03-18T12:23:45","guid":{"rendered":"https:\/\/analyse.optim.biz\/?p=1832824"},"modified":"2026-03-18T15:23:45","modified_gmt":"2026-03-18T12:23:45","slug":"arbdd-incepe-prohibitia-la-salau-si-biban","status":"publish","type":"post","link":"https:\/\/analyse.optim.biz\/?p=1832824","title":{"rendered":"ARBDD: \u00cencepe prohibi\u021bia la \u0219al\u0103u \u0219i biban"},"content":{"rendered":"<p>[analyse_image type=&#8221;featured&#8221; src=&#8221;https:\/\/dobrogeanews.b-cdn.net\/wp-content\/uploads\/2026\/03\/prohibitie-salau-si-biban.jpg&#8221;]<\/p>\n<div id=\"post-69190\" class=\"entry single-default post-69190 post type-post status-publish format-standard has-post-thumbnail hentry category-info tag-arbdd tag-biban tag-prohibitie-2 tag-salau-2\">\n<div>\n<div class=\"ss-follow-wrapper ss-clearfix ss-regular-buttons ss-columns-1 ss-default-style\">\n<div class=\"ss-follow-column\" data-ss-sf-network-id='\"facebook\"'><a href=\"https:\/\/www.facebook.com\/dobrogeanews\" class=\"ss-follow-network ss-facebook-color\" rel=\"nofollow noopener\" aria-label=\"facebook\" target=\"_blank\"><span class=\"ss-follow-network-label\">Urm\u0103re\u015fte-ne \u015fi pe Facebook!<\/span><span class=\"ss-follow-network-count\"><span class=\"ss-follow-network-count-number\">57K<\/span><span class=\"ss-follow-network-count-label\">Followers<\/span><\/span><\/a><\/div>\n<\/div>\n<\/div>\n<p>Administra\u021bia Biosferei Delta Dun\u0103rii (ARBDD) anun\u021b\u0103 faptul c\u0103 \u00eencep\u00e2nd de vineri, 20 Martie 2026, \u00eencepe prohibi\u021bia la \u0219al\u0103u \u0219i biban p\u00e2n\u0103 la data de 7 Iunie. <\/p>\n<figure class=\"wp-block-image size-full is-resized\">\n<source type=\"image\/webp\" data-lazy-srcset=\"https:\/\/dobrogeanews.b-cdn.net\/wp-content\/uploads\/2026\/03\/prohibitie-salau-si-biban.jpg.webp 2560w, https:\/\/dobrogeanews.b-cdn.net\/wp-content\/uploads\/2026\/03\/prohibitie-salau-si-biban-300x246.jpg.webp 300w, https:\/\/dobrogeanews.b-cdn.net\/wp-content\/uploads\/2026\/03\/prohibitie-salau-si-biban-1024x840.jpg.webp 1024w, https:\/\/dobrogeanews.b-cdn.net\/wp-content\/uploads\/2026\/03\/prohibitie-salau-si-biban-768x630.jpg.webp 768w, https:\/\/dobrogeanews.b-cdn.net\/wp-content\/uploads\/2026\/03\/prohibitie-salau-si-biban-1536x1260.jpg.webp 1536w, https:\/\/dobrogeanews.b-cdn.net\/wp-content\/uploads\/2026\/03\/prohibitie-salau-si-biban-2048x1680.jpg.webp 2048w\" sizes=\"(max-width: 640px) 100vw, 640px\" \/><br \/>\n<img loading=\"lazy\" decoding=\"async\" src=\"https:\/\/dobrogeanews.b-cdn.net\/wp-content\/uploads\/2026\/03\/prohibitie-salau-si-biban.jpg\" alt=\"ARBDD \u00cencepe prohibi\u021bia la \u0219al\u0103u \u0219i biban\" width=\"640\" height=\"525\"><\/figure>\n<p>Se interzice pescuitul comercial, recreativ \u0219i familial la speciile de pe\u0219ti \u0219al\u0103u \u0219i biban \u00een arealul RBDD, conform Ordinului comun al Ministrului Agriculturii \u0219i Dezvolt\u0103rii Rurale \u0219i Ministrului Mediului, Apelor \u0219i P\u0103durilor cu nr. 23\/297\/ 2025 privind stabilirea perioadelor \u0219i zonelor de prohibi\u021bie a pescuitului, precum \u0219i a zonelor de protec\u021bie a resurselor acvatice vii. <\/p>\n<p>Speciile de pe\u0219ti \u0219al\u0103u (<em>Sander Lucioperca<\/em>) \u0219i biban (<em>Perca Fluviatilis<\/em>) fac parte din familia Percidae r\u0103sp\u00e2ndite \u00een apele dulci \u0219i salmastre ale emisferei nordice. \u0218al\u0103ul \u0219i bibanul \u00ee\u0219i \u00eencep reproducerea mai devreme dec\u00e2t multe alte specii, precum ciprinidele, iar acest avans devine \u0219i mai evident \u00een perioadele cu temperaturi ridicate ap\u0103rute timpuriu.<\/p>\n<div class=\"monsterinsights-inline-popular-posts monsterinsights-inline-popular-posts-charlie monsterinsights-popular-posts-styled\">\n<div class=\"monsterinsights-inline-popular-posts-text\"><span class=\"monsterinsights-inline-popular-posts-label\">Vezi \u0219i:<\/span><\/p>\n<div class=\"monsterinsights-inline-popular-posts-post\"><a class=\"monsterinsights-inline-popular-posts-title\" href=\"https:\/\/www.dobrogeanews.ro\/municipiul-tulcea-a-adoptat-o-crestere-minima-a-taxelor-locale-taxa-de-habitat-creste-cu-3-lei-iar-pentru-impozitul-auto-trebuie-sa-depuneti-declaratie\/\">Municipiul Tulcea a adoptat o cre\u0219tere minim\u0103 a taxelor locale. Taxa de habitat cre\u0219te cu 3 lei iar pentru impozitul auto trebuie s\u0103 depune\u021bi declara\u021bie<\/a><\/div>\n<div class=\"monsterinsights-inline-popular-posts-post\"><a class=\"monsterinsights-inline-popular-posts-title\" href=\"https:\/\/www.dobrogeanews.ro\/video-primarul-stefan-ilie-raspunde-intrebarilor-privind-reabilitarea-strazilor-din-municipiul-tulcea\/\">(Video) Primarul \u0218tefan Ilie, r\u0103spunde \u00eentreb\u0103rilor privind reabilitarea Str\u0103zilor din Municipiul Tulcea<\/a><\/div>\n<div class=\"monsterinsights-inline-popular-posts-post\"><a class=\"monsterinsights-inline-popular-posts-title\" href=\"https:\/\/www.dobrogeanews.ro\/impozitul-pe-imobile-2026-in-municipiul-tulcea-pe-intelesul-tuturor-cine-benefiaza-de-reduceri-informatii-detaliate\/\">Impozitul pe imobile\/2026 \u00een Municipiul Tulcea, pe \u00een\u021belesul tuturor. Cine benefiaz\u0103 de reduceri. Informa\u021bii detaliate<\/a><\/div>\n<\/div>\n<\/div>\n<p class=\"has-text-align-center has-white-color has-text-color has-background\"><span><a href=\"https:\/\/news.google.com\/publications\/CAAqBwgKMIu5pgsw88O-Aw?ceid=RO:ro&amp;oc=3\">Urm\u0103ri\u0163i \u015etirile Dobrogeanews \u015fi pe Google News<\/a><\/span><\/p>\n<\/div>\n<div id=\"post-69190\" class=\"entry single-default post-69190 post type-post status-publish format-standard has-post-thumbnail hentry category-info tag-arbdd tag-biban tag-prohibitie-2 tag-salau-2\">\n<div>\n<div class=\"ss-follow-wrapper ss-clearfix ss-regular-buttons ss-columns-1 ss-default-style\">\n<div class=\"ss-follow-column\" data-ss-sf-network-id='\"facebook\"'><a href=\"https:\/\/www.facebook.com\/dobrogeanews\" class=\"ss-follow-network ss-facebook-color\" rel=\"nofollow noopener\" aria-label=\"facebook\" target=\"_blank\"><span class=\"ss-follow-network-label\">Urm\u0103re\u015fte-ne \u015fi pe Facebook!<\/span><span class=\"ss-follow-network-count\"><span class=\"ss-follow-network-count-number\">57K<\/span><span class=\"ss-follow-network-count-label\">Followers<\/span><\/span><\/a><\/div>\n<\/div>\n<\/div>\n<p>Administra\u021bia Biosferei Delta Dun\u0103rii (ARBDD) anun\u021b\u0103 faptul c\u0103 \u00eencep\u00e2nd de vineri, 20 Martie 2026, \u00eencepe prohibi\u021bia la \u0219al\u0103u \u0219i biban p\u00e2n\u0103 la data de 7 Iunie. <\/p>\n<figure class=\"wp-block-image size-full is-resized\">\n<source type=\"image\/webp\" data-lazy-srcset=\"https:\/\/dobrogeanews.b-cdn.net\/wp-content\/uploads\/2026\/03\/prohibitie-salau-si-biban.jpg.webp 2560w, https:\/\/dobrogeanews.b-cdn.net\/wp-content\/uploads\/2026\/03\/prohibitie-salau-si-biban-300x246.jpg.webp 300w, https:\/\/dobrogeanews.b-cdn.net\/wp-content\/uploads\/2026\/03\/prohibitie-salau-si-biban-1024x840.jpg.webp 1024w, https:\/\/dobrogeanews.b-cdn.net\/wp-content\/uploads\/2026\/03\/prohibitie-salau-si-biban-768x630.jpg.webp 768w, https:\/\/dobrogeanews.b-cdn.net\/wp-content\/uploads\/2026\/03\/prohibitie-salau-si-biban-1536x1260.jpg.webp 1536w, https:\/\/dobrogeanews.b-cdn.net\/wp-content\/uploads\/2026\/03\/prohibitie-salau-si-biban-2048x1680.jpg.webp 2048w\" sizes=\"(max-width: 640px) 100vw, 640px\" \/><br \/>\n<img loading=\"lazy\" decoding=\"async\" src=\"https:\/\/dobrogeanews.b-cdn.net\/wp-content\/uploads\/2026\/03\/prohibitie-salau-si-biban.jpg\" alt=\"ARBDD \u00cencepe prohibi\u021bia la \u0219al\u0103u \u0219i biban\" width=\"640\" height=\"525\"><\/figure>\n<p>Se interzice pescuitul comercial, recreativ \u0219i familial la speciile de pe\u0219ti \u0219al\u0103u \u0219i biban \u00een arealul RBDD, conform Ordinului comun al Ministrului Agriculturii \u0219i Dezvolt\u0103rii Rurale \u0219i Ministrului Mediului, Apelor \u0219i P\u0103durilor cu nr. 23\/297\/ 2025 privind stabilirea perioadelor \u0219i zonelor de prohibi\u021bie a pescuitului, precum \u0219i a zonelor de protec\u021bie a resurselor acvatice vii. <\/p>\n<p>Speciile de pe\u0219ti \u0219al\u0103u (<em>Sander Lucioperca<\/em>) \u0219i biban (<em>Perca Fluviatilis<\/em>) fac parte din familia Percidae r\u0103sp\u00e2ndite \u00een apele dulci \u0219i salmastre ale emisferei nordice. \u0218al\u0103ul \u0219i bibanul \u00ee\u0219i \u00eencep reproducerea mai devreme dec\u00e2t multe alte specii, precum ciprinidele, iar acest avans devine \u0219i mai evident \u00een perioadele cu temperaturi ridicate ap\u0103rute timpuriu.<\/p>\n<div class=\"monsterinsights-inline-popular-posts monsterinsights-inline-popular-posts-charlie monsterinsights-popular-posts-styled\">\n<div class=\"monsterinsights-inline-popular-posts-text\"><span class=\"monsterinsights-inline-popular-posts-label\">Vezi \u0219i:<\/span><\/p>\n<div class=\"monsterinsights-inline-popular-posts-post\"><a class=\"monsterinsights-inline-popular-posts-title\" href=\"https:\/\/www.dobrogeanews.ro\/municipiul-tulcea-a-adoptat-o-crestere-minima-a-taxelor-locale-taxa-de-habitat-creste-cu-3-lei-iar-pentru-impozitul-auto-trebuie-sa-depuneti-declaratie\/\">Municipiul Tulcea a adoptat o cre\u0219tere minim\u0103 a taxelor locale. Taxa de habitat cre\u0219te cu 3 lei iar pentru impozitul auto trebuie s\u0103 depune\u021bi declara\u021bie<\/a><\/div>\n<div class=\"monsterinsights-inline-popular-posts-post\"><a class=\"monsterinsights-inline-popular-posts-title\" href=\"https:\/\/www.dobrogeanews.ro\/video-primarul-stefan-ilie-raspunde-intrebarilor-privind-reabilitarea-strazilor-din-municipiul-tulcea\/\">(Video) Primarul \u0218tefan Ilie, r\u0103spunde \u00eentreb\u0103rilor privind reabilitarea Str\u0103zilor din Municipiul Tulcea<\/a><\/div>\n<div class=\"monsterinsights-inline-popular-posts-post\"><a class=\"monsterinsights-inline-popular-posts-title\" href=\"https:\/\/www.dobrogeanews.ro\/impozitul-pe-imobile-2026-in-municipiul-tulcea-pe-intelesul-tuturor-cine-benefiaza-de-reduceri-informatii-detaliate\/\">Impozitul pe imobile\/2026 \u00een Municipiul Tulcea, pe \u00een\u021belesul tuturor. Cine benefiaz\u0103 de reduceri. Informa\u021bii detaliate<\/a><\/div>\n<\/div>\n<\/div>\n<p class=\"has-text-align-center has-white-color has-text-color has-background\"><span><a href=\"https:\/\/news.google.com\/publications\/CAAqBwgKMIu5pgsw88O-Aw?ceid=RO:ro&amp;oc=3\">Urm\u0103ri\u0163i \u015etirile Dobrogeanews \u015fi pe Google News<\/a><\/span><\/p>\n<\/div>\n<p>[analyse_source url=&#8221;https:\/\/www.dobrogeanews.ro\/arbdd-incepe-prohibitia-la-salau-si-biban\/&#8221;]<\/p>\n","protected":false},"excerpt":{"rendered":"<p>[analyse_image type=&#8221;featured&#8221; src=&#8221;https:\/\/dobrogeanews.b-cdn.net\/wp-content\/uploads\/2026\/03\/prohibitie-salau-si-biban.jpg&#8221;] Urm\u0103re\u015fte-ne \u015fi pe Facebook!57KFollowers Administra\u021bia Biosferei Delta Dun\u0103rii (ARBDD) anun\u021b\u0103 faptul c\u0103 \u00eencep\u00e2nd de vineri, 20 Martie 2026, \u00eencepe prohibi\u021bia la \u0219al\u0103u \u0219i biban p\u00e2n\u0103 la data de 7 Iunie. Se interzice pescuitul comercial, recreativ \u0219i familial la speciile de pe\u0219ti \u0219al\u0103u \u0219i biban \u00een arealul RBDD, conform Ordinului comun al Ministrului [&hellip;]<\/p>\n","protected":false},"author":1,"featured_media":0,"comment_status":"open","ping_status":"","sticky":false,"template":"","format":"standard","meta":{"footnotes":""},"categories":[89],"tags":[226,223],"class_list":["post-1832824","post","type-post","status-publish","format-standard","hentry","category-romania","tag-crawlmanager","tag-dobrogeanews-ro"],"_links":{"self":[{"href":"https:\/\/analyse.optim.biz\/index.php?rest_route=\/wp\/v2\/posts\/1832824","targetHints":{"allow":["GET"]}}],"collection":[{"href":"https:\/\/analyse.optim.biz\/index.php?rest_route=\/wp\/v2\/posts"}],"about":[{"href":"https:\/\/analyse.optim.biz\/index.php?rest_route=\/wp\/v2\/types\/post"}],"author":[{"embeddable":true,"href":"https:\/\/analyse.optim.biz\/index.php?rest_route=\/wp\/v2\/users\/1"}],"replies":[{"embeddable":true,"href":"https:\/\/analyse.optim.biz\/index.php?rest_route=%2Fwp%2Fv2%2Fcomments&post=1832824"}],"version-history":[{"count":0,"href":"https:\/\/analyse.optim.biz\/index.php?rest_route=\/wp\/v2\/posts\/1832824\/revisions"}],"wp:attachment":[{"href":"https:\/\/analyse.optim.biz\/index.php?rest_route=%2Fwp%2Fv2%2Fmedia&parent=1832824"}],"wp:term":[{"taxonomy":"category","embeddable":true,"href":"https:\/\/analyse.optim.biz\/index.php?rest_route=%2Fwp%2Fv2%2Fcategories&post=1832824"},{"taxonomy":"post_tag","embeddable":true,"href":"https:\/\/analyse.optim.biz\/index.php?rest_route=%2Fwp%2Fv2%2Ftags&post=1832824"}],"curies":[{"name":"wp","href":"https:\/\/api.w.org\/{rel}","templated":true}]}}