{"id":1832804,"date":"2026-03-17T14:44:43","date_gmt":"2026-03-17T11:44:43","guid":{"rendered":"https:\/\/analyse.optim.biz\/?p=1832804"},"modified":"2026-03-17T14:44:43","modified_gmt":"2026-03-17T11:44:43","slug":"timis-explozie-urmata-de-incendiu-la-o-locuinta-din-becicherecu-mic-un-adolescent-ranit","status":"publish","type":"post","link":"https:\/\/analyse.optim.biz\/?p=1832804","title":{"rendered":"Timi\u0219: Explozie urmat\u0103 de incendiu la o locuin\u021b\u0103 din Becicherecu Mic. Un adolescent, r\u0103nit"},"content":{"rendered":"<p>[analyse_image type=&#8221;featured&#8221; src=&#8221;http:\/\/www.banatulmeu.ro\/wp-content\/uploads\/2025\/08\/93ef1d77-99c7-4717-a93c-4e5349003aab.jpeg&#8221;]<\/p>\n<div class=\"post-content-bd\">\n<p>Pompierii timi\u0219eni au fost solicita\u021bi mar\u021bi, \u00een jurul orei 15:35, s\u0103 intervin\u0103 pentru asigurarea m\u0103surilor PSI \u00een urma unei deflagra\u021bii urmate de incendiu, produs\u0103 la parterul unei locuin\u021be cu trei niveluri din localitatea Becicherecu Mic.<\/p>\n<p>La fa\u021ba locului au fost mobilizate de urgen\u021b\u0103 o autospecial\u0103 de prim\u0103 interven\u021bie \u0219i comand\u0103, \u00eencadrat\u0103 cu 3 pompieri, o autospecial\u0103 de stingere cu 4 pompieri, precum \u0219i un echipaj SMURD cu medic \u0219i o ambulan\u021b\u0103 SAJ.<\/p>\n<p>Potrivit primelor informa\u021bii, deflagra\u021bia s-ar fi produs de la o butelie cu gaz.<\/p>\n<p>\u00cen urma incidentului, un minor \u00een v\u00e2rst\u0103 de 16 ani a suferit arsuri la nivelul fe\u021bei \u0219i membrelor superioare. Acesta a fost evaluat de echipajul medical la fa\u021ba locului \u0219i urmeaz\u0103 s\u0103 fie transportat la spital, fiind con\u0219tient \u0219i cooperant.<\/p>\n<p>Incendiul a fost localizat, iar pompierii ac\u021bioneaz\u0103 \u00een continuare pentru lichidarea focului \u0219i ventilarea spa\u021biilor afectate.<\/p>\n<p>\u00cen cauz\u0103, poli\u021bi\u0219tii continu\u0103 verific\u0103rile pentru stabilirea tuturor circumstan\u021belor \u00een care s-a produs incidentul, \u00een vederea dispunerii m\u0103surilor legale care se impun.<\/p>\n<\/div>\n<p>[analyse_source url=&#8221;https:\/\/www.banatulmeu.ro\/timis-explozie-urmata-de-incendiu-la-o-locuinta-din-becicherecu-mic-un-adolescent-ranit\/&#8221;]<\/p>\n","protected":false},"excerpt":{"rendered":"<p>[analyse_image type=&#8221;featured&#8221; src=&#8221;http:\/\/www.banatulmeu.ro\/wp-content\/uploads\/2025\/08\/93ef1d77-99c7-4717-a93c-4e5349003aab.jpeg&#8221;] Pompierii timi\u0219eni au fost solicita\u021bi mar\u021bi, \u00een jurul orei 15:35, s\u0103 intervin\u0103 pentru asigurarea m\u0103surilor PSI \u00een urma unei deflagra\u021bii urmate de incendiu, produs\u0103 la parterul unei locuin\u021be cu trei niveluri din localitatea Becicherecu Mic. La fa\u021ba locului au fost mobilizate de urgen\u021b\u0103 o autospecial\u0103 de prim\u0103 interven\u021bie \u0219i comand\u0103, \u00eencadrat\u0103 cu [&hellip;]<\/p>\n","protected":false},"author":1,"featured_media":0,"comment_status":"open","ping_status":"","sticky":false,"template":"","format":"standard","meta":{"footnotes":""},"categories":[89],"tags":[204,226],"class_list":["post-1832804","post","type-post","status-publish","format-standard","hentry","category-romania","tag-banatulmeu-ro","tag-crawlmanager"],"_links":{"self":[{"href":"https:\/\/analyse.optim.biz\/index.php?rest_route=\/wp\/v2\/posts\/1832804","targetHints":{"allow":["GET"]}}],"collection":[{"href":"https:\/\/analyse.optim.biz\/index.php?rest_route=\/wp\/v2\/posts"}],"about":[{"href":"https:\/\/analyse.optim.biz\/index.php?rest_route=\/wp\/v2\/types\/post"}],"author":[{"embeddable":true,"href":"https:\/\/analyse.optim.biz\/index.php?rest_route=\/wp\/v2\/users\/1"}],"replies":[{"embeddable":true,"href":"https:\/\/analyse.optim.biz\/index.php?rest_route=%2Fwp%2Fv2%2Fcomments&post=1832804"}],"version-history":[{"count":0,"href":"https:\/\/analyse.optim.biz\/index.php?rest_route=\/wp\/v2\/posts\/1832804\/revisions"}],"wp:attachment":[{"href":"https:\/\/analyse.optim.biz\/index.php?rest_route=%2Fwp%2Fv2%2Fmedia&parent=1832804"}],"wp:term":[{"taxonomy":"category","embeddable":true,"href":"https:\/\/analyse.optim.biz\/index.php?rest_route=%2Fwp%2Fv2%2Fcategories&post=1832804"},{"taxonomy":"post_tag","embeddable":true,"href":"https:\/\/analyse.optim.biz\/index.php?rest_route=%2Fwp%2Fv2%2Ftags&post=1832804"}],"curies":[{"name":"wp","href":"https:\/\/api.w.org\/{rel}","templated":true}]}}