{"id":1832799,"date":"2026-03-14T21:00:08","date_gmt":"2026-03-14T18:00:08","guid":{"rendered":"https:\/\/analyse.optim.biz\/?p=1832799"},"modified":"2026-03-14T21:00:08","modified_gmt":"2026-03-14T18:00:08","slug":"timis-incident-grav-pe-un-teren-de-fotbal-din-cenei-un-copil-de-13-ani-a-ajuns-la-spital","status":"publish","type":"post","link":"https:\/\/analyse.optim.biz\/?p=1832799","title":{"rendered":"Timi\u0219: Incident grav pe un teren de fotbal din Cenei. Un copil de 13 ani a ajuns la spital"},"content":{"rendered":"<p>[analyse_image type=&#8221;featured&#8221; src=&#8221;https:\/\/www.banatulmeu.ro\/wp-content\/uploads\/2025\/01\/teren-fotbal.jpg&#8221;]<\/p>\n<div class=\"post-content-bd\">\n<p>Un minor \u00een v\u00e2rst\u0103 de 13 ani a ajuns la spital dup\u0103 ce a fost lovit de o poart\u0103 de fotbal pe terenul din Cenad. Incidentul a avut loc s\u00e2mb\u0103t\u0103, 14 martie, \u00een jurul orei 19:15.<\/p>\n<p>Poli\u021bi\u0219tii din S\u00e2nnicolau Mare au fost sesiza\u021bi c\u0103 un b\u0103iat de 13 ani s-a accidentat \u00een timp ce se afla pe terenul de fotbal din localitatea Cenad.<\/p>\n<p>Potrivit primelor verific\u0103ri efectuate de poli\u021bi\u0219ti, minorul s-ar fi jucat pe bara por\u021bii de fotbal, moment \u00een care aceasta s-a desprins \u0219i l-a lovit \u00een zona capului.<\/p>\n<p>La fa\u021ba locului a fost solicitat un echipaj medical, iar b\u0103iatul a fost transportat de urgen\u021b\u0103 la Spitalul Jude\u021bean din Timi\u0219oara pentru acordarea \u00eengrijirilor medicale de specialitate.<\/p>\n<p>Poli\u021bi\u0219tii continu\u0103 verific\u0103rile pentru a stabili cu exactitate \u00eemprejur\u0103rile \u00een care s-a produs incidentul.<\/p>\n<\/div>\n<p>[analyse_source url=&#8221;https:\/\/www.banatulmeu.ro\/timis-incident-grav-pe-un-teren-de-fotbal-din-cenei-un-copil-de-13-ani-a-ajuns-la-spital\/&#8221;]<\/p>\n","protected":false},"excerpt":{"rendered":"<p>[analyse_image type=&#8221;featured&#8221; src=&#8221;https:\/\/www.banatulmeu.ro\/wp-content\/uploads\/2025\/01\/teren-fotbal.jpg&#8221;] Un minor \u00een v\u00e2rst\u0103 de 13 ani a ajuns la spital dup\u0103 ce a fost lovit de o poart\u0103 de fotbal pe terenul din Cenad. Incidentul a avut loc s\u00e2mb\u0103t\u0103, 14 martie, \u00een jurul orei 19:15. Poli\u021bi\u0219tii din S\u00e2nnicolau Mare au fost sesiza\u021bi c\u0103 un b\u0103iat de 13 ani s-a accidentat \u00een [&hellip;]<\/p>\n","protected":false},"author":1,"featured_media":0,"comment_status":"open","ping_status":"","sticky":false,"template":"","format":"standard","meta":{"footnotes":""},"categories":[89],"tags":[204,226],"class_list":["post-1832799","post","type-post","status-publish","format-standard","hentry","category-romania","tag-banatulmeu-ro","tag-crawlmanager"],"_links":{"self":[{"href":"https:\/\/analyse.optim.biz\/index.php?rest_route=\/wp\/v2\/posts\/1832799","targetHints":{"allow":["GET"]}}],"collection":[{"href":"https:\/\/analyse.optim.biz\/index.php?rest_route=\/wp\/v2\/posts"}],"about":[{"href":"https:\/\/analyse.optim.biz\/index.php?rest_route=\/wp\/v2\/types\/post"}],"author":[{"embeddable":true,"href":"https:\/\/analyse.optim.biz\/index.php?rest_route=\/wp\/v2\/users\/1"}],"replies":[{"embeddable":true,"href":"https:\/\/analyse.optim.biz\/index.php?rest_route=%2Fwp%2Fv2%2Fcomments&post=1832799"}],"version-history":[{"count":0,"href":"https:\/\/analyse.optim.biz\/index.php?rest_route=\/wp\/v2\/posts\/1832799\/revisions"}],"wp:attachment":[{"href":"https:\/\/analyse.optim.biz\/index.php?rest_route=%2Fwp%2Fv2%2Fmedia&parent=1832799"}],"wp:term":[{"taxonomy":"category","embeddable":true,"href":"https:\/\/analyse.optim.biz\/index.php?rest_route=%2Fwp%2Fv2%2Fcategories&post=1832799"},{"taxonomy":"post_tag","embeddable":true,"href":"https:\/\/analyse.optim.biz\/index.php?rest_route=%2Fwp%2Fv2%2Ftags&post=1832799"}],"curies":[{"name":"wp","href":"https:\/\/api.w.org\/{rel}","templated":true}]}}