{"id":1832453,"date":"2026-03-18T10:21:46","date_gmt":"2026-03-18T07:21:46","guid":{"rendered":"https:\/\/analyse.optim.biz\/?p=1832453"},"modified":"2026-03-18T10:21:46","modified_gmt":"2026-03-18T07:21:46","slug":"editia-2026-a-timisoara-jazz-festival-aduce-un-program-extins-din-martie-pana-in-septembrie","status":"publish","type":"post","link":"https:\/\/analyse.optim.biz\/?p=1832453","title":{"rendered":"Edi\u021bia 2026 a Timi\u0219oara Jazz Festival aduce un program extins, din martie p\u00e2n\u0103 \u00een septembrie"},"content":{"rendered":"<p>[analyse_image type=&#8221;featured&#8221; src=&#8221;http:\/\/www.banatulmeu.ro\/wp-content\/uploads\/2018\/04\/jazz-tm-696&#215;413.jpg&#8221;]<\/p>\n<div class=\"post-content-bd\">\n<p>Timi\u0219oara Jazz Festival revine \u00een 2026 cu o edi\u021bie extins\u0103, marc\u00e2nd cea de-a 14-a edi\u021bie printr-un format inedit, desf\u0103\u0219urat din martie p\u00e2n\u0103 \u00een septembrie. Organizatorii propun un concept amplu, care transform\u0103 festivalul \u00eentr-un parcurs cultural adaptat ritmului anotimpurilor \u0219i diverselor spa\u021bii urbane.<span class=\"Apple-converted-space\">\u00a0<\/span><\/p>\n<p>Noua structur\u0103 include \u0219ase momente principale, programate \u00een diferite loca\u021bii din ora\u0219, de la spa\u021bii \u00een aer liber \u0219i zone de patrimoniu, p\u00e2n\u0103 la mediul academic \u0219i locuri cu semnifica\u021bie pentru istoria jazzului local.<\/p>\n<p>Printre acestea se num\u0103r\u0103 evenimentele Bloom (20 martie), Secession \u00d7 Heritage of Timi\u0219oara (13\u201314 iunie), Midsummer (24 iunie), City Celebration (1\u20132 august), Equinox (23 septembrie) \u0219i concertul final Timi\u0219oara Jazz Festival (25\u201327 septembrie).<span class=\"Apple-converted-space\">\u00a0<\/span><\/p>\n<p>Organizatorii \u00ee\u0219i propun astfel s\u0103 atrag\u0103 un public mai divers \u0219i s\u0103 creeze contexte accesibile at\u00e2t pentru cunosc\u0103tori, c\u00e2t \u0219i pentru cei care descoper\u0103 pentru prima dat\u0103 jazzul.<span class=\"Apple-converted-space\">\u00a0<\/span><\/p>\n<p>Un element central al edi\u021biei din acest an este componenta de cercetare \u0219i arhivare a jazzului timi\u0219orean, cu accent pe perioada Pod 16 \u2014 un reper important \u00een istoria local\u0103 a genului. Proiectul va fi dezvoltat prin expozi\u021bii, discu\u021bii publice \u0219i materiale audio-video realizate \u00een parteneriat cu Universitatea de Vest din Timi\u0219oara.<span class=\"Apple-converted-space\">\u00a0<\/span><\/p>\n<p>Debutul festivalului are loc vineri, 20 martie, prin evenimentul <strong>Bloom<\/strong>, organizat \u00een Gr\u0103dina Urban\u0103 UVT. Programul \u00eencepe la ora 17:00 \u0219i include un warm-up vinyl set, urmat de un concert \u00een premier\u0103 absolut\u0103 sus\u021binut de muzicienii Sebastian Studnitzky \u0219i Mischa Blanos.<span class=\"Apple-converted-space\">\u00a0<\/span><\/p>\n<p>Cei doi arti\u0219ti propun un dialog \u00eentre jazz contemporan \u0219i muzic\u0103 electronic\u0103, combin\u00e2nd trompeta, pianul \u0219i live electronics \u00eentr-un concept sonor hibrid. Accesul la eveniment este gratuit, fiind g\u00e2ndit ca un punct de intrare accesibil pentru publicul larg.<span class=\"Apple-converted-space\">\u00a0<\/span><\/p>\n<p>Lansat \u00een 2006, Timi\u0219oara Jazz Festival a adus pe scenele ora\u0219ului arti\u0219ti relevan\u021bi ai jazzului interna\u021bional \u0219i local. Edi\u021bia din 2026 marcheaz\u0103 o etap\u0103 de dezvoltare, miz\u00e2nd pe accesibilitate, educa\u021bie \u0219i extinderea comunit\u0103\u021bii de public. <span class=\"Apple-converted-space\">\u00a0<\/span><\/p>\n<\/div>\n<p>[analyse_source url=&#8221;https:\/\/www.banatulmeu.ro\/editia-2026-a-timisoara-jazz-festival-aduce-un-program-extins-din-martie-pana-in-septembrie\/&#8221;]<\/p>\n","protected":false},"excerpt":{"rendered":"<p>[analyse_image type=&#8221;featured&#8221; src=&#8221;http:\/\/www.banatulmeu.ro\/wp-content\/uploads\/2018\/04\/jazz-tm-696&#215;413.jpg&#8221;] Timi\u0219oara Jazz Festival revine \u00een 2026 cu o edi\u021bie extins\u0103, marc\u00e2nd cea de-a 14-a edi\u021bie printr-un format inedit, desf\u0103\u0219urat din martie p\u00e2n\u0103 \u00een septembrie. Organizatorii propun un concept amplu, care transform\u0103 festivalul \u00eentr-un parcurs cultural adaptat ritmului anotimpurilor \u0219i diverselor spa\u021bii urbane.\u00a0 Noua structur\u0103 include \u0219ase momente principale, programate \u00een diferite loca\u021bii [&hellip;]<\/p>\n","protected":false},"author":1,"featured_media":0,"comment_status":"open","ping_status":"","sticky":false,"template":"","format":"standard","meta":{"footnotes":""},"categories":[89],"tags":[204,226],"class_list":["post-1832453","post","type-post","status-publish","format-standard","hentry","category-romania","tag-banatulmeu-ro","tag-crawlmanager"],"_links":{"self":[{"href":"https:\/\/analyse.optim.biz\/index.php?rest_route=\/wp\/v2\/posts\/1832453","targetHints":{"allow":["GET"]}}],"collection":[{"href":"https:\/\/analyse.optim.biz\/index.php?rest_route=\/wp\/v2\/posts"}],"about":[{"href":"https:\/\/analyse.optim.biz\/index.php?rest_route=\/wp\/v2\/types\/post"}],"author":[{"embeddable":true,"href":"https:\/\/analyse.optim.biz\/index.php?rest_route=\/wp\/v2\/users\/1"}],"replies":[{"embeddable":true,"href":"https:\/\/analyse.optim.biz\/index.php?rest_route=%2Fwp%2Fv2%2Fcomments&post=1832453"}],"version-history":[{"count":0,"href":"https:\/\/analyse.optim.biz\/index.php?rest_route=\/wp\/v2\/posts\/1832453\/revisions"}],"wp:attachment":[{"href":"https:\/\/analyse.optim.biz\/index.php?rest_route=%2Fwp%2Fv2%2Fmedia&parent=1832453"}],"wp:term":[{"taxonomy":"category","embeddable":true,"href":"https:\/\/analyse.optim.biz\/index.php?rest_route=%2Fwp%2Fv2%2Fcategories&post=1832453"},{"taxonomy":"post_tag","embeddable":true,"href":"https:\/\/analyse.optim.biz\/index.php?rest_route=%2Fwp%2Fv2%2Ftags&post=1832453"}],"curies":[{"name":"wp","href":"https:\/\/api.w.org\/{rel}","templated":true}]}}