{"id":1832141,"date":"2026-03-16T13:21:13","date_gmt":"2026-03-16T10:21:13","guid":{"rendered":"https:\/\/analyse.optim.biz\/?p=1832141"},"modified":"2026-03-16T13:21:13","modified_gmt":"2026-03-16T10:21:13","slug":"horezenii-sunt-invitati-la-consultare-publica-pentru-pug-ul-orasului","status":"publish","type":"post","link":"https:\/\/analyse.optim.biz\/?p=1832141","title":{"rendered":"Horezenii sunt invita\u021bi la consultare public\u0103 pentru PUG-ul ora\u0219ului"},"content":{"rendered":"<p>[analyse_image type=&#8221;featured&#8221; src=&#8221;https:\/\/www.curierul.ro\/wp-content\/uploads\/2025\/11\/Primaria-Horezu-e1762263364590.jpghttps:\/\/i0.wp.com\/www.curierul.ro\/wp-content\/uploads\/2025\/11\/Primaria-Horezu-e1762263364590.jpg?fit=1200%2C673&amp;ssl=1&#8243;]<\/p>\n<article id=\"196659\" class=\"post-196659 post type-post status-publish format-standard has-post-thumbnail hentry category-actualitate category-politica tag-consultare-publica tag-horezenii tag-invitati tag-oras-horezu tag-pug\">\n<header class=\"post-header\">\n<ul class=\"breadcrumbs\">\n<li><a href=\"https:\/\/www.curierul.ro\">Home<\/a><\/li>\n<li class=\"breadcrumbs-active .category-actualitate\"><a href=\"https:\/\/www.curierul.ro\/index.php?cat=1615\">Actualitate<\/a><\/li>\n<li class=\"breadcrumbs-active .category-actualitate\">Horezenii sunt invita\u021bi la consultare public\u0103 pentru PUG-ul ora\u0219ului<\/li>\n<\/ul>\n<div class=\"featured-photo\"><img loading=\"lazy\" decoding=\"async\" width=\"1666\" height=\"935\" src=\"https:\/\/i0.wp.com\/www.curierul.ro\/wp-content\/uploads\/2025\/11\/Primaria-Horezu-e1762263364590.jpg?fit=300%2C168&amp;ssl=1\" class=\"attachment-single size-single wp-post-image\" alt><\/div>\n<h1 class=\"headline\">Horezenii sunt invita\u021bi la consultare public\u0103 pentru PUG-ul ora\u0219ului<\/h1>\n<p class=\"byline\">\n\t\tScris de<a href=\"https:\/\/www.curierul.ro\/author\/curierul\/\">Curierul de Valcea<\/a>, \t\t16 martie 2026\t\t\t\t<\/p>\n<hr>\n<\/header>\n<p><strong>Anun\u021b privind deschiderea consult\u0103rii publice<\/strong><\/p>\n<p>\u00cen 12 martie 2026, primarul ora\u0219ului Horezu, S\u0103rd\u0103rescu Nicolae, anun\u021b\u0103 deschiderea procesului de consultare public\u0103 privind urm\u0103torul proiect de act normativ: Hot\u0103r\u00e2re cu privire la aprobarea ,,Planului Urbanistic \u00a0General al orasului Horezu si a Regulamentului Local de Urbanism, actualizat\u201d.<\/p>\n<p>P\u00e2n\u0103 la data de 17 aprilie 2026 ora 16,00, persoanele fizice \u015fi juridice interesate, pot trimite \u00een scris contesta\u021bii, propuneri, sugestii, opinii cu valoare de recomandare privind proiectul de act normativ, prin urm\u0103toarele forme de comunicare; <em>prin po\u015ft\u0103 la adresa: Prim\u0103ria ora\u015fului Horezu, strada 1 Decembrie, nr.7, jude\u0163ul V\u00e2lcea, cod po\u015ftal 245800; prin fax la num\u0103rul 0250.860.481, prin e-mail : <\/em><a href=\"mailto:primaria@orasul-horezu.ro\"><em>primaria@orasul-horezu.ro<\/em><\/a><em> sau personal la sediul Prim\u0103riei ora\u015fului Horezu din strada 1 Decembrie, nr. 7-9, \u00a0persoan\u0103 de contact: Ogrezeanu Daniela \u2013 Consilier Rela\u0163ii cu publicul \u015fi comunicare, \u00een zilele lucr\u0103toare, \u00eentre orele 8,00 \u2013 16,00.<\/em><\/p>\n<p><em>O observatie sau o propunere poate include numele sau denumirea entitatii, datele de contact, identificarea terenului sau a zonei vizate, descrierea observatiei ori \u00a0a propunerii, argumentele invocate si eventualele anexe.<\/em><\/p>\n<p>Documenta\u021bia\u00a0 poate fi consultat\u0103 pe pagina de internet a institu\u021biei, la <a href=\"http:\/\/www.orasul-horezu.ro\">www.orasul-horezu.ro<\/a>, sectiunea Consultari publice si la <a href=\"http:\/\/www.orasul-horezu.ro\">www.orasul-horezu.ro<\/a>, Sec\u021biunea Consiliul local \u2013 \u201e Proiecte de hotarari \u201d , ori la sediul prim\u0103riei din strada 1 Decembrie, nr.9, Serviciul-Arhitect Sef- dl Draganescu Robert, tel. 0250.860.190(interior 116)<\/p>\n<p>Publicului i se pun la dispozitie parti scrise, parti desenate si materiale auxiliare de orientare.<\/p>\n<p>Partile scrise includ\u00a0 memoriu general, memoriu de sinteza, Regulament Local de Urbanism si alte documente relevante.<\/p>\n<p>Partile desenate includ planse generale, planse tematice, planse de reglementari si alte reprezentari grafice relevante pentru intelegerea documentatiei.Materialele desenate privesc relatiile teritoriale, incadrarea in teritoriu, riscurile naturale si antropice, analizele functionale, zonificarea functionala, infrastructura, patrimoniul si alte teme utile consultarii publice.<\/p>\n<p>Materialele auxiliare includ prezentari sintetice, ghiduri de lectura, intrebari frecvente, formulare pentru observatii, harti simplificate, chestionare etc.<\/p>\n<p>Proiectul de act normativ se poate ob\u021bine \u00een copie, pe baz\u0103 de cerere depus\u0103 la biroul de rela\u021bii cu publicul al institu\u021biei, persoan\u0103 de contact: Ogrezeanu Daniela, e-mail: <a href=\"mailto:primaria@orasul-horezu.ro\">primaria@orasul-horezu.ro<\/a>, fax: 0250.860.481, tel. 0250.860.1909-interior118.<\/p>\n<p>Materialele transmise vor purta men\u021biunea: \u201ePropuneri privind dezbaterea proiectului de hot\u0103r\u00e2re cu privire la aprobarea ,, Planului Urbanistic General al orasului Horezu si a Regulamentului Local de Urbanism, actualizat\u2019\u2019. Propunerile trimise vor fi publicate pe pagina de internet a institu\u021biei, <a href=\"http:\/\/www.orasul-horezu.ro\">www.orasul-horezu.ro<\/a>, la Sec\u021biunea \u201eTransparenta decizionala\u201d. Nepreluarea recomand\u0103rilor formulate \u015fi \u00eenaintate \u00een scris va fi justificat\u0103 printr-un document ce va fi publicat la aceea\u0219i sec\u021biune.<\/p>\n<p>Pentru cei interesa\u021bi exist\u0103 \u0219i posibilitatea organiz\u0103rii unei \u00eent\u00e2lniri \u00een care s\u0103 se dezbat\u0103 public proiectul de act normativ, dac\u0103 acest lucru este cerut \u00een scris de c\u0103tre o asocia\u0163ie legal constituit\u0103 sau de c\u0103tre o alt\u0103 autoritate public\u0103 p\u00e2n\u0103 la data de 17 \u00a0aprilie \u00a02026, orele 16,00.<\/p>\n<p>Pentru informa\u021bii suplimentare, v\u0103 st\u0103m la dispozi\u021bie la telefon: 0260.860.190(interior 116) e-mail: <a href=\"mailto:primaria@ora%C8%99ul-horezu.ro\">primaria@ora\u0219ul-horezu.ro<\/a>,\u00a0 persoan\u0103 de contact: dl Draganescu Robert \u2013 Arhitect Sef.<\/p>\n<p>\u00a0<\/p>\n<div class=\"sharedaddy sd-sharing-enabled\">\n<div class=\"robots-nocontent sd-block sd-social sd-social-official sd-sharing\">\n<h3 class=\"sd-title\">Distribuie pe:<\/h3>\n<div class=\"sd-content\">\n<ul>\n<li class=\"share-facebook\">\n<li class=\"share-twitter\"><a href=\"https:\/\/twitter.com\/share\" class=\"twitter-share-button\" data-url=\"https:\/\/www.curierul.ro\/horezenii-sunt-invitati-la-consultare-publica-pentru-pug-ul-orasului\/\" data-text=\"Horezenii sunt invita\u021bi la consultare public\u0103 pentru PUG-ul ora\u0219ului\" data-via=\"curierulvl\">Tweet<\/a><\/li>\n<li class=\"share-jetpack-whatsapp\"><a rel=\"nofollow noopener noreferrer\" data-shared=\"sharing-whatsapp-196659\" class=\"share-jetpack-whatsapp sd-button\" href=\"https:\/\/www.curierul.ro\/horezenii-sunt-invitati-la-consultare-publica-pentru-pug-ul-orasului\/?share=jetpack-whatsapp\" target=\"_blank\" aria-labelledby=\"sharing-whatsapp-196659\"><span id=\"sharing-whatsapp-196659\" hidden>Partajeaz\u0103 prin WhatsApp(Se deschide \u00eentr-o fereastr\u0103 nou\u0103)<\/span><span>WhatsApp<\/span><\/a><\/li>\n<li><a href=\"https:\/\/www.curierul.ro\/horezenii-sunt-invitati-la-consultare-publica-pentru-pug-ul-orasului\/\" class=\"sharing-anchor sd-button share-more\"><span>Mai mult<\/span><\/a><\/li>\n<li class=\"share-end\"><\/ul>\n<div class=\"sharing-hidden\">\n<div class=\"inner\">\n<ul>\n<li class=\"share-email\"><a rel=\"nofollow noopener noreferrer\" data-shared=\"sharing-email-196659\" class=\"share-email sd-button\" href=\"mailto:?subject=%5BArticol%20partajat%5D%20Horezenii%20sunt%20invita%C8%9Bi%20la%20consultare%20public%C4%83%20pentru%20PUG-ul%20ora%C8%99ului&amp;body=https%3A%2F%2Fwww.curierul.ro%2Fhorezenii-sunt-invitati-la-consultare-publica-pentru-pug-ul-orasului%2F&amp;share=email\" target=\"_blank\" aria-labelledby=\"sharing-email-196659\" data-email-share-error-title=\"\u021ai-ai configurat emailul?\" data-email-share-error-text=\"Dac\u0103 ai probleme la partajarea prin email, probabil nu ai configurat emailul pentru navigator. Poate trebuie s\u0103 creezi singur un email nou.\" data-email-share-nonce=\"3009de8ba2\" data-email-share-track-url=\"https:\/\/www.curierul.ro\/horezenii-sunt-invitati-la-consultare-publica-pentru-pug-ul-orasului\/?share=email\"><span id=\"sharing-email-196659\" hidden>Trimite unui prieten un email cu o leg\u0103tur\u0103(Se deschide \u00eentr-o fereastr\u0103 nou\u0103)<\/span><span>Email<\/span><\/a><\/li>\n<li class=\"share-print\"><a rel=\"nofollow noopener noreferrer\" data-shared=\"sharing-print-196659\" class=\"share-print sd-button\" href=\"https:\/\/www.curierul.ro\/horezenii-sunt-invitati-la-consultare-publica-pentru-pug-ul-orasului\/#print?share=print\" target=\"_blank\" aria-labelledby=\"sharing-print-196659\"><span id=\"sharing-print-196659\" hidden>Imprimare(Se deschide \u00eentr-o fereastr\u0103 nou\u0103)<\/span><span>Imprimare<\/span><\/a><\/li>\n<li class=\"share-end\"><\/ul>\n<\/div>\n<\/div>\n<\/div>\n<\/div>\n<\/div>\n<div id=\"jp-relatedposts\" class=\"jp-relatedposts\">\n<h3 class=\"jp-relatedposts-headline\"><em>Similare<\/em><\/h3>\n<\/div>\n<footer class=\"post-footer\">\n<p class=\"tags\"><strong>Tags: <\/strong><a href=\"https:\/\/www.curierul.ro\/tag\/consultare-publica\/\" rel=\"tag\">consultare public\u0103<\/a>, <a href=\"https:\/\/www.curierul.ro\/tag\/horezenii\/\" rel=\"tag\">Horezenii<\/a>, <a href=\"https:\/\/www.curierul.ro\/tag\/invitati\/\" rel=\"tag\">invita\u021bi<\/a>, <a href=\"https:\/\/www.curierul.ro\/tag\/oras-horezu\/\" rel=\"tag\">Ora\u0219 Horezu<\/a>, <a href=\"https:\/\/www.curierul.ro\/tag\/pug\/\" rel=\"tag\">PUG<\/a><\/p>\n<div class=\"post-navigation clearfix\">\n<div class=\"previous-post\">\n<div class=\"featured-photo\"><img loading=\"lazy\" decoding=\"async\" width=\"1355\" height=\"1120\" src=\"https:\/\/i0.wp.com\/www.curierul.ro\/wp-content\/uploads\/2026\/03\/Tiger-gym-e1773650294161.jpg?fit=300%2C248&amp;ssl=1\" class=\"attachment-post-thumbnail size-post-thumbnail wp-post-image\" alt><\/div>\n<p class=\"paginate-title\">\u00ab\u00ab <a href=\"https:\/\/www.curierul.ro\/becali-victorie-prin-ko-impotriva-lui-stoica\/\" rel=\"prev\">Becali, victorie prin KO \u00eempotriva lui Stoica<\/a><\/p>\n<\/div>\n<div class=\"next-post\">\n<div class=\"featured-photo\"><img decoding=\"async\" width=\"735\" height=\"399\" src=\"https:\/\/i0.wp.com\/www.curierul.ro\/wp-content\/uploads\/2024\/03\/ITM-MUNCA.jpg?fit=300%2C163&amp;ssl=1\" class=\"attachment-post-thumbnail size-post-thumbnail wp-post-image\" alt loading=\"lazy\"><\/div>\n<p class=\"paginate-title\"><a href=\"https:\/\/www.curierul.ro\/s-a-redus-munca-la-negru-itm-valcea-a-descoperit-doar-doua-persoane-prestand-munca-nedeclarata\/\" rel=\"next\">S-a redus \u00abmunca la negru\u00bb. ITM V\u00e2lcea a descoperit doar dou\u0103 persoane prest\u00e2nd munc\u0103 nedeclarat\u0103<\/a> \u00bb\u00bb<\/p>\n<\/div>\n<\/div>\n<div id=\"comments\" class=\"comments-area\">\n<div id=\"respond\" class=\"comment-respond\">\n<h3 id=\"reply-title\" class=\"comment-reply-title\">Po\u021bi comenta aici<small><a rel=\"nofollow\" id=\"cancel-comment-reply-link\" href=\"https:\/\/www.curierul.ro\/horezenii-sunt-invitati-la-consultare-publica-pentru-pug-ul-orasului\/#respond\">Anuleaz\u0103 r\u0103spunsul<\/a><\/small><\/h3>\n<\/div>\n<p class=\"akismet_comment_form_privacy_notice\">Acest site folose\u0219te Akismet pentru a reduce spamul. <a href=\"https:\/\/akismet.com\/privacy\/\" target=\"_blank\" rel=\"nofollow noopener\">Afl\u0103 cum sunt procesate datele comentariilor tale<\/a>.<\/p>\n<\/div>\n<section class=\"related-stories\">\n<h2>Related Stories<\/h2>\n<div class=\"stories-container\">\n<article id=\"latest-195300\" class=\"story post-195300 post type-post status-publish format-standard has-post-thumbnail hentry category-actualitate category-economie category-politica tag-20956 tag-consultare-publica tag-impozite tag-primaria-horezu tag-stabilire tag-taxe-locale\">\n<div class=\"photo\"><img decoding=\"async\" width=\"735\" height=\"440\" src=\"https:\/\/i0.wp.com\/www.curierul.ro\/wp-content\/uploads\/2025\/11\/Primaria-Horezu-e1762263364590.jpg?fit=300%2C168&amp;ssl=1\" class=\"attachment-giornalismo-single size-giornalismo-single wp-post-image\" alt loading=\"lazy\"><\/div>\n<p class=\"headline\"><a href=\"https:\/\/www.curierul.ro\/primaria-horezu-incepe-consultarea-publica-pentru-stabilirea-impozitelor-si-taxelor-locale-pentru-anul-2026\/\">Prim\u0103ria Horezu \u00eencepe consultarea public\u0103 pentru stabilirea impozitelor \u0219i taxelor locale pentru anul 2026<\/a><\/p>\n<\/article>\n<article id=\"latest-192216\" class=\"story post-192216 post type-post status-publish format-standard has-post-thumbnail hentry category-actualitate category-politica tag-buget-2025 tag-consultare-publica tag-horezu\">\n<div class=\"photo\"><img decoding=\"async\" width=\"735\" height=\"440\" src=\"https:\/\/i0.wp.com\/www.curierul.ro\/wp-content\/uploads\/2023\/11\/HOREZU-PRIMARIE.jpg?fit=300%2C222&amp;ssl=1\" class=\"attachment-giornalismo-single size-giornalismo-single wp-post-image\" alt loading=\"lazy\"><\/div>\n<p class=\"headline\"><a href=\"https:\/\/www.curierul.ro\/primaria-horezu-incepe-consultarea-publica-pentru-bugetul-pe-anul-2025\/\">Prim\u0103ria Horezu \u00eencepe consultarea public\u0103 pentru bugetul pe anul 2025<\/a><\/p>\n<\/article>\n<article id=\"latest-190657\" class=\"story post-190657 post type-post status-publish format-standard has-post-thumbnail hentry category-actualitate category-politica tag-consultare-publica tag-i-2 tag-pozite tag-primaria-horezu tag-taxe-locale-2025\">\n<div class=\"photo\"><img decoding=\"async\" width=\"680\" height=\"440\" src=\"https:\/\/i0.wp.com\/www.curierul.ro\/wp-content\/uploads\/2023\/05\/prim-horezu.jpg?fit=300%2C225&amp;ssl=1\" class=\"attachment-giornalismo-single size-giornalismo-single wp-post-image\" alt loading=\"lazy\"><\/div>\n<p class=\"headline\"><a href=\"https:\/\/www.curierul.ro\/primaria-horezu-a-deschis-consultarea-publica-privind-stabilirea-impozitelor-si-taxelor-locale-pentru-anul-2025\/\">Prim\u0103ria Horezu a deschis consultarea public\u0103 privind stabilirea impozitelor \u0219i taxelor locale, pentru anul 2025<\/a><\/p>\n<\/article>\n<\/div>\n<\/section>\n<section class=\"latest-category clearfix\">\n<h2 class=\"title\">More Stories From Actualitate<\/h2>\n<div class=\"stories-container\">\n<article id=\"related-196679\" class=\"story post-196679 post type-post status-publish format-standard has-post-thumbnail hentry category-actualitate category-economie tag-20752 tag-afaceri tag-eisberg-romania tag-moajorat\">\n<div class=\"photo\"><img decoding=\"async\" width=\"735\" height=\"440\" src=\"https:\/\/i0.wp.com\/www.curierul.ro\/wp-content\/uploads\/2026\/03\/Sortare.jpeg?fit=300%2C125&amp;ssl=1\" class=\"attachment-giornalismo-single size-giornalismo-single wp-post-image\" alt loading=\"lazy\"><\/div>\n<p class=\"headline\"><a href=\"https:\/\/www.curierul.ro\/afacerile-eisberg-romania-s-au-majorat-cu-7-in-2025\/\">Afacerile Eisberg Rom\u00e2nia s-au majorat cu 7% \u00een 2025<\/a><\/p>\n<\/article>\n<article id=\"related-196663\" class=\"story post-196663 post type-post status-publish format-standard has-post-thumbnail hentry category-actualitate category-economie category-headlines category-politica tag-cinema-geo-saizescu tag-dezbatere-publici tag-pacanele\">\n<div class=\"photo\"><img decoding=\"async\" width=\"735\" height=\"440\" src=\"https:\/\/i0.wp.com\/www.curierul.ro\/wp-content\/uploads\/2026\/03\/PACANELE-scaled.jpg?fit=300%2C197&amp;ssl=1\" class=\"attachment-giornalismo-single size-giornalismo-single wp-post-image\" alt loading=\"lazy\"><\/div>\n<p class=\"headline\"><a href=\"https:\/\/www.curierul.ro\/pacanelele-ajung-la-cinema-geo-saizescu\/\">\u201eP\u0103c\u0103nelele\u201d \u00abajung\u00bb la Cinema \u201eGeo Saizescu\u201d<\/a><\/p>\n<\/article>\n<article id=\"related-196654\" class=\"story post-196654 post type-post status-publish format-standard has-post-thumbnail hentry category-actualitate category-fraze tag-lumea tag-marius-carbunescu-2 tag-schimba\">\n<div class=\"photo\"><img decoding=\"async\" width=\"530\" height=\"213\" src=\"https:\/\/i0.wp.com\/www.curierul.ro\/wp-content\/uploads\/2022\/08\/MARIUS-CARBUNESCU.jpg?fit=300%2C121&amp;ssl=1\" class=\"attachment-giornalismo-single size-giornalismo-single wp-post-image\" alt loading=\"lazy\"><\/div>\n<p class=\"headline\"><a href=\"https:\/\/www.curierul.ro\/lumea-se-schimba\/\">Lumea se schimb\u0103<\/a><\/p>\n<\/article>\n<\/div>\n<\/section>\n<section class=\"author-bio clearfix\">\n<div class=\"mug-shot\"><img decoding=\"async\" alt src=\"https:\/\/secure.gravatar.com\/avatar\/2a58d181c1d85262357d59db6fc29158130ca794fc45057783762a4c0eb9167f?s=96&amp;d=mm&amp;r=g\" class=\"avatar avatar-96 photo\" height=\"96\" width=\"96\" loading=\"lazy\"><\/div>\n<div class=\"author-info\">\n<p class=\"title\">About Curierul de Valcea, <\/p>\n<div class=\"author-social-area\"><a href=\"mailto:curierul@curierul.ro\"><span class=\"fal fa-envelope\"><span class=\"screen-reader-text\">Email the Author<\/span><\/span><\/a><\/div>\n<\/div>\n<\/section>\n<\/footer>\n<\/article>\n<article id=\"196659\" class=\"post-196659 post type-post status-publish format-standard has-post-thumbnail hentry category-actualitate category-politica tag-consultare-publica tag-horezenii tag-invitati tag-oras-horezu tag-pug\">\n<header class=\"post-header\">\n<ul class=\"breadcrumbs\">\n<li><a href=\"https:\/\/www.curierul.ro\">Home<\/a><\/li>\n<li class=\"breadcrumbs-active .category-actualitate\"><a href=\"https:\/\/www.curierul.ro\/index.php?cat=1615\">Actualitate<\/a><\/li>\n<li class=\"breadcrumbs-active .category-actualitate\">Horezenii sunt invita\u021bi la consultare public\u0103 pentru PUG-ul ora\u0219ului<\/li>\n<\/ul>\n<div class=\"featured-photo\"><img loading=\"lazy\" decoding=\"async\" width=\"1666\" height=\"935\" src=\"https:\/\/i0.wp.com\/www.curierul.ro\/wp-content\/uploads\/2025\/11\/Primaria-Horezu-e1762263364590.jpg?fit=300%2C168&amp;ssl=1\" class=\"attachment-single size-single wp-post-image\" alt><\/div>\n<h1 class=\"headline\">Horezenii sunt invita\u021bi la consultare public\u0103 pentru PUG-ul ora\u0219ului<\/h1>\n<p class=\"byline\">\n\t\tScris de<a href=\"https:\/\/www.curierul.ro\/author\/curierul\/\">Curierul de Valcea<\/a>, \t\t16 martie 2026\t\t\t\t<\/p>\n<hr>\n<\/header>\n<p><strong>Anun\u021b privind deschiderea consult\u0103rii publice<\/strong><\/p>\n<p>\u00cen 12 martie 2026, primarul ora\u0219ului Horezu, S\u0103rd\u0103rescu Nicolae, anun\u021b\u0103 deschiderea procesului de consultare public\u0103 privind urm\u0103torul proiect de act normativ: Hot\u0103r\u00e2re cu privire la aprobarea ,,Planului Urbanistic \u00a0General al orasului Horezu si a Regulamentului Local de Urbanism, actualizat\u201d.<\/p>\n<p>P\u00e2n\u0103 la data de 17 aprilie 2026 ora 16,00, persoanele fizice \u015fi juridice interesate, pot trimite \u00een scris contesta\u021bii, propuneri, sugestii, opinii cu valoare de recomandare privind proiectul de act normativ, prin urm\u0103toarele forme de comunicare; <em>prin po\u015ft\u0103 la adresa: Prim\u0103ria ora\u015fului Horezu, strada 1 Decembrie, nr.7, jude\u0163ul V\u00e2lcea, cod po\u015ftal 245800; prin fax la num\u0103rul 0250.860.481, prin e-mail : <\/em><a href=\"mailto:primaria@orasul-horezu.ro\"><em>primaria@orasul-horezu.ro<\/em><\/a><em> sau personal la sediul Prim\u0103riei ora\u015fului Horezu din strada 1 Decembrie, nr. 7-9, \u00a0persoan\u0103 de contact: Ogrezeanu Daniela \u2013 Consilier Rela\u0163ii cu publicul \u015fi comunicare, \u00een zilele lucr\u0103toare, \u00eentre orele 8,00 \u2013 16,00.<\/em><\/p>\n<p><em>O observatie sau o propunere poate include numele sau denumirea entitatii, datele de contact, identificarea terenului sau a zonei vizate, descrierea observatiei ori \u00a0a propunerii, argumentele invocate si eventualele anexe.<\/em><\/p>\n<p>Documenta\u021bia\u00a0 poate fi consultat\u0103 pe pagina de internet a institu\u021biei, la <a href=\"http:\/\/www.orasul-horezu.ro\">www.orasul-horezu.ro<\/a>, sectiunea Consultari publice si la <a href=\"http:\/\/www.orasul-horezu.ro\">www.orasul-horezu.ro<\/a>, Sec\u021biunea Consiliul local \u2013 \u201e Proiecte de hotarari \u201d , ori la sediul prim\u0103riei din strada 1 Decembrie, nr.9, Serviciul-Arhitect Sef- dl Draganescu Robert, tel. 0250.860.190(interior 116)<\/p>\n<p>Publicului i se pun la dispozitie parti scrise, parti desenate si materiale auxiliare de orientare.<\/p>\n<p>Partile scrise includ\u00a0 memoriu general, memoriu de sinteza, Regulament Local de Urbanism si alte documente relevante.<\/p>\n<p>Partile desenate includ planse generale, planse tematice, planse de reglementari si alte reprezentari grafice relevante pentru intelegerea documentatiei.Materialele desenate privesc relatiile teritoriale, incadrarea in teritoriu, riscurile naturale si antropice, analizele functionale, zonificarea functionala, infrastructura, patrimoniul si alte teme utile consultarii publice.<\/p>\n<p>Materialele auxiliare includ prezentari sintetice, ghiduri de lectura, intrebari frecvente, formulare pentru observatii, harti simplificate, chestionare etc.<\/p>\n<p>Proiectul de act normativ se poate ob\u021bine \u00een copie, pe baz\u0103 de cerere depus\u0103 la biroul de rela\u021bii cu publicul al institu\u021biei, persoan\u0103 de contact: Ogrezeanu Daniela, e-mail: <a href=\"mailto:primaria@orasul-horezu.ro\">primaria@orasul-horezu.ro<\/a>, fax: 0250.860.481, tel. 0250.860.1909-interior118.<\/p>\n<p>Materialele transmise vor purta men\u021biunea: \u201ePropuneri privind dezbaterea proiectului de hot\u0103r\u00e2re cu privire la aprobarea ,, Planului Urbanistic General al orasului Horezu si a Regulamentului Local de Urbanism, actualizat\u2019\u2019. Propunerile trimise vor fi publicate pe pagina de internet a institu\u021biei, <a href=\"http:\/\/www.orasul-horezu.ro\">www.orasul-horezu.ro<\/a>, la Sec\u021biunea \u201eTransparenta decizionala\u201d. Nepreluarea recomand\u0103rilor formulate \u015fi \u00eenaintate \u00een scris va fi justificat\u0103 printr-un document ce va fi publicat la aceea\u0219i sec\u021biune.<\/p>\n<p>Pentru cei interesa\u021bi exist\u0103 \u0219i posibilitatea organiz\u0103rii unei \u00eent\u00e2lniri \u00een care s\u0103 se dezbat\u0103 public proiectul de act normativ, dac\u0103 acest lucru este cerut \u00een scris de c\u0103tre o asocia\u0163ie legal constituit\u0103 sau de c\u0103tre o alt\u0103 autoritate public\u0103 p\u00e2n\u0103 la data de 17 \u00a0aprilie \u00a02026, orele 16,00.<\/p>\n<p>Pentru informa\u021bii suplimentare, v\u0103 st\u0103m la dispozi\u021bie la telefon: 0260.860.190(interior 116) e-mail: <a href=\"mailto:primaria@ora%C8%99ul-horezu.ro\">primaria@ora\u0219ul-horezu.ro<\/a>,\u00a0 persoan\u0103 de contact: dl Draganescu Robert \u2013 Arhitect Sef.<\/p>\n<p>\u00a0<\/p>\n<div class=\"sharedaddy sd-sharing-enabled\">\n<div class=\"robots-nocontent sd-block sd-social sd-social-official sd-sharing\">\n<h3 class=\"sd-title\">Distribuie pe:<\/h3>\n<div class=\"sd-content\">\n<ul>\n<li class=\"share-facebook\">\n<li class=\"share-twitter\"><a href=\"https:\/\/twitter.com\/share\" class=\"twitter-share-button\" data-url=\"https:\/\/www.curierul.ro\/horezenii-sunt-invitati-la-consultare-publica-pentru-pug-ul-orasului\/\" data-text=\"Horezenii sunt invita\u021bi la consultare public\u0103 pentru PUG-ul ora\u0219ului\" data-via=\"curierulvl\">Tweet<\/a><\/li>\n<li class=\"share-jetpack-whatsapp\"><a rel=\"nofollow noopener noreferrer\" data-shared=\"sharing-whatsapp-196659\" class=\"share-jetpack-whatsapp sd-button\" href=\"https:\/\/www.curierul.ro\/horezenii-sunt-invitati-la-consultare-publica-pentru-pug-ul-orasului\/?share=jetpack-whatsapp\" target=\"_blank\" aria-labelledby=\"sharing-whatsapp-196659\"><span id=\"sharing-whatsapp-196659\" hidden>Partajeaz\u0103 prin WhatsApp(Se deschide \u00eentr-o fereastr\u0103 nou\u0103)<\/span><span>WhatsApp<\/span><\/a><\/li>\n<li><a href=\"https:\/\/www.curierul.ro\/horezenii-sunt-invitati-la-consultare-publica-pentru-pug-ul-orasului\/\" class=\"sharing-anchor sd-button share-more\"><span>Mai mult<\/span><\/a><\/li>\n<li class=\"share-end\"><\/ul>\n<div class=\"sharing-hidden\">\n<div class=\"inner\">\n<ul>\n<li class=\"share-email\"><a rel=\"nofollow noopener noreferrer\" data-shared=\"sharing-email-196659\" class=\"share-email sd-button\" href=\"mailto:?subject=%5BArticol%20partajat%5D%20Horezenii%20sunt%20invita%C8%9Bi%20la%20consultare%20public%C4%83%20pentru%20PUG-ul%20ora%C8%99ului&amp;body=https%3A%2F%2Fwww.curierul.ro%2Fhorezenii-sunt-invitati-la-consultare-publica-pentru-pug-ul-orasului%2F&amp;share=email\" target=\"_blank\" aria-labelledby=\"sharing-email-196659\" data-email-share-error-title=\"\u021ai-ai configurat emailul?\" data-email-share-error-text=\"Dac\u0103 ai probleme la partajarea prin email, probabil nu ai configurat emailul pentru navigator. Poate trebuie s\u0103 creezi singur un email nou.\" data-email-share-nonce=\"3009de8ba2\" data-email-share-track-url=\"https:\/\/www.curierul.ro\/horezenii-sunt-invitati-la-consultare-publica-pentru-pug-ul-orasului\/?share=email\"><span id=\"sharing-email-196659\" hidden>Trimite unui prieten un email cu o leg\u0103tur\u0103(Se deschide \u00eentr-o fereastr\u0103 nou\u0103)<\/span><span>Email<\/span><\/a><\/li>\n<li class=\"share-print\"><a rel=\"nofollow noopener noreferrer\" data-shared=\"sharing-print-196659\" class=\"share-print sd-button\" href=\"https:\/\/www.curierul.ro\/horezenii-sunt-invitati-la-consultare-publica-pentru-pug-ul-orasului\/#print?share=print\" target=\"_blank\" aria-labelledby=\"sharing-print-196659\"><span id=\"sharing-print-196659\" hidden>Imprimare(Se deschide \u00eentr-o fereastr\u0103 nou\u0103)<\/span><span>Imprimare<\/span><\/a><\/li>\n<li class=\"share-end\"><\/ul>\n<\/div>\n<\/div>\n<\/div>\n<\/div>\n<\/div>\n<div id=\"jp-relatedposts\" class=\"jp-relatedposts\">\n<h3 class=\"jp-relatedposts-headline\"><em>Similare<\/em><\/h3>\n<\/div>\n<footer class=\"post-footer\">\n<p class=\"tags\"><strong>Tags: <\/strong><a href=\"https:\/\/www.curierul.ro\/tag\/consultare-publica\/\" rel=\"tag\">consultare public\u0103<\/a>, <a href=\"https:\/\/www.curierul.ro\/tag\/horezenii\/\" rel=\"tag\">Horezenii<\/a>, <a href=\"https:\/\/www.curierul.ro\/tag\/invitati\/\" rel=\"tag\">invita\u021bi<\/a>, <a href=\"https:\/\/www.curierul.ro\/tag\/oras-horezu\/\" rel=\"tag\">Ora\u0219 Horezu<\/a>, <a href=\"https:\/\/www.curierul.ro\/tag\/pug\/\" rel=\"tag\">PUG<\/a><\/p>\n<div class=\"post-navigation clearfix\">\n<div class=\"previous-post\">\n<div class=\"featured-photo\"><img loading=\"lazy\" decoding=\"async\" width=\"1355\" height=\"1120\" src=\"https:\/\/i0.wp.com\/www.curierul.ro\/wp-content\/uploads\/2026\/03\/Tiger-gym-e1773650294161.jpg?fit=300%2C248&amp;ssl=1\" class=\"attachment-post-thumbnail size-post-thumbnail wp-post-image\" alt><\/div>\n<p class=\"paginate-title\">\u00ab\u00ab <a href=\"https:\/\/www.curierul.ro\/becali-victorie-prin-ko-impotriva-lui-stoica\/\" rel=\"prev\">Becali, victorie prin KO \u00eempotriva lui Stoica<\/a><\/p>\n<\/div>\n<div class=\"next-post\">\n<div class=\"featured-photo\"><img decoding=\"async\" width=\"735\" height=\"399\" src=\"https:\/\/i0.wp.com\/www.curierul.ro\/wp-content\/uploads\/2024\/03\/ITM-MUNCA.jpg?fit=300%2C163&amp;ssl=1\" class=\"attachment-post-thumbnail size-post-thumbnail wp-post-image\" alt loading=\"lazy\"><\/div>\n<p class=\"paginate-title\"><a href=\"https:\/\/www.curierul.ro\/s-a-redus-munca-la-negru-itm-valcea-a-descoperit-doar-doua-persoane-prestand-munca-nedeclarata\/\" rel=\"next\">S-a redus \u00abmunca la negru\u00bb. ITM V\u00e2lcea a descoperit doar dou\u0103 persoane prest\u00e2nd munc\u0103 nedeclarat\u0103<\/a> \u00bb\u00bb<\/p>\n<\/div>\n<\/div>\n<div id=\"comments\" class=\"comments-area\">\n<div id=\"respond\" class=\"comment-respond\">\n<h3 id=\"reply-title\" class=\"comment-reply-title\">Po\u021bi comenta aici<small><a rel=\"nofollow\" id=\"cancel-comment-reply-link\" href=\"https:\/\/www.curierul.ro\/horezenii-sunt-invitati-la-consultare-publica-pentru-pug-ul-orasului\/#respond\">Anuleaz\u0103 r\u0103spunsul<\/a><\/small><\/h3>\n<\/div>\n<p class=\"akismet_comment_form_privacy_notice\">Acest site folose\u0219te Akismet pentru a reduce spamul. <a href=\"https:\/\/akismet.com\/privacy\/\" target=\"_blank\" rel=\"nofollow noopener\">Afl\u0103 cum sunt procesate datele comentariilor tale<\/a>.<\/p>\n<\/div>\n<section class=\"related-stories\">\n<h2>Related Stories<\/h2>\n<div class=\"stories-container\">\n<article id=\"latest-195300\" class=\"story post-195300 post type-post status-publish format-standard has-post-thumbnail hentry category-actualitate category-economie category-politica tag-20956 tag-consultare-publica tag-impozite tag-primaria-horezu tag-stabilire tag-taxe-locale\">\n<div class=\"photo\"><img decoding=\"async\" width=\"735\" height=\"440\" src=\"https:\/\/i0.wp.com\/www.curierul.ro\/wp-content\/uploads\/2025\/11\/Primaria-Horezu-e1762263364590.jpg?fit=300%2C168&amp;ssl=1\" class=\"attachment-giornalismo-single size-giornalismo-single wp-post-image\" alt loading=\"lazy\"><\/div>\n<p class=\"headline\"><a href=\"https:\/\/www.curierul.ro\/primaria-horezu-incepe-consultarea-publica-pentru-stabilirea-impozitelor-si-taxelor-locale-pentru-anul-2026\/\">Prim\u0103ria Horezu \u00eencepe consultarea public\u0103 pentru stabilirea impozitelor \u0219i taxelor locale pentru anul 2026<\/a><\/p>\n<\/article>\n<article id=\"latest-192216\" class=\"story post-192216 post type-post status-publish format-standard has-post-thumbnail hentry category-actualitate category-politica tag-buget-2025 tag-consultare-publica tag-horezu\">\n<div class=\"photo\"><img decoding=\"async\" width=\"735\" height=\"440\" src=\"https:\/\/i0.wp.com\/www.curierul.ro\/wp-content\/uploads\/2023\/11\/HOREZU-PRIMARIE.jpg?fit=300%2C222&amp;ssl=1\" class=\"attachment-giornalismo-single size-giornalismo-single wp-post-image\" alt loading=\"lazy\"><\/div>\n<p class=\"headline\"><a href=\"https:\/\/www.curierul.ro\/primaria-horezu-incepe-consultarea-publica-pentru-bugetul-pe-anul-2025\/\">Prim\u0103ria Horezu \u00eencepe consultarea public\u0103 pentru bugetul pe anul 2025<\/a><\/p>\n<\/article>\n<article id=\"latest-190657\" class=\"story post-190657 post type-post status-publish format-standard has-post-thumbnail hentry category-actualitate category-politica tag-consultare-publica tag-i-2 tag-pozite tag-primaria-horezu tag-taxe-locale-2025\">\n<div class=\"photo\"><img decoding=\"async\" width=\"680\" height=\"440\" src=\"https:\/\/i0.wp.com\/www.curierul.ro\/wp-content\/uploads\/2023\/05\/prim-horezu.jpg?fit=300%2C225&amp;ssl=1\" class=\"attachment-giornalismo-single size-giornalismo-single wp-post-image\" alt loading=\"lazy\"><\/div>\n<p class=\"headline\"><a href=\"https:\/\/www.curierul.ro\/primaria-horezu-a-deschis-consultarea-publica-privind-stabilirea-impozitelor-si-taxelor-locale-pentru-anul-2025\/\">Prim\u0103ria Horezu a deschis consultarea public\u0103 privind stabilirea impozitelor \u0219i taxelor locale, pentru anul 2025<\/a><\/p>\n<\/article>\n<\/div>\n<\/section>\n<section class=\"latest-category clearfix\">\n<h2 class=\"title\">More Stories From Actualitate<\/h2>\n<div class=\"stories-container\">\n<article id=\"related-196679\" class=\"story post-196679 post type-post status-publish format-standard has-post-thumbnail hentry category-actualitate category-economie tag-20752 tag-afaceri tag-eisberg-romania tag-moajorat\">\n<div class=\"photo\"><img decoding=\"async\" width=\"735\" height=\"440\" src=\"https:\/\/i0.wp.com\/www.curierul.ro\/wp-content\/uploads\/2026\/03\/Sortare.jpeg?fit=300%2C125&amp;ssl=1\" class=\"attachment-giornalismo-single size-giornalismo-single wp-post-image\" alt loading=\"lazy\"><\/div>\n<p class=\"headline\"><a href=\"https:\/\/www.curierul.ro\/afacerile-eisberg-romania-s-au-majorat-cu-7-in-2025\/\">Afacerile Eisberg Rom\u00e2nia s-au majorat cu 7% \u00een 2025<\/a><\/p>\n<\/article>\n<article id=\"related-196663\" class=\"story post-196663 post type-post status-publish format-standard has-post-thumbnail hentry category-actualitate category-economie category-headlines category-politica tag-cinema-geo-saizescu tag-dezbatere-publici tag-pacanele\">\n<div class=\"photo\"><img decoding=\"async\" width=\"735\" height=\"440\" src=\"https:\/\/i0.wp.com\/www.curierul.ro\/wp-content\/uploads\/2026\/03\/PACANELE-scaled.jpg?fit=300%2C197&amp;ssl=1\" class=\"attachment-giornalismo-single size-giornalismo-single wp-post-image\" alt loading=\"lazy\"><\/div>\n<p class=\"headline\"><a href=\"https:\/\/www.curierul.ro\/pacanelele-ajung-la-cinema-geo-saizescu\/\">\u201eP\u0103c\u0103nelele\u201d \u00abajung\u00bb la Cinema \u201eGeo Saizescu\u201d<\/a><\/p>\n<\/article>\n<article id=\"related-196654\" class=\"story post-196654 post type-post status-publish format-standard has-post-thumbnail hentry category-actualitate category-fraze tag-lumea tag-marius-carbunescu-2 tag-schimba\">\n<div class=\"photo\"><img decoding=\"async\" width=\"530\" height=\"213\" src=\"https:\/\/i0.wp.com\/www.curierul.ro\/wp-content\/uploads\/2022\/08\/MARIUS-CARBUNESCU.jpg?fit=300%2C121&amp;ssl=1\" class=\"attachment-giornalismo-single size-giornalismo-single wp-post-image\" alt loading=\"lazy\"><\/div>\n<p class=\"headline\"><a href=\"https:\/\/www.curierul.ro\/lumea-se-schimba\/\">Lumea se schimb\u0103<\/a><\/p>\n<\/article>\n<\/div>\n<\/section>\n<section class=\"author-bio clearfix\">\n<div class=\"mug-shot\"><img decoding=\"async\" alt src=\"https:\/\/secure.gravatar.com\/avatar\/2a58d181c1d85262357d59db6fc29158130ca794fc45057783762a4c0eb9167f?s=96&amp;d=mm&amp;r=g\" class=\"avatar avatar-96 photo\" height=\"96\" width=\"96\" loading=\"lazy\"><\/div>\n<div class=\"author-info\">\n<p class=\"title\">About Curierul de Valcea, <\/p>\n<div class=\"author-social-area\"><a href=\"mailto:curierul@curierul.ro\"><span class=\"fal fa-envelope\"><span class=\"screen-reader-text\">Email the Author<\/span><\/span><\/a><\/div>\n<\/div>\n<\/section>\n<\/footer>\n<\/article>\n<article id=\"latest-195300\" class=\"story post-195300 post type-post status-publish format-standard has-post-thumbnail hentry category-actualitate category-economie category-politica tag-20956 tag-consultare-publica tag-impozite tag-primaria-horezu tag-stabilire tag-taxe-locale\">\n<div class=\"photo\"><img decoding=\"async\" width=\"735\" height=\"440\" src=\"https:\/\/i0.wp.com\/www.curierul.ro\/wp-content\/uploads\/2025\/11\/Primaria-Horezu-e1762263364590.jpg?fit=300%2C168&amp;ssl=1\" class=\"attachment-giornalismo-single size-giornalismo-single wp-post-image\" alt loading=\"lazy\"><\/div>\n<p class=\"headline\"><a href=\"https:\/\/www.curierul.ro\/primaria-horezu-incepe-consultarea-publica-pentru-stabilirea-impozitelor-si-taxelor-locale-pentru-anul-2026\/\">Prim\u0103ria Horezu \u00eencepe consultarea public\u0103 pentru stabilirea impozitelor \u0219i taxelor locale pentru anul 2026<\/a><\/p>\n<\/article>\n<article id=\"latest-192216\" class=\"story post-192216 post type-post status-publish format-standard has-post-thumbnail hentry category-actualitate category-politica tag-buget-2025 tag-consultare-publica tag-horezu\">\n<div class=\"photo\"><img decoding=\"async\" width=\"735\" height=\"440\" src=\"https:\/\/i0.wp.com\/www.curierul.ro\/wp-content\/uploads\/2023\/11\/HOREZU-PRIMARIE.jpg?fit=300%2C222&amp;ssl=1\" class=\"attachment-giornalismo-single size-giornalismo-single wp-post-image\" alt loading=\"lazy\"><\/div>\n<p class=\"headline\"><a href=\"https:\/\/www.curierul.ro\/primaria-horezu-incepe-consultarea-publica-pentru-bugetul-pe-anul-2025\/\">Prim\u0103ria Horezu \u00eencepe consultarea public\u0103 pentru bugetul pe anul 2025<\/a><\/p>\n<\/article>\n<article id=\"latest-190657\" class=\"story post-190657 post type-post status-publish format-standard has-post-thumbnail hentry category-actualitate category-politica tag-consultare-publica tag-i-2 tag-pozite tag-primaria-horezu tag-taxe-locale-2025\">\n<div class=\"photo\"><img decoding=\"async\" width=\"680\" height=\"440\" src=\"https:\/\/i0.wp.com\/www.curierul.ro\/wp-content\/uploads\/2023\/05\/prim-horezu.jpg?fit=300%2C225&amp;ssl=1\" class=\"attachment-giornalismo-single size-giornalismo-single wp-post-image\" alt loading=\"lazy\"><\/div>\n<p class=\"headline\"><a href=\"https:\/\/www.curierul.ro\/primaria-horezu-a-deschis-consultarea-publica-privind-stabilirea-impozitelor-si-taxelor-locale-pentru-anul-2025\/\">Prim\u0103ria Horezu a deschis consultarea public\u0103 privind stabilirea impozitelor \u0219i taxelor locale, pentru anul 2025<\/a><\/p>\n<\/article>\n<article id=\"related-196679\" class=\"story post-196679 post type-post status-publish format-standard has-post-thumbnail hentry category-actualitate category-economie tag-20752 tag-afaceri tag-eisberg-romania tag-moajorat\">\n<div class=\"photo\"><img decoding=\"async\" width=\"735\" height=\"440\" src=\"https:\/\/i0.wp.com\/www.curierul.ro\/wp-content\/uploads\/2026\/03\/Sortare.jpeg?fit=300%2C125&amp;ssl=1\" class=\"attachment-giornalismo-single size-giornalismo-single wp-post-image\" alt loading=\"lazy\"><\/div>\n<p class=\"headline\"><a href=\"https:\/\/www.curierul.ro\/afacerile-eisberg-romania-s-au-majorat-cu-7-in-2025\/\">Afacerile Eisberg Rom\u00e2nia s-au majorat cu 7% \u00een 2025<\/a><\/p>\n<\/article>\n<article id=\"related-196663\" class=\"story post-196663 post type-post status-publish format-standard has-post-thumbnail hentry category-actualitate category-economie category-headlines category-politica tag-cinema-geo-saizescu tag-dezbatere-publici tag-pacanele\">\n<div class=\"photo\"><img decoding=\"async\" width=\"735\" height=\"440\" src=\"https:\/\/i0.wp.com\/www.curierul.ro\/wp-content\/uploads\/2026\/03\/PACANELE-scaled.jpg?fit=300%2C197&amp;ssl=1\" class=\"attachment-giornalismo-single size-giornalismo-single wp-post-image\" alt loading=\"lazy\"><\/div>\n<p class=\"headline\"><a href=\"https:\/\/www.curierul.ro\/pacanelele-ajung-la-cinema-geo-saizescu\/\">\u201eP\u0103c\u0103nelele\u201d \u00abajung\u00bb la Cinema \u201eGeo Saizescu\u201d<\/a><\/p>\n<\/article>\n<article id=\"related-196654\" class=\"story post-196654 post type-post status-publish format-standard has-post-thumbnail hentry category-actualitate category-fraze tag-lumea tag-marius-carbunescu-2 tag-schimba\">\n<div class=\"photo\"><img decoding=\"async\" width=\"530\" height=\"213\" src=\"https:\/\/i0.wp.com\/www.curierul.ro\/wp-content\/uploads\/2022\/08\/MARIUS-CARBUNESCU.jpg?fit=300%2C121&amp;ssl=1\" class=\"attachment-giornalismo-single size-giornalismo-single wp-post-image\" alt loading=\"lazy\"><\/div>\n<p class=\"headline\"><a href=\"https:\/\/www.curierul.ro\/lumea-se-schimba\/\">Lumea se schimb\u0103<\/a><\/p>\n<\/article>\n<p>[analyse_source url=&#8221;https:\/\/www.curierul.ro\/horezenii-sunt-invitati-la-consultare-publica-pentru-pug-ul-orasului\/&#8221;]<\/p>\n","protected":false},"excerpt":{"rendered":"<p>[analyse_image type=&#8221;featured&#8221; src=&#8221;https:\/\/www.curierul.ro\/wp-content\/uploads\/2025\/11\/Primaria-Horezu-e1762263364590.jpghttps:\/\/i0.wp.com\/www.curierul.ro\/wp-content\/uploads\/2025\/11\/Primaria-Horezu-e1762263364590.jpg?fit=1200%2C673&amp;ssl=1&#8243;] Home Actualitate Horezenii sunt invita\u021bi la consultare public\u0103 pentru PUG-ul ora\u0219ului Horezenii sunt invita\u021bi la consultare public\u0103 pentru PUG-ul ora\u0219ului Scris deCurierul de Valcea, 16 martie 2026 Anun\u021b privind deschiderea consult\u0103rii publice \u00cen 12 martie 2026, primarul ora\u0219ului Horezu, S\u0103rd\u0103rescu Nicolae, anun\u021b\u0103 deschiderea procesului de consultare public\u0103 privind urm\u0103torul proiect de act [&hellip;]<\/p>\n","protected":false},"author":1,"featured_media":0,"comment_status":"open","ping_status":"","sticky":false,"template":"","format":"standard","meta":{"footnotes":""},"categories":[89],"tags":[226,213],"class_list":["post-1832141","post","type-post","status-publish","format-standard","hentry","category-romania","tag-crawlmanager","tag-curierul-ro"],"_links":{"self":[{"href":"https:\/\/analyse.optim.biz\/index.php?rest_route=\/wp\/v2\/posts\/1832141","targetHints":{"allow":["GET"]}}],"collection":[{"href":"https:\/\/analyse.optim.biz\/index.php?rest_route=\/wp\/v2\/posts"}],"about":[{"href":"https:\/\/analyse.optim.biz\/index.php?rest_route=\/wp\/v2\/types\/post"}],"author":[{"embeddable":true,"href":"https:\/\/analyse.optim.biz\/index.php?rest_route=\/wp\/v2\/users\/1"}],"replies":[{"embeddable":true,"href":"https:\/\/analyse.optim.biz\/index.php?rest_route=%2Fwp%2Fv2%2Fcomments&post=1832141"}],"version-history":[{"count":0,"href":"https:\/\/analyse.optim.biz\/index.php?rest_route=\/wp\/v2\/posts\/1832141\/revisions"}],"wp:attachment":[{"href":"https:\/\/analyse.optim.biz\/index.php?rest_route=%2Fwp%2Fv2%2Fmedia&parent=1832141"}],"wp:term":[{"taxonomy":"category","embeddable":true,"href":"https:\/\/analyse.optim.biz\/index.php?rest_route=%2Fwp%2Fv2%2Fcategories&post=1832141"},{"taxonomy":"post_tag","embeddable":true,"href":"https:\/\/analyse.optim.biz\/index.php?rest_route=%2Fwp%2Fv2%2Ftags&post=1832141"}],"curies":[{"name":"wp","href":"https:\/\/api.w.org\/{rel}","templated":true}]}}