{"id":1832136,"date":"2026-03-16T06:44:42","date_gmt":"2026-03-16T03:44:42","guid":{"rendered":"https:\/\/analyse.optim.biz\/?p=1832136"},"modified":"2026-03-16T06:44:42","modified_gmt":"2026-03-16T03:44:42","slug":"de-astazifara-tir-uri-pe-valea-oltului","status":"publish","type":"post","link":"https:\/\/analyse.optim.biz\/?p=1832136","title":{"rendered":"De ast\u0103zi,F\u0103r\u0103 TIR-uri pe Valea Oltului"},"content":{"rendered":"<p>[analyse_image type=&#8221;featured&#8221; src=&#8221;https:\/\/www.curierul.ro\/wp-content\/uploads\/2020\/02\/VALEA-OLTULUI.jpghttps:\/\/i0.wp.com\/www.curierul.ro\/wp-content\/uploads\/2020\/02\/VALEA-OLTULUI.jpg?fit=576%2C400&amp;ssl=1&#8243;]<\/p>\n<article id=\"196652\" class=\"post-196652 post type-post status-publish format-standard has-post-thumbnail hentry category-actualitate category-headlines category-politie tag-dn7 tag-lucrari tag-restrictii tag-valea-oltului\">\n<header class=\"post-header\">\n<ul class=\"breadcrumbs\">\n<li><a href=\"https:\/\/www.curierul.ro\">Home<\/a><\/li>\n<li class=\"breadcrumbs-active .category-actualitate\"><a href=\"https:\/\/www.curierul.ro\/index.php?cat=1615\">Actualitate<\/a><\/li>\n<li class=\"breadcrumbs-active .category-actualitate\">De ast\u0103zi,<br \/>F\u0103r\u0103 TIR-uri pe Valea Oltului<\/li>\n<\/ul>\n<div class=\"featured-photo\"><img loading=\"lazy\" decoding=\"async\" width=\"576\" height=\"400\" src=\"https:\/\/i0.wp.com\/www.curierul.ro\/wp-content\/uploads\/2020\/02\/VALEA-OLTULUI.jpg?fit=300%2C208&amp;ssl=1\" class=\"attachment-single size-single wp-post-image\" alt><\/div>\n<h1 class=\"headline\">De ast\u0103zi,<br \/>F\u0103r\u0103 TIR-uri pe Valea Oltului<\/h1>\n<p class=\"byline\">\n\t\tScris de<a href=\"https:\/\/www.curierul.ro\/author\/comunicat-de-presa\/\">Comunicat de pres\u0103<\/a>, \t\t16 martie 2026\t\t\t\t<\/p>\n<hr>\n<\/header>\n<div>Din aceast\u0103 diminea\u021b\u0103, p\u00e2n\u0103 pe 15 iunie 2026, s-au instituit restric\u021bii de circula\u021bie pe DN 7, pentru desf\u0103\u0219urarea unor lucr\u0103ri de protec\u021bie a versan\u021bilor pe mai multe sectoare de drum.<\/div>\n<div>Lucr\u0103rile se vor desf\u0103\u0219ura pe sectorul DN 7 \u00eentre R\u00e2mnicu V\u00e2lcea \u0219i Boi\u021ba, \u00een zonele cuprinse \u00eentre kilometrii 198+200 \u2013 207+000, 216+000 \u2013 219+000, 224+000 \u2013 227+300 \u0219i 228+000 \u2013 233+200, fiind executate opera\u021biuni de r\u00e2nguire a versan\u021bilor, dislocarea blocurilor de roc\u0103, cur\u0103\u021barea taluzurilor de material instabil, montarea de plase ancorate \u0219i sisteme de protec\u021bie, precum \u0219i lucr\u0103ri de refacere a elementelor de consolidare.<\/div>\n<div>\u00cen acest context:<\/div>\n<div><span><em><strong>\u2022Circula\u021bia autovehiculelor cu masa total\u0103 maxim\u0103 autorizat\u0103 mai mare de 7,5 tone va fi \u00eenchis\u0103 pe DN 7, \u00eentre R\u00e2mnicu V\u00e2lcea \u0219i Ve\u0219tem, \u00een zilele de luni \u2013 s\u00e2mb\u0103t\u0103, \u00een intervalul orar 08:00 \u2013 17:30, traficul urm\u00e2nd a fi deviat pe rute ocolitoare stabilite de administratorul drumului.<\/strong><\/em><\/span><\/div>\n<div><span><em><strong>\u2022Autovehiculele cu MTMA de p\u00e2n\u0103 la 7,5 tone vor circula cu restric\u021bii pe sectoarele unde se execut\u0103 lucr\u0103ri, \u00een intervalul 08:00 \u2013 17:30, traficul put\u00e2nd fi \u00eenchis temporar sau desf\u0103\u0219urat alternativ, pe o singur\u0103 band\u0103, dirijat cu pilo\u021bi de trafic.<\/strong><\/em><\/span><\/div>\n<div>Pentru executarea lucr\u0103rilor de \u00eendep\u0103rtare a materialului pietros \u0219i dislocarea blocurilor de roc\u0103, circula\u021bia va fi oprit\u0103 temporar, dup\u0103 cum urmeaz\u0103:<\/div>\n<div>\u2022luni \u2013 vineri: reprize de maximum 30 de minute;<\/div>\n<div>\u2022s\u00e2mb\u0103ta: reprize de maximum 15 minute.<\/div>\n<div>Restric\u021biile nu se vor aplica duminica, \u00een zilele de s\u0103rb\u0103tori legale sau \u00een zilele declarate libere, cu excep\u021bia situa\u021biilor \u00een care sunt necesare interven\u021bii urgente pentru siguran\u021ba traficului.<\/div>\n<div>Poli\u021bi\u0219tii rutieri recomand\u0103 conduc\u0103torilor auto:<\/div>\n<div>\u2022s\u0103 respecte semnalizarea rutier\u0103 temporar\u0103 instituit\u0103 \u00een zonele de lucr\u0103ri;<\/div>\n<div>\u2022s\u0103 manifeste pruden\u021b\u0103 sporit\u0103 \u0219i s\u0103 adapteze viteza la condi\u021biile de drum;<\/div>\n<div>\u2022s\u0103 respecte indica\u021biile poli\u021bi\u0219tilor rutieri \u0219i ale pilo\u021bilor de trafic.<\/div>\n<div>Poli\u021bi\u0219tii rutieri vor desf\u0103\u0219ura verific\u0103ri pentru respectarea restric\u021biilor de circula\u021bie instituite pe DN 7, precum \u0219i pentru utilizarea rutelor alternative stabilite pentru traficul de mare tonaj.<\/div>\n<div>Inspectoratul de Poli\u021bie Jude\u021bean V\u00e2lcea va monitoriza permanent situa\u021bia traficului pentru asigurarea fluen\u021bei \u0219i siguran\u021bei circula\u021biei rutiere pe acest sector de drum.<\/div>\n<div class=\"sharedaddy sd-sharing-enabled\">\n<div class=\"robots-nocontent sd-block sd-social sd-social-official sd-sharing\">\n<h3 class=\"sd-title\">Distribuie pe:<\/h3>\n<div class=\"sd-content\">\n<ul>\n<li class=\"share-facebook\">\n<li class=\"share-twitter\"><a href=\"https:\/\/twitter.com\/share\" class=\"twitter-share-button\" data-url=\"https:\/\/www.curierul.ro\/de-astazifara-tir-uri-pe-valea-oltului\/\" data-text=\"De ast\u0103zi,F\u0103r\u0103 TIR-uri pe Valea Oltului\" data-via=\"curierulvl\">Tweet<\/a><\/li>\n<li class=\"share-jetpack-whatsapp\"><a rel=\"nofollow noopener noreferrer\" data-shared=\"sharing-whatsapp-196652\" class=\"share-jetpack-whatsapp sd-button\" href=\"https:\/\/www.curierul.ro\/de-astazifara-tir-uri-pe-valea-oltului\/?share=jetpack-whatsapp\" target=\"_blank\" aria-labelledby=\"sharing-whatsapp-196652\"><span id=\"sharing-whatsapp-196652\" hidden>Partajeaz\u0103 prin WhatsApp(Se deschide \u00eentr-o fereastr\u0103 nou\u0103)<\/span><span>WhatsApp<\/span><\/a><\/li>\n<li><a href=\"https:\/\/www.curierul.ro\/de-astazifara-tir-uri-pe-valea-oltului\/\" class=\"sharing-anchor sd-button share-more\"><span>Mai mult<\/span><\/a><\/li>\n<li class=\"share-end\"><\/ul>\n<div class=\"sharing-hidden\">\n<div class=\"inner\">\n<ul>\n<li class=\"share-email\"><a rel=\"nofollow noopener noreferrer\" data-shared=\"sharing-email-196652\" class=\"share-email sd-button\" href=\"mailto:?subject=%5BArticol%20partajat%5D%20De%20ast%C4%83zi%2CF%C4%83r%C4%83%20TIR-uri%20pe%20Valea%20Oltului&amp;body=https%3A%2F%2Fwww.curierul.ro%2Fde-astazifara-tir-uri-pe-valea-oltului%2F&amp;share=email\" target=\"_blank\" aria-labelledby=\"sharing-email-196652\" data-email-share-error-title=\"\u021ai-ai configurat emailul?\" data-email-share-error-text=\"Dac\u0103 ai probleme la partajarea prin email, probabil nu ai configurat emailul pentru navigator. Poate trebuie s\u0103 creezi singur un email nou.\" data-email-share-nonce=\"1878bc6137\" data-email-share-track-url=\"https:\/\/www.curierul.ro\/de-astazifara-tir-uri-pe-valea-oltului\/?share=email\"><span id=\"sharing-email-196652\" hidden>Trimite unui prieten un email cu o leg\u0103tur\u0103(Se deschide \u00eentr-o fereastr\u0103 nou\u0103)<\/span><span>Email<\/span><\/a><\/li>\n<li class=\"share-print\"><a rel=\"nofollow noopener noreferrer\" data-shared=\"sharing-print-196652\" class=\"share-print sd-button\" href=\"https:\/\/www.curierul.ro\/de-astazifara-tir-uri-pe-valea-oltului\/#print?share=print\" target=\"_blank\" aria-labelledby=\"sharing-print-196652\"><span id=\"sharing-print-196652\" hidden>Imprimare(Se deschide \u00eentr-o fereastr\u0103 nou\u0103)<\/span><span>Imprimare<\/span><\/a><\/li>\n<li class=\"share-end\"><\/ul>\n<\/div>\n<\/div>\n<\/div>\n<\/div>\n<\/div>\n<div id=\"jp-relatedposts\" class=\"jp-relatedposts\">\n<h3 class=\"jp-relatedposts-headline\"><em>Similare<\/em><\/h3>\n<\/div>\n<footer class=\"post-footer\">\n<p class=\"tags\"><strong>Tags: <\/strong><a href=\"https:\/\/www.curierul.ro\/tag\/dn7\/\" rel=\"tag\">DN7<\/a>, <a href=\"https:\/\/www.curierul.ro\/tag\/lucrari\/\" rel=\"tag\">lucrari<\/a>, <a href=\"https:\/\/www.curierul.ro\/tag\/restrictii\/\" rel=\"tag\">restric\u021bii<\/a>, <a href=\"https:\/\/www.curierul.ro\/tag\/valea-oltului\/\" rel=\"tag\">valea oltului<\/a><\/p>\n<div class=\"post-navigation clearfix\">\n<div class=\"previous-post\">\n<div class=\"featured-photo\"><img loading=\"lazy\" decoding=\"async\" width=\"1839\" height=\"1165\" src=\"https:\/\/i0.wp.com\/www.curierul.ro\/wp-content\/uploads\/2026\/03\/Argesti-Valcea-82-85.jpeg?fit=300%2C190&amp;ssl=1\" class=\"attachment-post-thumbnail size-post-thumbnail wp-post-image\" alt><\/div>\n<p class=\"paginate-title\">\u00ab\u00ab <a href=\"https:\/\/www.curierul.ro\/lnbmcs-valcea-1924-castiga-in-pitesti-arena-85-82-gabriel-ingerul-de-final\/\" rel=\"prev\">LNBM:<br \/>CS V\u00c2LCEA 1924 C\u00c2\u0218TIG\u0102 \u00ceN PITE\u0218TI ARENA, 85-82. GABRIEL, \u00ceNGERUL DE FINAL!<\/a><\/p>\n<\/div>\n<div class=\"next-post\">\n<div class=\"featured-photo\"><img decoding=\"async\" width=\"530\" height=\"213\" src=\"https:\/\/i0.wp.com\/www.curierul.ro\/wp-content\/uploads\/2022\/08\/MARIUS-CARBUNESCU.jpg?fit=300%2C121&amp;ssl=1\" class=\"attachment-post-thumbnail size-post-thumbnail wp-post-image\" alt loading=\"lazy\"><\/div>\n<p class=\"paginate-title\"><a href=\"https:\/\/www.curierul.ro\/lumea-se-schimba\/\" rel=\"next\">Lumea se schimb\u0103<\/a> \u00bb\u00bb<\/p>\n<\/div>\n<\/div>\n<div id=\"comments\" class=\"comments-area\">\n<div id=\"respond\" class=\"comment-respond\">\n<h3 id=\"reply-title\" class=\"comment-reply-title\">Po\u021bi comenta aici<small><a rel=\"nofollow\" id=\"cancel-comment-reply-link\" href=\"https:\/\/www.curierul.ro\/de-astazifara-tir-uri-pe-valea-oltului\/#respond\">Anuleaz\u0103 r\u0103spunsul<\/a><\/small><\/h3>\n<\/div>\n<p class=\"akismet_comment_form_privacy_notice\">Acest site folose\u0219te Akismet pentru a reduce spamul. <a href=\"https:\/\/akismet.com\/privacy\/\" target=\"_blank\" rel=\"nofollow noopener\">Afl\u0103 cum sunt procesate datele comentariilor tale<\/a>.<\/p>\n<\/div>\n<section class=\"related-stories\">\n<h2>Related Stories<\/h2>\n<div class=\"stories-container\">\n<article id=\"latest-193890\" class=\"story post-193890 post type-post status-publish format-standard has-post-thumbnail hentry category-ceasul-rau category-headlines category-isu category-politie category-social tag-accident-circulatie tag-dn7 tag-mortale tag-racovita-2\">\n<div class=\"photo\"><img decoding=\"async\" width=\"735\" height=\"440\" src=\"https:\/\/i0.wp.com\/www.curierul.ro\/wp-content\/uploads\/2025\/07\/accident-Racovita.jpeg?fit=300%2C225&amp;ssl=1\" class=\"attachment-giornalismo-single size-giornalismo-single wp-post-image\" alt loading=\"lazy\"><\/div>\n<p class=\"headline\"><a href=\"https:\/\/www.curierul.ro\/dn-7-racovita-2-accidente-ambele-mortale\/\">DN 7, Racovi\u021ba \u2013 2 accidente, ambele mortale<\/a><\/p>\n<\/article>\n<article id=\"latest-190453\" class=\"story post-190453 post type-post status-publish format-standard has-post-thumbnail hentry category-ceasul-rau category-isu category-social tag-cauciucuri tag-dn7 tag-incendiu tag-pericol\">\n<div class=\"photo\"><img decoding=\"async\" width=\"735\" height=\"440\" src=\"https:\/\/i0.wp.com\/www.curierul.ro\/wp-content\/uploads\/2024\/10\/incendiu-DN7.jpeg?fit=225%2C300&amp;ssl=1\" class=\"attachment-giornalismo-single size-giornalismo-single wp-post-image\" alt loading=\"lazy\"><\/div>\n<p class=\"headline\"><a href=\"https:\/\/www.curierul.ro\/1000-de-cauciucuri-au-ars-ca-o-torta-pensiunea-alex-in-pericol\/\">1000 de cauciucuri au ars ca o tor\u021b\u0103. Pensiunea Alex, \u00een pericol!<\/a><\/p>\n<\/article>\n<article id=\"latest-188810\" class=\"story post-188810 post type-post status-publish format-standard has-post-thumbnail hentry category-actualitate category-eveniment-social category-impact category-politica category-social tag-centura-ocolitoare tag-cj-valcea tag-constantin-radulescu tag-dn7 tag-presedinte-cj-valcea-2\">\n<div class=\"photo\"><img decoding=\"async\" width=\"735\" height=\"440\" src=\"https:\/\/i0.wp.com\/www.curierul.ro\/wp-content\/uploads\/2024\/06\/IMG-20240605-WA0007.jpg?fit=300%2C195&amp;ssl=1\" class=\"attachment-giornalismo-single size-giornalismo-single wp-post-image\" alt loading=\"lazy\"><\/div>\n<p class=\"headline\"><a href=\"https:\/\/www.curierul.ro\/incep-lucrarile-pe-dj-703-l-varianta-ocolitoare-a-ramnicului\/\">\u00cencep lucr\u0103rile pe DJ 703 L, varianta ocolitoare a R\u00e2mnicului!<\/a><\/p>\n<\/article>\n<\/div>\n<\/section>\n<section class=\"latest-category clearfix\">\n<h2 class=\"title\">More Stories From Actualitate<\/h2>\n<div class=\"stories-container\">\n<article id=\"related-196679\" class=\"story post-196679 post type-post status-publish format-standard has-post-thumbnail hentry category-actualitate category-economie tag-20752 tag-afaceri tag-eisberg-romania tag-moajorat\">\n<div class=\"photo\"><img decoding=\"async\" width=\"735\" height=\"440\" src=\"https:\/\/i0.wp.com\/www.curierul.ro\/wp-content\/uploads\/2026\/03\/Sortare.jpeg?fit=300%2C125&amp;ssl=1\" class=\"attachment-giornalismo-single size-giornalismo-single wp-post-image\" alt loading=\"lazy\"><\/div>\n<p class=\"headline\"><a href=\"https:\/\/www.curierul.ro\/afacerile-eisberg-romania-s-au-majorat-cu-7-in-2025\/\">Afacerile Eisberg Rom\u00e2nia s-au majorat cu 7% \u00een 2025<\/a><\/p>\n<\/article>\n<article id=\"related-196663\" class=\"story post-196663 post type-post status-publish format-standard has-post-thumbnail hentry category-actualitate category-economie category-headlines category-politica tag-cinema-geo-saizescu tag-dezbatere-publici tag-pacanele\">\n<div class=\"photo\"><img decoding=\"async\" width=\"735\" height=\"440\" src=\"https:\/\/i0.wp.com\/www.curierul.ro\/wp-content\/uploads\/2026\/03\/PACANELE-scaled.jpg?fit=300%2C197&amp;ssl=1\" class=\"attachment-giornalismo-single size-giornalismo-single wp-post-image\" alt loading=\"lazy\"><\/div>\n<p class=\"headline\"><a href=\"https:\/\/www.curierul.ro\/pacanelele-ajung-la-cinema-geo-saizescu\/\">\u201eP\u0103c\u0103nelele\u201d \u00abajung\u00bb la Cinema \u201eGeo Saizescu\u201d<\/a><\/p>\n<\/article>\n<article id=\"related-196659\" class=\"story post-196659 post type-post status-publish format-standard has-post-thumbnail hentry category-actualitate category-politica tag-consultare-publica tag-horezenii tag-invitati tag-oras-horezu tag-pug\">\n<div class=\"photo\"><img decoding=\"async\" width=\"735\" height=\"440\" src=\"https:\/\/i0.wp.com\/www.curierul.ro\/wp-content\/uploads\/2025\/11\/Primaria-Horezu-e1762263364590.jpg?fit=300%2C168&amp;ssl=1\" class=\"attachment-giornalismo-single size-giornalismo-single wp-post-image\" alt loading=\"lazy\"><\/div>\n<p class=\"headline\"><a href=\"https:\/\/www.curierul.ro\/horezenii-sunt-invitati-la-consultare-publica-pentru-pug-ul-orasului\/\">Horezenii sunt invita\u021bi la consultare public\u0103 pentru PUG-ul ora\u0219ului<\/a><\/p>\n<\/article>\n<\/div>\n<\/section>\n<section class=\"author-bio clearfix\">\n<div class=\"mug-shot\"><img decoding=\"async\" alt src=\"https:\/\/secure.gravatar.com\/avatar\/99cb5dc553c194226db8ff81883aeb68584791e67c78fb655bb3c37b83324715?s=96&amp;d=mm&amp;r=g\" class=\"avatar avatar-96 photo\" height=\"96\" width=\"96\" loading=\"lazy\"><\/div>\n<div class=\"author-info\">\n<p class=\"title\">About Comunicat de pres\u0103, <\/p>\n<div class=\"author-social-area\"><a href=\"mailto:redactie@curierul.ro\"><span class=\"fal fa-envelope\"><span class=\"screen-reader-text\">Email the Author<\/span><\/span><\/a><\/div>\n<\/div>\n<\/section>\n<\/footer>\n<\/article>\n<article id=\"196652\" class=\"post-196652 post type-post status-publish format-standard has-post-thumbnail hentry category-actualitate category-headlines category-politie tag-dn7 tag-lucrari tag-restrictii tag-valea-oltului\">\n<header class=\"post-header\">\n<ul class=\"breadcrumbs\">\n<li><a href=\"https:\/\/www.curierul.ro\">Home<\/a><\/li>\n<li class=\"breadcrumbs-active .category-actualitate\"><a href=\"https:\/\/www.curierul.ro\/index.php?cat=1615\">Actualitate<\/a><\/li>\n<li class=\"breadcrumbs-active .category-actualitate\">De ast\u0103zi,<br \/>F\u0103r\u0103 TIR-uri pe Valea Oltului<\/li>\n<\/ul>\n<div class=\"featured-photo\"><img loading=\"lazy\" decoding=\"async\" width=\"576\" height=\"400\" src=\"https:\/\/i0.wp.com\/www.curierul.ro\/wp-content\/uploads\/2020\/02\/VALEA-OLTULUI.jpg?fit=300%2C208&amp;ssl=1\" class=\"attachment-single size-single wp-post-image\" alt><\/div>\n<h1 class=\"headline\">De ast\u0103zi,<br \/>F\u0103r\u0103 TIR-uri pe Valea Oltului<\/h1>\n<p class=\"byline\">\n\t\tScris de<a href=\"https:\/\/www.curierul.ro\/author\/comunicat-de-presa\/\">Comunicat de pres\u0103<\/a>, \t\t16 martie 2026\t\t\t\t<\/p>\n<hr>\n<\/header>\n<div>Din aceast\u0103 diminea\u021b\u0103, p\u00e2n\u0103 pe 15 iunie 2026, s-au instituit restric\u021bii de circula\u021bie pe DN 7, pentru desf\u0103\u0219urarea unor lucr\u0103ri de protec\u021bie a versan\u021bilor pe mai multe sectoare de drum.<\/div>\n<div>Lucr\u0103rile se vor desf\u0103\u0219ura pe sectorul DN 7 \u00eentre R\u00e2mnicu V\u00e2lcea \u0219i Boi\u021ba, \u00een zonele cuprinse \u00eentre kilometrii 198+200 \u2013 207+000, 216+000 \u2013 219+000, 224+000 \u2013 227+300 \u0219i 228+000 \u2013 233+200, fiind executate opera\u021biuni de r\u00e2nguire a versan\u021bilor, dislocarea blocurilor de roc\u0103, cur\u0103\u021barea taluzurilor de material instabil, montarea de plase ancorate \u0219i sisteme de protec\u021bie, precum \u0219i lucr\u0103ri de refacere a elementelor de consolidare.<\/div>\n<div>\u00cen acest context:<\/div>\n<div><span><em><strong>\u2022Circula\u021bia autovehiculelor cu masa total\u0103 maxim\u0103 autorizat\u0103 mai mare de 7,5 tone va fi \u00eenchis\u0103 pe DN 7, \u00eentre R\u00e2mnicu V\u00e2lcea \u0219i Ve\u0219tem, \u00een zilele de luni \u2013 s\u00e2mb\u0103t\u0103, \u00een intervalul orar 08:00 \u2013 17:30, traficul urm\u00e2nd a fi deviat pe rute ocolitoare stabilite de administratorul drumului.<\/strong><\/em><\/span><\/div>\n<div><span><em><strong>\u2022Autovehiculele cu MTMA de p\u00e2n\u0103 la 7,5 tone vor circula cu restric\u021bii pe sectoarele unde se execut\u0103 lucr\u0103ri, \u00een intervalul 08:00 \u2013 17:30, traficul put\u00e2nd fi \u00eenchis temporar sau desf\u0103\u0219urat alternativ, pe o singur\u0103 band\u0103, dirijat cu pilo\u021bi de trafic.<\/strong><\/em><\/span><\/div>\n<div>Pentru executarea lucr\u0103rilor de \u00eendep\u0103rtare a materialului pietros \u0219i dislocarea blocurilor de roc\u0103, circula\u021bia va fi oprit\u0103 temporar, dup\u0103 cum urmeaz\u0103:<\/div>\n<div>\u2022luni \u2013 vineri: reprize de maximum 30 de minute;<\/div>\n<div>\u2022s\u00e2mb\u0103ta: reprize de maximum 15 minute.<\/div>\n<div>Restric\u021biile nu se vor aplica duminica, \u00een zilele de s\u0103rb\u0103tori legale sau \u00een zilele declarate libere, cu excep\u021bia situa\u021biilor \u00een care sunt necesare interven\u021bii urgente pentru siguran\u021ba traficului.<\/div>\n<div>Poli\u021bi\u0219tii rutieri recomand\u0103 conduc\u0103torilor auto:<\/div>\n<div>\u2022s\u0103 respecte semnalizarea rutier\u0103 temporar\u0103 instituit\u0103 \u00een zonele de lucr\u0103ri;<\/div>\n<div>\u2022s\u0103 manifeste pruden\u021b\u0103 sporit\u0103 \u0219i s\u0103 adapteze viteza la condi\u021biile de drum;<\/div>\n<div>\u2022s\u0103 respecte indica\u021biile poli\u021bi\u0219tilor rutieri \u0219i ale pilo\u021bilor de trafic.<\/div>\n<div>Poli\u021bi\u0219tii rutieri vor desf\u0103\u0219ura verific\u0103ri pentru respectarea restric\u021biilor de circula\u021bie instituite pe DN 7, precum \u0219i pentru utilizarea rutelor alternative stabilite pentru traficul de mare tonaj.<\/div>\n<div>Inspectoratul de Poli\u021bie Jude\u021bean V\u00e2lcea va monitoriza permanent situa\u021bia traficului pentru asigurarea fluen\u021bei \u0219i siguran\u021bei circula\u021biei rutiere pe acest sector de drum.<\/div>\n<div class=\"sharedaddy sd-sharing-enabled\">\n<div class=\"robots-nocontent sd-block sd-social sd-social-official sd-sharing\">\n<h3 class=\"sd-title\">Distribuie pe:<\/h3>\n<div class=\"sd-content\">\n<ul>\n<li class=\"share-facebook\">\n<li class=\"share-twitter\"><a href=\"https:\/\/twitter.com\/share\" class=\"twitter-share-button\" data-url=\"https:\/\/www.curierul.ro\/de-astazifara-tir-uri-pe-valea-oltului\/\" data-text=\"De ast\u0103zi,F\u0103r\u0103 TIR-uri pe Valea Oltului\" data-via=\"curierulvl\">Tweet<\/a><\/li>\n<li class=\"share-jetpack-whatsapp\"><a rel=\"nofollow noopener noreferrer\" data-shared=\"sharing-whatsapp-196652\" class=\"share-jetpack-whatsapp sd-button\" href=\"https:\/\/www.curierul.ro\/de-astazifara-tir-uri-pe-valea-oltului\/?share=jetpack-whatsapp\" target=\"_blank\" aria-labelledby=\"sharing-whatsapp-196652\"><span id=\"sharing-whatsapp-196652\" hidden>Partajeaz\u0103 prin WhatsApp(Se deschide \u00eentr-o fereastr\u0103 nou\u0103)<\/span><span>WhatsApp<\/span><\/a><\/li>\n<li><a href=\"https:\/\/www.curierul.ro\/de-astazifara-tir-uri-pe-valea-oltului\/\" class=\"sharing-anchor sd-button share-more\"><span>Mai mult<\/span><\/a><\/li>\n<li class=\"share-end\"><\/ul>\n<div class=\"sharing-hidden\">\n<div class=\"inner\">\n<ul>\n<li class=\"share-email\"><a rel=\"nofollow noopener noreferrer\" data-shared=\"sharing-email-196652\" class=\"share-email sd-button\" href=\"mailto:?subject=%5BArticol%20partajat%5D%20De%20ast%C4%83zi%2CF%C4%83r%C4%83%20TIR-uri%20pe%20Valea%20Oltului&amp;body=https%3A%2F%2Fwww.curierul.ro%2Fde-astazifara-tir-uri-pe-valea-oltului%2F&amp;share=email\" target=\"_blank\" aria-labelledby=\"sharing-email-196652\" data-email-share-error-title=\"\u021ai-ai configurat emailul?\" data-email-share-error-text=\"Dac\u0103 ai probleme la partajarea prin email, probabil nu ai configurat emailul pentru navigator. Poate trebuie s\u0103 creezi singur un email nou.\" data-email-share-nonce=\"1878bc6137\" data-email-share-track-url=\"https:\/\/www.curierul.ro\/de-astazifara-tir-uri-pe-valea-oltului\/?share=email\"><span id=\"sharing-email-196652\" hidden>Trimite unui prieten un email cu o leg\u0103tur\u0103(Se deschide \u00eentr-o fereastr\u0103 nou\u0103)<\/span><span>Email<\/span><\/a><\/li>\n<li class=\"share-print\"><a rel=\"nofollow noopener noreferrer\" data-shared=\"sharing-print-196652\" class=\"share-print sd-button\" href=\"https:\/\/www.curierul.ro\/de-astazifara-tir-uri-pe-valea-oltului\/#print?share=print\" target=\"_blank\" aria-labelledby=\"sharing-print-196652\"><span id=\"sharing-print-196652\" hidden>Imprimare(Se deschide \u00eentr-o fereastr\u0103 nou\u0103)<\/span><span>Imprimare<\/span><\/a><\/li>\n<li class=\"share-end\"><\/ul>\n<\/div>\n<\/div>\n<\/div>\n<\/div>\n<\/div>\n<div id=\"jp-relatedposts\" class=\"jp-relatedposts\">\n<h3 class=\"jp-relatedposts-headline\"><em>Similare<\/em><\/h3>\n<\/div>\n<footer class=\"post-footer\">\n<p class=\"tags\"><strong>Tags: <\/strong><a href=\"https:\/\/www.curierul.ro\/tag\/dn7\/\" rel=\"tag\">DN7<\/a>, <a href=\"https:\/\/www.curierul.ro\/tag\/lucrari\/\" rel=\"tag\">lucrari<\/a>, <a href=\"https:\/\/www.curierul.ro\/tag\/restrictii\/\" rel=\"tag\">restric\u021bii<\/a>, <a href=\"https:\/\/www.curierul.ro\/tag\/valea-oltului\/\" rel=\"tag\">valea oltului<\/a><\/p>\n<div class=\"post-navigation clearfix\">\n<div class=\"previous-post\">\n<div class=\"featured-photo\"><img loading=\"lazy\" decoding=\"async\" width=\"1839\" height=\"1165\" src=\"https:\/\/i0.wp.com\/www.curierul.ro\/wp-content\/uploads\/2026\/03\/Argesti-Valcea-82-85.jpeg?fit=300%2C190&amp;ssl=1\" class=\"attachment-post-thumbnail size-post-thumbnail wp-post-image\" alt><\/div>\n<p class=\"paginate-title\">\u00ab\u00ab <a href=\"https:\/\/www.curierul.ro\/lnbmcs-valcea-1924-castiga-in-pitesti-arena-85-82-gabriel-ingerul-de-final\/\" rel=\"prev\">LNBM:<br \/>CS V\u00c2LCEA 1924 C\u00c2\u0218TIG\u0102 \u00ceN PITE\u0218TI ARENA, 85-82. GABRIEL, \u00ceNGERUL DE FINAL!<\/a><\/p>\n<\/div>\n<div class=\"next-post\">\n<div class=\"featured-photo\"><img decoding=\"async\" width=\"530\" height=\"213\" src=\"https:\/\/i0.wp.com\/www.curierul.ro\/wp-content\/uploads\/2022\/08\/MARIUS-CARBUNESCU.jpg?fit=300%2C121&amp;ssl=1\" class=\"attachment-post-thumbnail size-post-thumbnail wp-post-image\" alt loading=\"lazy\"><\/div>\n<p class=\"paginate-title\"><a href=\"https:\/\/www.curierul.ro\/lumea-se-schimba\/\" rel=\"next\">Lumea se schimb\u0103<\/a> \u00bb\u00bb<\/p>\n<\/div>\n<\/div>\n<div id=\"comments\" class=\"comments-area\">\n<div id=\"respond\" class=\"comment-respond\">\n<h3 id=\"reply-title\" class=\"comment-reply-title\">Po\u021bi comenta aici<small><a rel=\"nofollow\" id=\"cancel-comment-reply-link\" href=\"https:\/\/www.curierul.ro\/de-astazifara-tir-uri-pe-valea-oltului\/#respond\">Anuleaz\u0103 r\u0103spunsul<\/a><\/small><\/h3>\n<\/div>\n<p class=\"akismet_comment_form_privacy_notice\">Acest site folose\u0219te Akismet pentru a reduce spamul. <a href=\"https:\/\/akismet.com\/privacy\/\" target=\"_blank\" rel=\"nofollow noopener\">Afl\u0103 cum sunt procesate datele comentariilor tale<\/a>.<\/p>\n<\/div>\n<section class=\"related-stories\">\n<h2>Related Stories<\/h2>\n<div class=\"stories-container\">\n<article id=\"latest-193890\" class=\"story post-193890 post type-post status-publish format-standard has-post-thumbnail hentry category-ceasul-rau category-headlines category-isu category-politie category-social tag-accident-circulatie tag-dn7 tag-mortale tag-racovita-2\">\n<div class=\"photo\"><img decoding=\"async\" width=\"735\" height=\"440\" src=\"https:\/\/i0.wp.com\/www.curierul.ro\/wp-content\/uploads\/2025\/07\/accident-Racovita.jpeg?fit=300%2C225&amp;ssl=1\" class=\"attachment-giornalismo-single size-giornalismo-single wp-post-image\" alt loading=\"lazy\"><\/div>\n<p class=\"headline\"><a href=\"https:\/\/www.curierul.ro\/dn-7-racovita-2-accidente-ambele-mortale\/\">DN 7, Racovi\u021ba \u2013 2 accidente, ambele mortale<\/a><\/p>\n<\/article>\n<article id=\"latest-190453\" class=\"story post-190453 post type-post status-publish format-standard has-post-thumbnail hentry category-ceasul-rau category-isu category-social tag-cauciucuri tag-dn7 tag-incendiu tag-pericol\">\n<div class=\"photo\"><img decoding=\"async\" width=\"735\" height=\"440\" src=\"https:\/\/i0.wp.com\/www.curierul.ro\/wp-content\/uploads\/2024\/10\/incendiu-DN7.jpeg?fit=225%2C300&amp;ssl=1\" class=\"attachment-giornalismo-single size-giornalismo-single wp-post-image\" alt loading=\"lazy\"><\/div>\n<p class=\"headline\"><a href=\"https:\/\/www.curierul.ro\/1000-de-cauciucuri-au-ars-ca-o-torta-pensiunea-alex-in-pericol\/\">1000 de cauciucuri au ars ca o tor\u021b\u0103. Pensiunea Alex, \u00een pericol!<\/a><\/p>\n<\/article>\n<article id=\"latest-188810\" class=\"story post-188810 post type-post status-publish format-standard has-post-thumbnail hentry category-actualitate category-eveniment-social category-impact category-politica category-social tag-centura-ocolitoare tag-cj-valcea tag-constantin-radulescu tag-dn7 tag-presedinte-cj-valcea-2\">\n<div class=\"photo\"><img decoding=\"async\" width=\"735\" height=\"440\" src=\"https:\/\/i0.wp.com\/www.curierul.ro\/wp-content\/uploads\/2024\/06\/IMG-20240605-WA0007.jpg?fit=300%2C195&amp;ssl=1\" class=\"attachment-giornalismo-single size-giornalismo-single wp-post-image\" alt loading=\"lazy\"><\/div>\n<p class=\"headline\"><a href=\"https:\/\/www.curierul.ro\/incep-lucrarile-pe-dj-703-l-varianta-ocolitoare-a-ramnicului\/\">\u00cencep lucr\u0103rile pe DJ 703 L, varianta ocolitoare a R\u00e2mnicului!<\/a><\/p>\n<\/article>\n<\/div>\n<\/section>\n<section class=\"latest-category clearfix\">\n<h2 class=\"title\">More Stories From Actualitate<\/h2>\n<div class=\"stories-container\">\n<article id=\"related-196679\" class=\"story post-196679 post type-post status-publish format-standard has-post-thumbnail hentry category-actualitate category-economie tag-20752 tag-afaceri tag-eisberg-romania tag-moajorat\">\n<div class=\"photo\"><img decoding=\"async\" width=\"735\" height=\"440\" src=\"https:\/\/i0.wp.com\/www.curierul.ro\/wp-content\/uploads\/2026\/03\/Sortare.jpeg?fit=300%2C125&amp;ssl=1\" class=\"attachment-giornalismo-single size-giornalismo-single wp-post-image\" alt loading=\"lazy\"><\/div>\n<p class=\"headline\"><a href=\"https:\/\/www.curierul.ro\/afacerile-eisberg-romania-s-au-majorat-cu-7-in-2025\/\">Afacerile Eisberg Rom\u00e2nia s-au majorat cu 7% \u00een 2025<\/a><\/p>\n<\/article>\n<article id=\"related-196663\" class=\"story post-196663 post type-post status-publish format-standard has-post-thumbnail hentry category-actualitate category-economie category-headlines category-politica tag-cinema-geo-saizescu tag-dezbatere-publici tag-pacanele\">\n<div class=\"photo\"><img decoding=\"async\" width=\"735\" height=\"440\" src=\"https:\/\/i0.wp.com\/www.curierul.ro\/wp-content\/uploads\/2026\/03\/PACANELE-scaled.jpg?fit=300%2C197&amp;ssl=1\" class=\"attachment-giornalismo-single size-giornalismo-single wp-post-image\" alt loading=\"lazy\"><\/div>\n<p class=\"headline\"><a href=\"https:\/\/www.curierul.ro\/pacanelele-ajung-la-cinema-geo-saizescu\/\">\u201eP\u0103c\u0103nelele\u201d \u00abajung\u00bb la Cinema \u201eGeo Saizescu\u201d<\/a><\/p>\n<\/article>\n<article id=\"related-196659\" class=\"story post-196659 post type-post status-publish format-standard has-post-thumbnail hentry category-actualitate category-politica tag-consultare-publica tag-horezenii tag-invitati tag-oras-horezu tag-pug\">\n<div class=\"photo\"><img decoding=\"async\" width=\"735\" height=\"440\" src=\"https:\/\/i0.wp.com\/www.curierul.ro\/wp-content\/uploads\/2025\/11\/Primaria-Horezu-e1762263364590.jpg?fit=300%2C168&amp;ssl=1\" class=\"attachment-giornalismo-single size-giornalismo-single wp-post-image\" alt loading=\"lazy\"><\/div>\n<p class=\"headline\"><a href=\"https:\/\/www.curierul.ro\/horezenii-sunt-invitati-la-consultare-publica-pentru-pug-ul-orasului\/\">Horezenii sunt invita\u021bi la consultare public\u0103 pentru PUG-ul ora\u0219ului<\/a><\/p>\n<\/article>\n<\/div>\n<\/section>\n<section class=\"author-bio clearfix\">\n<div class=\"mug-shot\"><img decoding=\"async\" alt src=\"https:\/\/secure.gravatar.com\/avatar\/99cb5dc553c194226db8ff81883aeb68584791e67c78fb655bb3c37b83324715?s=96&amp;d=mm&amp;r=g\" class=\"avatar avatar-96 photo\" height=\"96\" width=\"96\" loading=\"lazy\"><\/div>\n<div class=\"author-info\">\n<p class=\"title\">About Comunicat de pres\u0103, <\/p>\n<div class=\"author-social-area\"><a href=\"mailto:redactie@curierul.ro\"><span class=\"fal fa-envelope\"><span class=\"screen-reader-text\">Email the Author<\/span><\/span><\/a><\/div>\n<\/div>\n<\/section>\n<\/footer>\n<\/article>\n<article id=\"latest-193890\" class=\"story post-193890 post type-post status-publish format-standard has-post-thumbnail hentry category-ceasul-rau category-headlines category-isu category-politie category-social tag-accident-circulatie tag-dn7 tag-mortale tag-racovita-2\">\n<div class=\"photo\"><img decoding=\"async\" width=\"735\" height=\"440\" src=\"https:\/\/i0.wp.com\/www.curierul.ro\/wp-content\/uploads\/2025\/07\/accident-Racovita.jpeg?fit=300%2C225&amp;ssl=1\" class=\"attachment-giornalismo-single size-giornalismo-single wp-post-image\" alt loading=\"lazy\"><\/div>\n<p class=\"headline\"><a href=\"https:\/\/www.curierul.ro\/dn-7-racovita-2-accidente-ambele-mortale\/\">DN 7, Racovi\u021ba \u2013 2 accidente, ambele mortale<\/a><\/p>\n<\/article>\n<article id=\"latest-190453\" class=\"story post-190453 post type-post status-publish format-standard has-post-thumbnail hentry category-ceasul-rau category-isu category-social tag-cauciucuri tag-dn7 tag-incendiu tag-pericol\">\n<div class=\"photo\"><img decoding=\"async\" width=\"735\" height=\"440\" src=\"https:\/\/i0.wp.com\/www.curierul.ro\/wp-content\/uploads\/2024\/10\/incendiu-DN7.jpeg?fit=225%2C300&amp;ssl=1\" class=\"attachment-giornalismo-single size-giornalismo-single wp-post-image\" alt loading=\"lazy\"><\/div>\n<p class=\"headline\"><a href=\"https:\/\/www.curierul.ro\/1000-de-cauciucuri-au-ars-ca-o-torta-pensiunea-alex-in-pericol\/\">1000 de cauciucuri au ars ca o tor\u021b\u0103. Pensiunea Alex, \u00een pericol!<\/a><\/p>\n<\/article>\n<article id=\"latest-188810\" class=\"story post-188810 post type-post status-publish format-standard has-post-thumbnail hentry category-actualitate category-eveniment-social category-impact category-politica category-social tag-centura-ocolitoare tag-cj-valcea tag-constantin-radulescu tag-dn7 tag-presedinte-cj-valcea-2\">\n<div class=\"photo\"><img decoding=\"async\" width=\"735\" height=\"440\" src=\"https:\/\/i0.wp.com\/www.curierul.ro\/wp-content\/uploads\/2024\/06\/IMG-20240605-WA0007.jpg?fit=300%2C195&amp;ssl=1\" class=\"attachment-giornalismo-single size-giornalismo-single wp-post-image\" alt loading=\"lazy\"><\/div>\n<p class=\"headline\"><a href=\"https:\/\/www.curierul.ro\/incep-lucrarile-pe-dj-703-l-varianta-ocolitoare-a-ramnicului\/\">\u00cencep lucr\u0103rile pe DJ 703 L, varianta ocolitoare a R\u00e2mnicului!<\/a><\/p>\n<\/article>\n<article id=\"related-196679\" class=\"story post-196679 post type-post status-publish format-standard has-post-thumbnail hentry category-actualitate category-economie tag-20752 tag-afaceri tag-eisberg-romania tag-moajorat\">\n<div class=\"photo\"><img decoding=\"async\" width=\"735\" height=\"440\" src=\"https:\/\/i0.wp.com\/www.curierul.ro\/wp-content\/uploads\/2026\/03\/Sortare.jpeg?fit=300%2C125&amp;ssl=1\" class=\"attachment-giornalismo-single size-giornalismo-single wp-post-image\" alt loading=\"lazy\"><\/div>\n<p class=\"headline\"><a href=\"https:\/\/www.curierul.ro\/afacerile-eisberg-romania-s-au-majorat-cu-7-in-2025\/\">Afacerile Eisberg Rom\u00e2nia s-au majorat cu 7% \u00een 2025<\/a><\/p>\n<\/article>\n<article id=\"related-196663\" class=\"story post-196663 post type-post status-publish format-standard has-post-thumbnail hentry category-actualitate category-economie category-headlines category-politica tag-cinema-geo-saizescu tag-dezbatere-publici tag-pacanele\">\n<div class=\"photo\"><img decoding=\"async\" width=\"735\" height=\"440\" src=\"https:\/\/i0.wp.com\/www.curierul.ro\/wp-content\/uploads\/2026\/03\/PACANELE-scaled.jpg?fit=300%2C197&amp;ssl=1\" class=\"attachment-giornalismo-single size-giornalismo-single wp-post-image\" alt loading=\"lazy\"><\/div>\n<p class=\"headline\"><a href=\"https:\/\/www.curierul.ro\/pacanelele-ajung-la-cinema-geo-saizescu\/\">\u201eP\u0103c\u0103nelele\u201d \u00abajung\u00bb la Cinema \u201eGeo Saizescu\u201d<\/a><\/p>\n<\/article>\n<article id=\"related-196659\" class=\"story post-196659 post type-post status-publish format-standard has-post-thumbnail hentry category-actualitate category-politica tag-consultare-publica tag-horezenii tag-invitati tag-oras-horezu tag-pug\">\n<div class=\"photo\"><img decoding=\"async\" width=\"735\" height=\"440\" src=\"https:\/\/i0.wp.com\/www.curierul.ro\/wp-content\/uploads\/2025\/11\/Primaria-Horezu-e1762263364590.jpg?fit=300%2C168&amp;ssl=1\" class=\"attachment-giornalismo-single size-giornalismo-single wp-post-image\" alt loading=\"lazy\"><\/div>\n<p class=\"headline\"><a href=\"https:\/\/www.curierul.ro\/horezenii-sunt-invitati-la-consultare-publica-pentru-pug-ul-orasului\/\">Horezenii sunt invita\u021bi la consultare public\u0103 pentru PUG-ul ora\u0219ului<\/a><\/p>\n<\/article>\n<p>[analyse_source url=&#8221;https:\/\/www.curierul.ro\/de-astazifara-tir-uri-pe-valea-oltului\/&#8221;]<\/p>\n","protected":false},"excerpt":{"rendered":"<p>[analyse_image type=&#8221;featured&#8221; src=&#8221;https:\/\/www.curierul.ro\/wp-content\/uploads\/2020\/02\/VALEA-OLTULUI.jpghttps:\/\/i0.wp.com\/www.curierul.ro\/wp-content\/uploads\/2020\/02\/VALEA-OLTULUI.jpg?fit=576%2C400&amp;ssl=1&#8243;] Home Actualitate De ast\u0103zi,F\u0103r\u0103 TIR-uri pe Valea Oltului De ast\u0103zi,F\u0103r\u0103 TIR-uri pe Valea Oltului Scris deComunicat de pres\u0103, 16 martie 2026 Din aceast\u0103 diminea\u021b\u0103, p\u00e2n\u0103 pe 15 iunie 2026, s-au instituit restric\u021bii de circula\u021bie pe DN 7, pentru desf\u0103\u0219urarea unor lucr\u0103ri de protec\u021bie a versan\u021bilor pe mai multe sectoare de drum. Lucr\u0103rile [&hellip;]<\/p>\n","protected":false},"author":1,"featured_media":0,"comment_status":"open","ping_status":"","sticky":false,"template":"","format":"standard","meta":{"footnotes":""},"categories":[89],"tags":[226,213],"class_list":["post-1832136","post","type-post","status-publish","format-standard","hentry","category-romania","tag-crawlmanager","tag-curierul-ro"],"_links":{"self":[{"href":"https:\/\/analyse.optim.biz\/index.php?rest_route=\/wp\/v2\/posts\/1832136","targetHints":{"allow":["GET"]}}],"collection":[{"href":"https:\/\/analyse.optim.biz\/index.php?rest_route=\/wp\/v2\/posts"}],"about":[{"href":"https:\/\/analyse.optim.biz\/index.php?rest_route=\/wp\/v2\/types\/post"}],"author":[{"embeddable":true,"href":"https:\/\/analyse.optim.biz\/index.php?rest_route=\/wp\/v2\/users\/1"}],"replies":[{"embeddable":true,"href":"https:\/\/analyse.optim.biz\/index.php?rest_route=%2Fwp%2Fv2%2Fcomments&post=1832136"}],"version-history":[{"count":0,"href":"https:\/\/analyse.optim.biz\/index.php?rest_route=\/wp\/v2\/posts\/1832136\/revisions"}],"wp:attachment":[{"href":"https:\/\/analyse.optim.biz\/index.php?rest_route=%2Fwp%2Fv2%2Fmedia&parent=1832136"}],"wp:term":[{"taxonomy":"category","embeddable":true,"href":"https:\/\/analyse.optim.biz\/index.php?rest_route=%2Fwp%2Fv2%2Fcategories&post=1832136"},{"taxonomy":"post_tag","embeddable":true,"href":"https:\/\/analyse.optim.biz\/index.php?rest_route=%2Fwp%2Fv2%2Ftags&post=1832136"}],"curies":[{"name":"wp","href":"https:\/\/api.w.org\/{rel}","templated":true}]}}