{"id":1832130,"date":"2026-03-17T08:39:01","date_gmt":"2026-03-17T05:39:01","guid":{"rendered":"https:\/\/analyse.optim.biz\/?p=1832130"},"modified":"2026-03-17T08:39:01","modified_gmt":"2026-03-17T05:39:01","slug":"cas-valcea-in-linie-dreapta-plata-concediilor-medicale-la-septembrie-2025","status":"publish","type":"post","link":"https:\/\/analyse.optim.biz\/?p=1832130","title":{"rendered":"CAS V\u00e2lcea, \u00een linie dreapt\u0103. Plata concediilor medicale, la septembrie 2025"},"content":{"rendered":"<p>[analyse_image type=&#8221;featured&#8221; src=&#8221;https:\/\/www.curierul.ro\/wp-content\/uploads\/2020\/04\/cas-valcea-1.jpghttps:\/\/i0.wp.com\/www.curierul.ro\/wp-content\/uploads\/2020\/04\/cas-valcea-1.jpg?fit=1200%2C675&amp;ssl=1&#8243;]<\/p>\n<article id=\"196668\" class=\"post-196668 post type-post status-publish format-standard has-post-thumbnail hentry category-impact category-sanatate category-social tag-cas-valcea tag-concedii-medicale tag-plata\">\n<header class=\"post-header\">\n<ul class=\"breadcrumbs\">\n<li><a href=\"https:\/\/www.curierul.ro\">Home<\/a><\/li>\n<li class=\"breadcrumbs-active .category-impact\"><a href=\"https:\/\/www.curierul.ro\/index.php?cat=3426\">Impact<\/a><\/li>\n<li class=\"breadcrumbs-active .category-impact\">CAS V\u00e2lcea, \u00een linie dreapt\u0103. Plata concediilor medicale, la septembrie 2025<\/li>\n<\/ul>\n<div class=\"featured-photo\"><img loading=\"lazy\" decoding=\"async\" width=\"1920\" height=\"1080\" src=\"https:\/\/i0.wp.com\/www.curierul.ro\/wp-content\/uploads\/2020\/04\/cas-valcea-1.jpg?fit=300%2C169&amp;ssl=1\" class=\"attachment-single size-single wp-post-image\" alt><\/div>\n<h1 class=\"headline\">CAS V\u00e2lcea, \u00een linie dreapt\u0103. Plata concediilor medicale, la septembrie 2025<\/h1>\n<p class=\"byline\">\n\t\tScris de<a href=\"https:\/\/www.curierul.ro\/author\/alin\/\">Alin Emilian Tudoroiu<\/a>, \t\t17 martie 2026\t\t\t\t<\/p>\n<hr>\n<\/header>\n<p>Chiar dac\u0103 \u00een anul 2025 num\u0103rul concediilor medicale a mai sc\u0103zut, la un moment dat se str\u00e2nsese aproape un an de \u00eent\u00e2rziere la plata acestora. Cu ajutorul unei rectific\u0103ri bugetare \u0219i cu foarte mari insisten\u021be din partea CNAS \u0219i CAS V\u00e2lcea \u00een ultimele luni s-au f\u0103cut pl\u0103\u021bi restante, mai reduc\u00e2nd un pic presiunea creat\u0103, at\u00e2t pe angajatori, dar, \u00een cele din urm\u0103, pe beneficiarii finali \u2013 persoanele care a\u0219teptau banii pentru zilele lor de medicale.\u00a0<\/p>\n<p><strong>Valoarea obliga\u021biilor de plat\u0103 \u00eenregistrate la data de 01.03.2026 se ridica la peste 23 de milioane de lei noi. <\/strong><em>\u201eValoarea total\u0103 a obliga\u021biilor de plat\u0103 include at\u00e2t sumele restante din anii anteriori, c\u00e2t \u0219i obliga\u021biile noi \u00eenregistrate pe parcursul anului 2026, av\u00e2nd \u00een vedere fluxul continuu al concediilor medicale. Astfel, valoarea obliga\u021biilor de plat\u0103 la \u00eenceputul \u0219i sf\u00e2r\u0219itul fiec\u0103rui an reflect\u0103 at\u00e2t pl\u0103\u021bile restante, c\u00e2t \u0219i pl\u0103\u021bile pentru indemniza\u021biile de concedii medicale acordate \u00een anul respectiv. <br \/>\u00cen luna februarie 2026, CAS V\u00e2lcea a decontat cererile depuse de angajatori persoane fizice \u0219i juridice dup\u0103 cum urmeaza: <span>Persoane fizice- plata integrala a obliga\u021biilor aferente lunii ianuarie 2026; <\/span><\/em><span><em>Persoane juridice- plata cererilor depuse in luna septembrie 2025-partial\u201d,<\/em> a precizat Alin Voicule\u021b \u2013 director general CAS V\u00e2lcea.<\/span><\/p>\n<p>\u00a0\u00a0<\/p>\n<div class=\"sharedaddy sd-sharing-enabled\">\n<div class=\"robots-nocontent sd-block sd-social sd-social-official sd-sharing\">\n<h3 class=\"sd-title\">Distribuie pe:<\/h3>\n<div class=\"sd-content\">\n<ul>\n<li class=\"share-facebook\">\n<li class=\"share-twitter\"><a href=\"https:\/\/twitter.com\/share\" class=\"twitter-share-button\" data-url=\"https:\/\/www.curierul.ro\/cas-valcea-in-linie-dreapta-plata-concediilor-medicale-la-septembrie-2025\/\" data-text=\"CAS V\u00e2lcea, \u00een linie dreapt\u0103. Plata concediilor medicale, la septembrie 2025\" data-via=\"curierulvl\">Tweet<\/a><\/li>\n<li class=\"share-jetpack-whatsapp\"><a rel=\"nofollow noopener noreferrer\" data-shared=\"sharing-whatsapp-196668\" class=\"share-jetpack-whatsapp sd-button\" href=\"https:\/\/www.curierul.ro\/cas-valcea-in-linie-dreapta-plata-concediilor-medicale-la-septembrie-2025\/?share=jetpack-whatsapp\" target=\"_blank\" aria-labelledby=\"sharing-whatsapp-196668\"><span id=\"sharing-whatsapp-196668\" hidden>Partajeaz\u0103 prin WhatsApp(Se deschide \u00eentr-o fereastr\u0103 nou\u0103)<\/span><span>WhatsApp<\/span><\/a><\/li>\n<li><a href=\"https:\/\/www.curierul.ro\/cas-valcea-in-linie-dreapta-plata-concediilor-medicale-la-septembrie-2025\/\" class=\"sharing-anchor sd-button share-more\"><span>Mai mult<\/span><\/a><\/li>\n<li class=\"share-end\"><\/ul>\n<div class=\"sharing-hidden\">\n<div class=\"inner\">\n<ul>\n<li class=\"share-email\"><a rel=\"nofollow noopener noreferrer\" data-shared=\"sharing-email-196668\" class=\"share-email sd-button\" href=\"mailto:?subject=%5BArticol%20partajat%5D%20CAS%20V%C3%A2lcea%2C%20%C3%AEn%20linie%20dreapt%C4%83.%20Plata%20concediilor%20medicale%2C%20la%20septembrie%202025&amp;body=https%3A%2F%2Fwww.curierul.ro%2Fcas-valcea-in-linie-dreapta-plata-concediilor-medicale-la-septembrie-2025%2F&amp;share=email\" target=\"_blank\" aria-labelledby=\"sharing-email-196668\" data-email-share-error-title=\"\u021ai-ai configurat emailul?\" data-email-share-error-text=\"Dac\u0103 ai probleme la partajarea prin email, probabil nu ai configurat emailul pentru navigator. Poate trebuie s\u0103 creezi singur un email nou.\" data-email-share-nonce=\"7758b4365f\" data-email-share-track-url=\"https:\/\/www.curierul.ro\/cas-valcea-in-linie-dreapta-plata-concediilor-medicale-la-septembrie-2025\/?share=email\"><span id=\"sharing-email-196668\" hidden>Trimite unui prieten un email cu o leg\u0103tur\u0103(Se deschide \u00eentr-o fereastr\u0103 nou\u0103)<\/span><span>Email<\/span><\/a><\/li>\n<li class=\"share-print\"><a rel=\"nofollow noopener noreferrer\" data-shared=\"sharing-print-196668\" class=\"share-print sd-button\" href=\"https:\/\/www.curierul.ro\/cas-valcea-in-linie-dreapta-plata-concediilor-medicale-la-septembrie-2025\/#print?share=print\" target=\"_blank\" aria-labelledby=\"sharing-print-196668\"><span id=\"sharing-print-196668\" hidden>Imprimare(Se deschide \u00eentr-o fereastr\u0103 nou\u0103)<\/span><span>Imprimare<\/span><\/a><\/li>\n<li class=\"share-end\"><\/ul>\n<\/div>\n<\/div>\n<\/div>\n<\/div>\n<\/div>\n<div id=\"jp-relatedposts\" class=\"jp-relatedposts\">\n<h3 class=\"jp-relatedposts-headline\"><em>Similare<\/em><\/h3>\n<\/div>\n<footer class=\"post-footer\">\n<p class=\"tags\"><strong>Tags: <\/strong><a href=\"https:\/\/www.curierul.ro\/tag\/cas-valcea\/\" rel=\"tag\">CAS VALCEA<\/a>, <a href=\"https:\/\/www.curierul.ro\/tag\/concedii-medicale\/\" rel=\"tag\">concedii medicale<\/a>, <a href=\"https:\/\/www.curierul.ro\/tag\/plata\/\" rel=\"tag\">PLATA<\/a><\/p>\n<div class=\"post-navigation clearfix\">\n<div class=\"previous-post\">\n<div class=\"featured-photo\"><img loading=\"lazy\" decoding=\"async\" width=\"2560\" height=\"1681\" src=\"https:\/\/i0.wp.com\/www.curierul.ro\/wp-content\/uploads\/2026\/03\/PACANELE-scaled.jpg?fit=300%2C197&amp;ssl=1\" class=\"attachment-post-thumbnail size-post-thumbnail wp-post-image\" alt><\/div>\n<p class=\"paginate-title\">\u00ab\u00ab <a href=\"https:\/\/www.curierul.ro\/pacanelele-ajung-la-cinema-geo-saizescu\/\" rel=\"prev\">\u201eP\u0103c\u0103nelele\u201d \u00abajung\u00bb la Cinema \u201eGeo Saizescu\u201d<\/a><\/p>\n<\/div>\n<div class=\"next-post\">\n<div class=\"featured-photo\"><img decoding=\"async\" width=\"800\" height=\"436\" src=\"https:\/\/i0.wp.com\/www.curierul.ro\/wp-content\/uploads\/2024\/03\/accident-tren-15.webp?fit=300%2C164&amp;ssl=1\" class=\"attachment-post-thumbnail size-post-thumbnail wp-post-image\" alt loading=\"lazy\"><\/div>\n<p class=\"paginate-title\"><a href=\"https:\/\/www.curierul.ro\/ostroveni-zona-cina-trenul-a-spulberat-un-tanar-de-18-ani-probabil-cu-castile-la-volum-maxim\/\" rel=\"next\">Ostroveni, \u00abzona Cina\u00bb, trenul a spulberat un t\u00e2n\u0103r de 18 ani\u2026probabil cu c\u0103\u0219tile la volum maxim<\/a> \u00bb\u00bb<\/p>\n<\/div>\n<\/div>\n<div id=\"comments\" class=\"comments-area\">\n<div id=\"respond\" class=\"comment-respond\">\n<h3 id=\"reply-title\" class=\"comment-reply-title\">Po\u021bi comenta aici<small><a rel=\"nofollow\" id=\"cancel-comment-reply-link\" href=\"https:\/\/www.curierul.ro\/cas-valcea-in-linie-dreapta-plata-concediilor-medicale-la-septembrie-2025\/#respond\">Anuleaz\u0103 r\u0103spunsul<\/a><\/small><\/h3>\n<\/div>\n<p class=\"akismet_comment_form_privacy_notice\">Acest site folose\u0219te Akismet pentru a reduce spamul. <a href=\"https:\/\/akismet.com\/privacy\/\" target=\"_blank\" rel=\"nofollow noopener\">Afl\u0103 cum sunt procesate datele comentariilor tale<\/a>.<\/p>\n<\/div>\n<section class=\"related-stories\">\n<h2>Related Stories<\/h2>\n<div class=\"stories-container\">\n<article id=\"latest-191559\" class=\"story post-191559 post type-post status-publish format-standard has-post-thumbnail hentry category-sanatate category-social tag-bolnavi tag-cas-valcea tag-diabet\">\n<div class=\"photo\"><img decoding=\"async\" width=\"599\" height=\"440\" src=\"https:\/\/i0.wp.com\/www.curierul.ro\/wp-content\/uploads\/2023\/07\/CABINET-MEDICAL-e1763628915521.jpg?fit=300%2C246&amp;ssl=1\" class=\"attachment-giornalismo-single size-giornalismo-single wp-post-image\" alt loading=\"lazy\"><\/div>\n<p class=\"headline\"><a href=\"https:\/\/www.curierul.ro\/cas-avertizeaza-valcea-are-23-000-de-bolnavi-de-diabet\/\">CAS avertizeaz\u0103: V\u00e2lcea are 23.000 de bolnavi de diabet!!!<\/a><\/p>\n<\/article>\n<article id=\"latest-186982\" class=\"story post-186982 post type-post status-publish format-standard hentry category-sanatate category-social tag-cas-valcea tag-ghidul-asiguratului tag-orevenire\">\n<p class=\"headline\"><a href=\"https:\/\/www.curierul.ro\/casa-de-asigurari-de-sanatate-vine-in-sprijinul-valcenilor-cu-ghidul-asiguratului-azi-analizele-de-laborator-si-investigatiile-imagistice\/\">Casa de Asigur\u0103ri de S\u0103n\u0103tate vine \u00een sprijinul v\u00e2lcenilor cu Ghidul asiguratului. Azi \u2013 analizele de laborator \u0219i investiga\u021biile imagistice<\/a><\/p>\n<\/article>\n<article id=\"latest-185949\" class=\"story post-185949 post type-post status-publish format-standard has-post-thumbnail hentry category-sanatate category-social tag-cas-valcea tag-femei-insarcinate tag-servicii-medicale-decontate\">\n<div class=\"photo\"><img decoding=\"async\" width=\"735\" height=\"440\" src=\"https:\/\/i0.wp.com\/www.curierul.ro\/wp-content\/uploads\/2023\/12\/femeie-insarcinata-1.jpg?fit=300%2C200&amp;ssl=1\" class=\"attachment-giornalismo-single size-giornalismo-single wp-post-image\" alt loading=\"lazy\"><\/div>\n<p class=\"headline\"><a href=\"https:\/\/www.curierul.ro\/care-sunt-serviciile-medicale-decontate-de-cas-valcea-pentru-femeile-insarcinate\/\">Care sunt serviciile medicale decontate de CAS V\u00e2lcea pentru femeile \u00eens\u0103rcinate?<\/a><\/p>\n<\/article>\n<\/div>\n<\/section>\n<section class=\"latest-category clearfix\">\n<h2 class=\"title\">More Stories From Impact<\/h2>\n<div class=\"stories-container\">\n<article id=\"related-196661\" class=\"story post-196661 post type-post status-publish format-standard has-post-thumbnail hentry category-impact category-meridiane category-social tag-itm-valcea-2 tag-munca-la-negru tag-munca-nedeclarata tag-persoane tag-s-a-redus\">\n<div class=\"photo\"><img decoding=\"async\" width=\"735\" height=\"399\" src=\"https:\/\/i0.wp.com\/www.curierul.ro\/wp-content\/uploads\/2024\/03\/ITM-MUNCA.jpg?fit=300%2C163&amp;ssl=1\" class=\"attachment-giornalismo-single size-giornalismo-single wp-post-image\" alt loading=\"lazy\"><\/div>\n<p class=\"headline\"><a href=\"https:\/\/www.curierul.ro\/s-a-redus-munca-la-negru-itm-valcea-a-descoperit-doar-doua-persoane-prestand-munca-nedeclarata\/\">S-a redus \u00abmunca la negru\u00bb. ITM V\u00e2lcea a descoperit doar dou\u0103 persoane prest\u00e2nd munc\u0103 nedeclarat\u0103<\/a><\/p>\n<\/article>\n<article id=\"related-196641\" class=\"story post-196641 post type-post status-publish format-standard has-post-thumbnail hentry category-impact category-social tag-februarie tag-someri-2 tag-valcea-2\">\n<div class=\"photo\"><img decoding=\"async\" width=\"735\" height=\"440\" src=\"https:\/\/i0.wp.com\/www.curierul.ro\/wp-content\/uploads\/2026\/03\/somaj-feb-2026.png?fit=300%2C180&amp;ssl=1\" class=\"attachment-giornalismo-single size-giornalismo-single wp-post-image\" alt loading=\"lazy\"><\/div>\n<p class=\"headline\"><a href=\"https:\/\/www.curierul.ro\/in-februarie-valcea-aproape-acelasi-numar-de-someri-ca-luna-precedenta\/\">\u00cen februarie, V\u00e2lcea, aproape acela\u0219i num\u0103r de \u0219omeri ca luna precedent\u0103<\/a><\/p>\n<\/article>\n<article id=\"related-196634\" class=\"story post-196634 post type-post status-publish format-standard has-post-thumbnail hentry category-headlines category-impact category-politica category-social tag-ecusoane tag-locatari tag-ostroveni tag-parcare-de-resedinta tag-ramnic-2\">\n<div class=\"photo\"><img decoding=\"async\" width=\"735\" height=\"440\" src=\"https:\/\/i0.wp.com\/www.curierul.ro\/wp-content\/uploads\/2026\/03\/parcare-resedinta-Ostroveni.jpg?fit=300%2C231&amp;ssl=1\" class=\"attachment-giornalismo-single size-giornalismo-single wp-post-image\" alt loading=\"lazy\"><\/div>\n<p class=\"headline\"><a href=\"https:\/\/www.curierul.ro\/cea-mai-mare-parcare-de-resedinta-din-ramnic-in-ostroveni-locatarii-au-la-dispozitie-o-luna-sa-si-faca-ecusoane\/\">Cea mai mare parcare de re\u0219edin\u021b\u0103 din R\u00e2mnic, \u00een Ostroveni. Locatarii au la dispozi\u021bie o lun\u0103 s\u0103-\u0219i fac\u0103 ecusoane<\/a><\/p>\n<\/article>\n<\/div>\n<\/section>\n<section class=\"author-bio clearfix\">\n<div class=\"mug-shot\"><img decoding=\"async\" alt src=\"https:\/\/secure.gravatar.com\/avatar\/ae634844e12be63a4f063a6c7bef885da670fd420e0dedd39ed80eacd6e6979c?s=96&amp;d=mm&amp;r=g\" class=\"avatar avatar-96 photo\" height=\"96\" width=\"96\" loading=\"lazy\"><\/div>\n<div class=\"author-info\">\n<p class=\"title\">About Alin Emilian Tudoroiu, <\/p>\n<div class=\"author-social-area\"><a href=\"mailto:alintudoroiu@curierul.ro\"><span class=\"fal fa-envelope\"><span class=\"screen-reader-text\">Email the Author<\/span><\/span><\/a><\/div>\n<\/div>\n<\/section>\n<\/footer>\n<\/article>\n<article id=\"196668\" class=\"post-196668 post type-post status-publish format-standard has-post-thumbnail hentry category-impact category-sanatate category-social tag-cas-valcea tag-concedii-medicale tag-plata\">\n<header class=\"post-header\">\n<ul class=\"breadcrumbs\">\n<li><a href=\"https:\/\/www.curierul.ro\">Home<\/a><\/li>\n<li class=\"breadcrumbs-active .category-impact\"><a href=\"https:\/\/www.curierul.ro\/index.php?cat=3426\">Impact<\/a><\/li>\n<li class=\"breadcrumbs-active .category-impact\">CAS V\u00e2lcea, \u00een linie dreapt\u0103. Plata concediilor medicale, la septembrie 2025<\/li>\n<\/ul>\n<div class=\"featured-photo\"><img loading=\"lazy\" decoding=\"async\" width=\"1920\" height=\"1080\" src=\"https:\/\/i0.wp.com\/www.curierul.ro\/wp-content\/uploads\/2020\/04\/cas-valcea-1.jpg?fit=300%2C169&amp;ssl=1\" class=\"attachment-single size-single wp-post-image\" alt><\/div>\n<h1 class=\"headline\">CAS V\u00e2lcea, \u00een linie dreapt\u0103. Plata concediilor medicale, la septembrie 2025<\/h1>\n<p class=\"byline\">\n\t\tScris de<a href=\"https:\/\/www.curierul.ro\/author\/alin\/\">Alin Emilian Tudoroiu<\/a>, \t\t17 martie 2026\t\t\t\t<\/p>\n<hr>\n<\/header>\n<p>Chiar dac\u0103 \u00een anul 2025 num\u0103rul concediilor medicale a mai sc\u0103zut, la un moment dat se str\u00e2nsese aproape un an de \u00eent\u00e2rziere la plata acestora. Cu ajutorul unei rectific\u0103ri bugetare \u0219i cu foarte mari insisten\u021be din partea CNAS \u0219i CAS V\u00e2lcea \u00een ultimele luni s-au f\u0103cut pl\u0103\u021bi restante, mai reduc\u00e2nd un pic presiunea creat\u0103, at\u00e2t pe angajatori, dar, \u00een cele din urm\u0103, pe beneficiarii finali \u2013 persoanele care a\u0219teptau banii pentru zilele lor de medicale.\u00a0<\/p>\n<p><strong>Valoarea obliga\u021biilor de plat\u0103 \u00eenregistrate la data de 01.03.2026 se ridica la peste 23 de milioane de lei noi. <\/strong><em>\u201eValoarea total\u0103 a obliga\u021biilor de plat\u0103 include at\u00e2t sumele restante din anii anteriori, c\u00e2t \u0219i obliga\u021biile noi \u00eenregistrate pe parcursul anului 2026, av\u00e2nd \u00een vedere fluxul continuu al concediilor medicale. Astfel, valoarea obliga\u021biilor de plat\u0103 la \u00eenceputul \u0219i sf\u00e2r\u0219itul fiec\u0103rui an reflect\u0103 at\u00e2t pl\u0103\u021bile restante, c\u00e2t \u0219i pl\u0103\u021bile pentru indemniza\u021biile de concedii medicale acordate \u00een anul respectiv. <br \/>\u00cen luna februarie 2026, CAS V\u00e2lcea a decontat cererile depuse de angajatori persoane fizice \u0219i juridice dup\u0103 cum urmeaza: <span>Persoane fizice- plata integrala a obliga\u021biilor aferente lunii ianuarie 2026; <\/span><\/em><span><em>Persoane juridice- plata cererilor depuse in luna septembrie 2025-partial\u201d,<\/em> a precizat Alin Voicule\u021b \u2013 director general CAS V\u00e2lcea.<\/span><\/p>\n<p>\u00a0\u00a0<\/p>\n<div class=\"sharedaddy sd-sharing-enabled\">\n<div class=\"robots-nocontent sd-block sd-social sd-social-official sd-sharing\">\n<h3 class=\"sd-title\">Distribuie pe:<\/h3>\n<div class=\"sd-content\">\n<ul>\n<li class=\"share-facebook\">\n<li class=\"share-twitter\"><a href=\"https:\/\/twitter.com\/share\" class=\"twitter-share-button\" data-url=\"https:\/\/www.curierul.ro\/cas-valcea-in-linie-dreapta-plata-concediilor-medicale-la-septembrie-2025\/\" data-text=\"CAS V\u00e2lcea, \u00een linie dreapt\u0103. Plata concediilor medicale, la septembrie 2025\" data-via=\"curierulvl\">Tweet<\/a><\/li>\n<li class=\"share-jetpack-whatsapp\"><a rel=\"nofollow noopener noreferrer\" data-shared=\"sharing-whatsapp-196668\" class=\"share-jetpack-whatsapp sd-button\" href=\"https:\/\/www.curierul.ro\/cas-valcea-in-linie-dreapta-plata-concediilor-medicale-la-septembrie-2025\/?share=jetpack-whatsapp\" target=\"_blank\" aria-labelledby=\"sharing-whatsapp-196668\"><span id=\"sharing-whatsapp-196668\" hidden>Partajeaz\u0103 prin WhatsApp(Se deschide \u00eentr-o fereastr\u0103 nou\u0103)<\/span><span>WhatsApp<\/span><\/a><\/li>\n<li><a href=\"https:\/\/www.curierul.ro\/cas-valcea-in-linie-dreapta-plata-concediilor-medicale-la-septembrie-2025\/\" class=\"sharing-anchor sd-button share-more\"><span>Mai mult<\/span><\/a><\/li>\n<li class=\"share-end\"><\/ul>\n<div class=\"sharing-hidden\">\n<div class=\"inner\">\n<ul>\n<li class=\"share-email\"><a rel=\"nofollow noopener noreferrer\" data-shared=\"sharing-email-196668\" class=\"share-email sd-button\" href=\"mailto:?subject=%5BArticol%20partajat%5D%20CAS%20V%C3%A2lcea%2C%20%C3%AEn%20linie%20dreapt%C4%83.%20Plata%20concediilor%20medicale%2C%20la%20septembrie%202025&amp;body=https%3A%2F%2Fwww.curierul.ro%2Fcas-valcea-in-linie-dreapta-plata-concediilor-medicale-la-septembrie-2025%2F&amp;share=email\" target=\"_blank\" aria-labelledby=\"sharing-email-196668\" data-email-share-error-title=\"\u021ai-ai configurat emailul?\" data-email-share-error-text=\"Dac\u0103 ai probleme la partajarea prin email, probabil nu ai configurat emailul pentru navigator. Poate trebuie s\u0103 creezi singur un email nou.\" data-email-share-nonce=\"7758b4365f\" data-email-share-track-url=\"https:\/\/www.curierul.ro\/cas-valcea-in-linie-dreapta-plata-concediilor-medicale-la-septembrie-2025\/?share=email\"><span id=\"sharing-email-196668\" hidden>Trimite unui prieten un email cu o leg\u0103tur\u0103(Se deschide \u00eentr-o fereastr\u0103 nou\u0103)<\/span><span>Email<\/span><\/a><\/li>\n<li class=\"share-print\"><a rel=\"nofollow noopener noreferrer\" data-shared=\"sharing-print-196668\" class=\"share-print sd-button\" href=\"https:\/\/www.curierul.ro\/cas-valcea-in-linie-dreapta-plata-concediilor-medicale-la-septembrie-2025\/#print?share=print\" target=\"_blank\" aria-labelledby=\"sharing-print-196668\"><span id=\"sharing-print-196668\" hidden>Imprimare(Se deschide \u00eentr-o fereastr\u0103 nou\u0103)<\/span><span>Imprimare<\/span><\/a><\/li>\n<li class=\"share-end\"><\/ul>\n<\/div>\n<\/div>\n<\/div>\n<\/div>\n<\/div>\n<div id=\"jp-relatedposts\" class=\"jp-relatedposts\">\n<h3 class=\"jp-relatedposts-headline\"><em>Similare<\/em><\/h3>\n<\/div>\n<footer class=\"post-footer\">\n<p class=\"tags\"><strong>Tags: <\/strong><a href=\"https:\/\/www.curierul.ro\/tag\/cas-valcea\/\" rel=\"tag\">CAS VALCEA<\/a>, <a href=\"https:\/\/www.curierul.ro\/tag\/concedii-medicale\/\" rel=\"tag\">concedii medicale<\/a>, <a href=\"https:\/\/www.curierul.ro\/tag\/plata\/\" rel=\"tag\">PLATA<\/a><\/p>\n<div class=\"post-navigation clearfix\">\n<div class=\"previous-post\">\n<div class=\"featured-photo\"><img loading=\"lazy\" decoding=\"async\" width=\"2560\" height=\"1681\" src=\"https:\/\/i0.wp.com\/www.curierul.ro\/wp-content\/uploads\/2026\/03\/PACANELE-scaled.jpg?fit=300%2C197&amp;ssl=1\" class=\"attachment-post-thumbnail size-post-thumbnail wp-post-image\" alt><\/div>\n<p class=\"paginate-title\">\u00ab\u00ab <a href=\"https:\/\/www.curierul.ro\/pacanelele-ajung-la-cinema-geo-saizescu\/\" rel=\"prev\">\u201eP\u0103c\u0103nelele\u201d \u00abajung\u00bb la Cinema \u201eGeo Saizescu\u201d<\/a><\/p>\n<\/div>\n<div class=\"next-post\">\n<div class=\"featured-photo\"><img decoding=\"async\" width=\"800\" height=\"436\" src=\"https:\/\/i0.wp.com\/www.curierul.ro\/wp-content\/uploads\/2024\/03\/accident-tren-15.webp?fit=300%2C164&amp;ssl=1\" class=\"attachment-post-thumbnail size-post-thumbnail wp-post-image\" alt loading=\"lazy\"><\/div>\n<p class=\"paginate-title\"><a href=\"https:\/\/www.curierul.ro\/ostroveni-zona-cina-trenul-a-spulberat-un-tanar-de-18-ani-probabil-cu-castile-la-volum-maxim\/\" rel=\"next\">Ostroveni, \u00abzona Cina\u00bb, trenul a spulberat un t\u00e2n\u0103r de 18 ani\u2026probabil cu c\u0103\u0219tile la volum maxim<\/a> \u00bb\u00bb<\/p>\n<\/div>\n<\/div>\n<div id=\"comments\" class=\"comments-area\">\n<div id=\"respond\" class=\"comment-respond\">\n<h3 id=\"reply-title\" class=\"comment-reply-title\">Po\u021bi comenta aici<small><a rel=\"nofollow\" id=\"cancel-comment-reply-link\" href=\"https:\/\/www.curierul.ro\/cas-valcea-in-linie-dreapta-plata-concediilor-medicale-la-septembrie-2025\/#respond\">Anuleaz\u0103 r\u0103spunsul<\/a><\/small><\/h3>\n<\/div>\n<p class=\"akismet_comment_form_privacy_notice\">Acest site folose\u0219te Akismet pentru a reduce spamul. <a href=\"https:\/\/akismet.com\/privacy\/\" target=\"_blank\" rel=\"nofollow noopener\">Afl\u0103 cum sunt procesate datele comentariilor tale<\/a>.<\/p>\n<\/div>\n<section class=\"related-stories\">\n<h2>Related Stories<\/h2>\n<div class=\"stories-container\">\n<article id=\"latest-191559\" class=\"story post-191559 post type-post status-publish format-standard has-post-thumbnail hentry category-sanatate category-social tag-bolnavi tag-cas-valcea tag-diabet\">\n<div class=\"photo\"><img decoding=\"async\" width=\"599\" height=\"440\" src=\"https:\/\/i0.wp.com\/www.curierul.ro\/wp-content\/uploads\/2023\/07\/CABINET-MEDICAL-e1763628915521.jpg?fit=300%2C246&amp;ssl=1\" class=\"attachment-giornalismo-single size-giornalismo-single wp-post-image\" alt loading=\"lazy\"><\/div>\n<p class=\"headline\"><a href=\"https:\/\/www.curierul.ro\/cas-avertizeaza-valcea-are-23-000-de-bolnavi-de-diabet\/\">CAS avertizeaz\u0103: V\u00e2lcea are 23.000 de bolnavi de diabet!!!<\/a><\/p>\n<\/article>\n<article id=\"latest-186982\" class=\"story post-186982 post type-post status-publish format-standard hentry category-sanatate category-social tag-cas-valcea tag-ghidul-asiguratului tag-orevenire\">\n<p class=\"headline\"><a href=\"https:\/\/www.curierul.ro\/casa-de-asigurari-de-sanatate-vine-in-sprijinul-valcenilor-cu-ghidul-asiguratului-azi-analizele-de-laborator-si-investigatiile-imagistice\/\">Casa de Asigur\u0103ri de S\u0103n\u0103tate vine \u00een sprijinul v\u00e2lcenilor cu Ghidul asiguratului. Azi \u2013 analizele de laborator \u0219i investiga\u021biile imagistice<\/a><\/p>\n<\/article>\n<article id=\"latest-185949\" class=\"story post-185949 post type-post status-publish format-standard has-post-thumbnail hentry category-sanatate category-social tag-cas-valcea tag-femei-insarcinate tag-servicii-medicale-decontate\">\n<div class=\"photo\"><img decoding=\"async\" width=\"735\" height=\"440\" src=\"https:\/\/i0.wp.com\/www.curierul.ro\/wp-content\/uploads\/2023\/12\/femeie-insarcinata-1.jpg?fit=300%2C200&amp;ssl=1\" class=\"attachment-giornalismo-single size-giornalismo-single wp-post-image\" alt loading=\"lazy\"><\/div>\n<p class=\"headline\"><a href=\"https:\/\/www.curierul.ro\/care-sunt-serviciile-medicale-decontate-de-cas-valcea-pentru-femeile-insarcinate\/\">Care sunt serviciile medicale decontate de CAS V\u00e2lcea pentru femeile \u00eens\u0103rcinate?<\/a><\/p>\n<\/article>\n<\/div>\n<\/section>\n<section class=\"latest-category clearfix\">\n<h2 class=\"title\">More Stories From Impact<\/h2>\n<div class=\"stories-container\">\n<article id=\"related-196661\" class=\"story post-196661 post type-post status-publish format-standard has-post-thumbnail hentry category-impact category-meridiane category-social tag-itm-valcea-2 tag-munca-la-negru tag-munca-nedeclarata tag-persoane tag-s-a-redus\">\n<div class=\"photo\"><img decoding=\"async\" width=\"735\" height=\"399\" src=\"https:\/\/i0.wp.com\/www.curierul.ro\/wp-content\/uploads\/2024\/03\/ITM-MUNCA.jpg?fit=300%2C163&amp;ssl=1\" class=\"attachment-giornalismo-single size-giornalismo-single wp-post-image\" alt loading=\"lazy\"><\/div>\n<p class=\"headline\"><a href=\"https:\/\/www.curierul.ro\/s-a-redus-munca-la-negru-itm-valcea-a-descoperit-doar-doua-persoane-prestand-munca-nedeclarata\/\">S-a redus \u00abmunca la negru\u00bb. ITM V\u00e2lcea a descoperit doar dou\u0103 persoane prest\u00e2nd munc\u0103 nedeclarat\u0103<\/a><\/p>\n<\/article>\n<article id=\"related-196641\" class=\"story post-196641 post type-post status-publish format-standard has-post-thumbnail hentry category-impact category-social tag-februarie tag-someri-2 tag-valcea-2\">\n<div class=\"photo\"><img decoding=\"async\" width=\"735\" height=\"440\" src=\"https:\/\/i0.wp.com\/www.curierul.ro\/wp-content\/uploads\/2026\/03\/somaj-feb-2026.png?fit=300%2C180&amp;ssl=1\" class=\"attachment-giornalismo-single size-giornalismo-single wp-post-image\" alt loading=\"lazy\"><\/div>\n<p class=\"headline\"><a href=\"https:\/\/www.curierul.ro\/in-februarie-valcea-aproape-acelasi-numar-de-someri-ca-luna-precedenta\/\">\u00cen februarie, V\u00e2lcea, aproape acela\u0219i num\u0103r de \u0219omeri ca luna precedent\u0103<\/a><\/p>\n<\/article>\n<article id=\"related-196634\" class=\"story post-196634 post type-post status-publish format-standard has-post-thumbnail hentry category-headlines category-impact category-politica category-social tag-ecusoane tag-locatari tag-ostroveni tag-parcare-de-resedinta tag-ramnic-2\">\n<div class=\"photo\"><img decoding=\"async\" width=\"735\" height=\"440\" src=\"https:\/\/i0.wp.com\/www.curierul.ro\/wp-content\/uploads\/2026\/03\/parcare-resedinta-Ostroveni.jpg?fit=300%2C231&amp;ssl=1\" class=\"attachment-giornalismo-single size-giornalismo-single wp-post-image\" alt loading=\"lazy\"><\/div>\n<p class=\"headline\"><a href=\"https:\/\/www.curierul.ro\/cea-mai-mare-parcare-de-resedinta-din-ramnic-in-ostroveni-locatarii-au-la-dispozitie-o-luna-sa-si-faca-ecusoane\/\">Cea mai mare parcare de re\u0219edin\u021b\u0103 din R\u00e2mnic, \u00een Ostroveni. Locatarii au la dispozi\u021bie o lun\u0103 s\u0103-\u0219i fac\u0103 ecusoane<\/a><\/p>\n<\/article>\n<\/div>\n<\/section>\n<section class=\"author-bio clearfix\">\n<div class=\"mug-shot\"><img decoding=\"async\" alt src=\"https:\/\/secure.gravatar.com\/avatar\/ae634844e12be63a4f063a6c7bef885da670fd420e0dedd39ed80eacd6e6979c?s=96&amp;d=mm&amp;r=g\" class=\"avatar avatar-96 photo\" height=\"96\" width=\"96\" loading=\"lazy\"><\/div>\n<div class=\"author-info\">\n<p class=\"title\">About Alin Emilian Tudoroiu, <\/p>\n<div class=\"author-social-area\"><a href=\"mailto:alintudoroiu@curierul.ro\"><span class=\"fal fa-envelope\"><span class=\"screen-reader-text\">Email the Author<\/span><\/span><\/a><\/div>\n<\/div>\n<\/section>\n<\/footer>\n<\/article>\n<article id=\"latest-191559\" class=\"story post-191559 post type-post status-publish format-standard has-post-thumbnail hentry category-sanatate category-social tag-bolnavi tag-cas-valcea tag-diabet\">\n<div class=\"photo\"><img decoding=\"async\" width=\"599\" height=\"440\" src=\"https:\/\/i0.wp.com\/www.curierul.ro\/wp-content\/uploads\/2023\/07\/CABINET-MEDICAL-e1763628915521.jpg?fit=300%2C246&amp;ssl=1\" class=\"attachment-giornalismo-single size-giornalismo-single wp-post-image\" alt loading=\"lazy\"><\/div>\n<p class=\"headline\"><a href=\"https:\/\/www.curierul.ro\/cas-avertizeaza-valcea-are-23-000-de-bolnavi-de-diabet\/\">CAS avertizeaz\u0103: V\u00e2lcea are 23.000 de bolnavi de diabet!!!<\/a><\/p>\n<\/article>\n<article id=\"latest-186982\" class=\"story post-186982 post type-post status-publish format-standard hentry category-sanatate category-social tag-cas-valcea tag-ghidul-asiguratului tag-orevenire\">\n<p class=\"headline\"><a href=\"https:\/\/www.curierul.ro\/casa-de-asigurari-de-sanatate-vine-in-sprijinul-valcenilor-cu-ghidul-asiguratului-azi-analizele-de-laborator-si-investigatiile-imagistice\/\">Casa de Asigur\u0103ri de S\u0103n\u0103tate vine \u00een sprijinul v\u00e2lcenilor cu Ghidul asiguratului. Azi \u2013 analizele de laborator \u0219i investiga\u021biile imagistice<\/a><\/p>\n<\/article>\n<article id=\"latest-185949\" class=\"story post-185949 post type-post status-publish format-standard has-post-thumbnail hentry category-sanatate category-social tag-cas-valcea tag-femei-insarcinate tag-servicii-medicale-decontate\">\n<div class=\"photo\"><img decoding=\"async\" width=\"735\" height=\"440\" src=\"https:\/\/i0.wp.com\/www.curierul.ro\/wp-content\/uploads\/2023\/12\/femeie-insarcinata-1.jpg?fit=300%2C200&amp;ssl=1\" class=\"attachment-giornalismo-single size-giornalismo-single wp-post-image\" alt loading=\"lazy\"><\/div>\n<p class=\"headline\"><a href=\"https:\/\/www.curierul.ro\/care-sunt-serviciile-medicale-decontate-de-cas-valcea-pentru-femeile-insarcinate\/\">Care sunt serviciile medicale decontate de CAS V\u00e2lcea pentru femeile \u00eens\u0103rcinate?<\/a><\/p>\n<\/article>\n<article id=\"related-196661\" class=\"story post-196661 post type-post status-publish format-standard has-post-thumbnail hentry category-impact category-meridiane category-social tag-itm-valcea-2 tag-munca-la-negru tag-munca-nedeclarata tag-persoane tag-s-a-redus\">\n<div class=\"photo\"><img decoding=\"async\" width=\"735\" height=\"399\" src=\"https:\/\/i0.wp.com\/www.curierul.ro\/wp-content\/uploads\/2024\/03\/ITM-MUNCA.jpg?fit=300%2C163&amp;ssl=1\" class=\"attachment-giornalismo-single size-giornalismo-single wp-post-image\" alt loading=\"lazy\"><\/div>\n<p class=\"headline\"><a href=\"https:\/\/www.curierul.ro\/s-a-redus-munca-la-negru-itm-valcea-a-descoperit-doar-doua-persoane-prestand-munca-nedeclarata\/\">S-a redus \u00abmunca la negru\u00bb. ITM V\u00e2lcea a descoperit doar dou\u0103 persoane prest\u00e2nd munc\u0103 nedeclarat\u0103<\/a><\/p>\n<\/article>\n<article id=\"related-196641\" class=\"story post-196641 post type-post status-publish format-standard has-post-thumbnail hentry category-impact category-social tag-februarie tag-someri-2 tag-valcea-2\">\n<div class=\"photo\"><img decoding=\"async\" width=\"735\" height=\"440\" src=\"https:\/\/i0.wp.com\/www.curierul.ro\/wp-content\/uploads\/2026\/03\/somaj-feb-2026.png?fit=300%2C180&amp;ssl=1\" class=\"attachment-giornalismo-single size-giornalismo-single wp-post-image\" alt loading=\"lazy\"><\/div>\n<p class=\"headline\"><a href=\"https:\/\/www.curierul.ro\/in-februarie-valcea-aproape-acelasi-numar-de-someri-ca-luna-precedenta\/\">\u00cen februarie, V\u00e2lcea, aproape acela\u0219i num\u0103r de \u0219omeri ca luna precedent\u0103<\/a><\/p>\n<\/article>\n<article id=\"related-196634\" class=\"story post-196634 post type-post status-publish format-standard has-post-thumbnail hentry category-headlines category-impact category-politica category-social tag-ecusoane tag-locatari tag-ostroveni tag-parcare-de-resedinta tag-ramnic-2\">\n<div class=\"photo\"><img decoding=\"async\" width=\"735\" height=\"440\" src=\"https:\/\/i0.wp.com\/www.curierul.ro\/wp-content\/uploads\/2026\/03\/parcare-resedinta-Ostroveni.jpg?fit=300%2C231&amp;ssl=1\" class=\"attachment-giornalismo-single size-giornalismo-single wp-post-image\" alt loading=\"lazy\"><\/div>\n<p class=\"headline\"><a href=\"https:\/\/www.curierul.ro\/cea-mai-mare-parcare-de-resedinta-din-ramnic-in-ostroveni-locatarii-au-la-dispozitie-o-luna-sa-si-faca-ecusoane\/\">Cea mai mare parcare de re\u0219edin\u021b\u0103 din R\u00e2mnic, \u00een Ostroveni. Locatarii au la dispozi\u021bie o lun\u0103 s\u0103-\u0219i fac\u0103 ecusoane<\/a><\/p>\n<\/article>\n<p>[analyse_source url=&#8221;https:\/\/www.curierul.ro\/cas-valcea-in-linie-dreapta-plata-concediilor-medicale-la-septembrie-2025\/&#8221;]<\/p>\n","protected":false},"excerpt":{"rendered":"<p>[analyse_image type=&#8221;featured&#8221; src=&#8221;https:\/\/www.curierul.ro\/wp-content\/uploads\/2020\/04\/cas-valcea-1.jpghttps:\/\/i0.wp.com\/www.curierul.ro\/wp-content\/uploads\/2020\/04\/cas-valcea-1.jpg?fit=1200%2C675&amp;ssl=1&#8243;] Home Impact CAS V\u00e2lcea, \u00een linie dreapt\u0103. Plata concediilor medicale, la septembrie 2025 CAS V\u00e2lcea, \u00een linie dreapt\u0103. Plata concediilor medicale, la septembrie 2025 Scris deAlin Emilian Tudoroiu, 17 martie 2026 Chiar dac\u0103 \u00een anul 2025 num\u0103rul concediilor medicale a mai sc\u0103zut, la un moment dat se str\u00e2nsese aproape un an de [&hellip;]<\/p>\n","protected":false},"author":1,"featured_media":0,"comment_status":"open","ping_status":"","sticky":false,"template":"","format":"standard","meta":{"footnotes":""},"categories":[89],"tags":[226,213],"class_list":["post-1832130","post","type-post","status-publish","format-standard","hentry","category-romania","tag-crawlmanager","tag-curierul-ro"],"_links":{"self":[{"href":"https:\/\/analyse.optim.biz\/index.php?rest_route=\/wp\/v2\/posts\/1832130","targetHints":{"allow":["GET"]}}],"collection":[{"href":"https:\/\/analyse.optim.biz\/index.php?rest_route=\/wp\/v2\/posts"}],"about":[{"href":"https:\/\/analyse.optim.biz\/index.php?rest_route=\/wp\/v2\/types\/post"}],"author":[{"embeddable":true,"href":"https:\/\/analyse.optim.biz\/index.php?rest_route=\/wp\/v2\/users\/1"}],"replies":[{"embeddable":true,"href":"https:\/\/analyse.optim.biz\/index.php?rest_route=%2Fwp%2Fv2%2Fcomments&post=1832130"}],"version-history":[{"count":0,"href":"https:\/\/analyse.optim.biz\/index.php?rest_route=\/wp\/v2\/posts\/1832130\/revisions"}],"wp:attachment":[{"href":"https:\/\/analyse.optim.biz\/index.php?rest_route=%2Fwp%2Fv2%2Fmedia&parent=1832130"}],"wp:term":[{"taxonomy":"category","embeddable":true,"href":"https:\/\/analyse.optim.biz\/index.php?rest_route=%2Fwp%2Fv2%2Fcategories&post=1832130"},{"taxonomy":"post_tag","embeddable":true,"href":"https:\/\/analyse.optim.biz\/index.php?rest_route=%2Fwp%2Fv2%2Ftags&post=1832130"}],"curies":[{"name":"wp","href":"https:\/\/api.w.org\/{rel}","templated":true}]}}