{"id":1832101,"date":"2026-03-18T09:17:16","date_gmt":"2026-03-18T06:17:16","guid":{"rendered":"https:\/\/analyse.optim.biz\/?p=1832101"},"modified":"2026-03-18T09:17:16","modified_gmt":"2026-03-18T06:17:16","slug":"ziua-francofoniei-celebrata-la-upt-cu-un-eveniment-deosebit","status":"publish","type":"post","link":"https:\/\/analyse.optim.biz\/?p=1832101","title":{"rendered":"Ziua Francofoniei, celebrat\u0103 la UPT cu un eveniment deosebit"},"content":{"rendered":"<p>[analyse_image type=&#8221;featured&#8221; src=&#8221;https:\/\/gazetadinvest.ro\/wp-content\/uploads\/2026\/03\/ziua-francofoniei3.jpg&#8221;]<\/p>\n<div class=\"td-post-content tagdiv-type\">\n<div class=\"td-post-featured-image\"><a href=\"https:\/\/gazetadinvest.ro\/wp-content\/uploads\/2026\/03\/ziua-francofoniei3.jpg\" data-caption><img loading=\"lazy\" decoding=\"async\" width=\"696\" height=\"464\" class=\"entry-thumb td-modal-image\" src=\"https:\/\/gazetadinvest.ro\/wp-content\/uploads\/2026\/03\/ziua-francofoniei3-696x464.jpg\" alt title=\"ziua francofoniei3\"><\/a><\/div>\n<p><strong>La mijloc de martie, Biblioteca Universit\u0103\u021bii Politehnica Timi\u0219oara a devenit un veritabil spa\u021biu al dialogului cultural francofon, reunind studen\u021bi, cadre didactice \u0219i elevi \u00een jurul unei limbi care une\u0219te comunit\u0103\u021bi de pe toate continentele. Evenimentul dedicat Zilei Interna\u021bionale a Francofoniei a adus \u00eempreun\u0103 pasiunea pentru limba francez\u0103, curiozitatea intelectual\u0103 \u0219i bucuria descoperirii.<\/strong><\/p>\n<p>Organizat\u0103 de Departamentul de Comunicare \u0219i Limbi Str\u0103ine din cadrul Facult\u0103\u021bii de \u0218tiin\u021be ale Comunic\u0103rii, \u00een colaborare cu Biblioteca Universit\u0103\u021bii Politehnica Timi\u0219oara, manifestarea a reunit studen\u021bi ai universit\u0103\u021bii care studiaz\u0103 limba francez\u0103 \u0219i cadre didactice.<br \/>\nEvenimentul a debutat cu o incursiune \u00een universul institu\u021bional al Francofoniei.<br \/>\nCoordonatoarea evenimentului, asist.univ.dr. Mihaela Popescu, a prezentat rolul \u0219i misiunea Organiza\u021biei Interna\u021bionale a Francofoniei (OIF) \u0219i ale Agen\u021biei Universitare a Francofoniei (AUF), subliniind importan\u021ba cooper\u0103rii academice \u0219i culturale \u00een spa\u021biul francofon. \u00cen continuare, prof.univ.dr. Mirela Pop, reprezentant AUF \u0219i coordonator al Lectoratului Francez din cadrul UPT, a eviden\u021biat relevan\u021ba limbii franceze \u00een formarea academic\u0103 \u0219i profesional\u0103 a studen\u021bilor.<\/p>\n<p>Celebrat\u0103 anual pe 20 martie \u00een 75 de \u021b\u0103ri membre, Ziua Interna\u021bional\u0103 a Francofoniei reune\u0219te peste 300 de milioane de vorbitori de limb\u0103 francez\u0103 din \u00eentreaga lume. Instituit\u0103 \u00een 1998, aceast\u0103 zi marcheaz\u0103, simbolic, \u00eenfiin\u021barea, \u00een 1970, a primei structuri de cooperare francofon\u0103 \u2013 Agen\u021bia de cooperare cultural\u0103 \u0219i tehnic\u0103, devenit\u0103 ulterior Organiza\u021bia Interna\u021bional\u0103 a Francofoniei. Rom\u00e2nia este parte a acestui spa\u021biu din 1993, continu\u00e2nd o tradi\u021bie cultural\u0103 profund legat\u0103 de limba \u0219i valorile francofone.<\/p>\n<p>\u00cen acest context, Universitatea Politehnica Timi\u0219oara \u00ee\u0219i afirm\u0103 apartenen\u021ba la comunitatea francofon\u0103 interna\u021bional\u0103, fiind membr\u0103 a Agen\u021biei Universitare a Francofoniei \u0219i g\u0103zduind un Lectorat Francez activ. Prin aceste ini\u021biative, studen\u021bii \u0219i cadrele didactice au acces la programe de mobilitate, burse \u0219i colabor\u0103ri academice interna\u021bionale.<\/p>\n<p>Dup\u0103 momentul introductiv, atmosfera s-a animat printr-un quiz interactiv, \u00een care studen\u021bii, \u00eemp\u0103r\u021bi\u021bi \u00een echipe, au fost provoca\u021bi s\u0103 recunoasc\u0103 \u021b\u0103ri membre ale OIF pe baza unor descrieri \u00een limba francez\u0103. Activitatea a adus \u00een prim-plan nu doar cuno\u0219tin\u021bele lingvistice, ci \u0219i spiritul de echip\u0103 \u0219i dorin\u021ba de explorare cultural\u0103.<\/p>\n<p>Evenimentul a continuat cu proiec\u021bia filmului francez Un monde merveilleux (2024), o comedie care a completat experien\u021ba francofon\u0103 prin intermediul cinematografiei contemporane.<br \/>\n\u00cen final, participan\u021bii au fost invita\u021bi s\u0103 descopere expozi\u021bia de carte \u00een limba francez\u0103 organizat\u0103 la etajul al doilea al bibliotecii. Colec\u021bia bogat\u0103 a Bibliotecii UPT, care include at\u00e2t opere \u00een limba original\u0103, c\u00e2t \u0219i traduceri ale marilor clasici ai literaturii franceze, a oferit un cadru potrivit pentru \u00eencheierea unei zile dedicate culturii, limbii \u0219i dialogului intercultural.<\/p>\n<p>Prin acest eveniment, Universitatea Politehnica Timi\u0219oara reconfirm\u0103 rolul s\u0103u de spa\u021biu al diversit\u0103\u021bii culturale \u0219i al deschiderii interna\u021bionale, \u00een care educa\u021bia tehnic\u0103 se \u00eembin\u0103 firesc cu valorile umaniste \u0219i cu promovarea limbilor str\u0103ine.<\/p>\n<p><img loading=\"lazy\" decoding=\"async\" class=\"alignnone size-medium wp-image-83300\" src=\"https:\/\/gazetadinvest.ro\/wp-content\/uploads\/2026\/03\/ziua-francofoniei1-750x500.jpg\" alt width=\"750\" height=\"500\"><\/p>\n<\/div>\n<div class=\"td-post-content tagdiv-type\">\n<div class=\"td-post-featured-image\"><a href=\"https:\/\/gazetadinvest.ro\/wp-content\/uploads\/2026\/03\/ziua-francofoniei3.jpg\" data-caption><img loading=\"lazy\" decoding=\"async\" width=\"696\" height=\"464\" class=\"entry-thumb td-modal-image\" src=\"https:\/\/gazetadinvest.ro\/wp-content\/uploads\/2026\/03\/ziua-francofoniei3-696x464.jpg\" alt title=\"ziua francofoniei3\"><\/a><\/div>\n<p><strong>La mijloc de martie, Biblioteca Universit\u0103\u021bii Politehnica Timi\u0219oara a devenit un veritabil spa\u021biu al dialogului cultural francofon, reunind studen\u021bi, cadre didactice \u0219i elevi \u00een jurul unei limbi care une\u0219te comunit\u0103\u021bi de pe toate continentele. Evenimentul dedicat Zilei Interna\u021bionale a Francofoniei a adus \u00eempreun\u0103 pasiunea pentru limba francez\u0103, curiozitatea intelectual\u0103 \u0219i bucuria descoperirii.<\/strong><\/p>\n<p>Organizat\u0103 de Departamentul de Comunicare \u0219i Limbi Str\u0103ine din cadrul Facult\u0103\u021bii de \u0218tiin\u021be ale Comunic\u0103rii, \u00een colaborare cu Biblioteca Universit\u0103\u021bii Politehnica Timi\u0219oara, manifestarea a reunit studen\u021bi ai universit\u0103\u021bii care studiaz\u0103 limba francez\u0103 \u0219i cadre didactice.<br \/>\nEvenimentul a debutat cu o incursiune \u00een universul institu\u021bional al Francofoniei.<br \/>\nCoordonatoarea evenimentului, asist.univ.dr. Mihaela Popescu, a prezentat rolul \u0219i misiunea Organiza\u021biei Interna\u021bionale a Francofoniei (OIF) \u0219i ale Agen\u021biei Universitare a Francofoniei (AUF), subliniind importan\u021ba cooper\u0103rii academice \u0219i culturale \u00een spa\u021biul francofon. \u00cen continuare, prof.univ.dr. Mirela Pop, reprezentant AUF \u0219i coordonator al Lectoratului Francez din cadrul UPT, a eviden\u021biat relevan\u021ba limbii franceze \u00een formarea academic\u0103 \u0219i profesional\u0103 a studen\u021bilor.<\/p>\n<p>Celebrat\u0103 anual pe 20 martie \u00een 75 de \u021b\u0103ri membre, Ziua Interna\u021bional\u0103 a Francofoniei reune\u0219te peste 300 de milioane de vorbitori de limb\u0103 francez\u0103 din \u00eentreaga lume. Instituit\u0103 \u00een 1998, aceast\u0103 zi marcheaz\u0103, simbolic, \u00eenfiin\u021barea, \u00een 1970, a primei structuri de cooperare francofon\u0103 \u2013 Agen\u021bia de cooperare cultural\u0103 \u0219i tehnic\u0103, devenit\u0103 ulterior Organiza\u021bia Interna\u021bional\u0103 a Francofoniei. Rom\u00e2nia este parte a acestui spa\u021biu din 1993, continu\u00e2nd o tradi\u021bie cultural\u0103 profund legat\u0103 de limba \u0219i valorile francofone.<\/p>\n<p>\u00cen acest context, Universitatea Politehnica Timi\u0219oara \u00ee\u0219i afirm\u0103 apartenen\u021ba la comunitatea francofon\u0103 interna\u021bional\u0103, fiind membr\u0103 a Agen\u021biei Universitare a Francofoniei \u0219i g\u0103zduind un Lectorat Francez activ. Prin aceste ini\u021biative, studen\u021bii \u0219i cadrele didactice au acces la programe de mobilitate, burse \u0219i colabor\u0103ri academice interna\u021bionale.<\/p>\n<p>Dup\u0103 momentul introductiv, atmosfera s-a animat printr-un quiz interactiv, \u00een care studen\u021bii, \u00eemp\u0103r\u021bi\u021bi \u00een echipe, au fost provoca\u021bi s\u0103 recunoasc\u0103 \u021b\u0103ri membre ale OIF pe baza unor descrieri \u00een limba francez\u0103. Activitatea a adus \u00een prim-plan nu doar cuno\u0219tin\u021bele lingvistice, ci \u0219i spiritul de echip\u0103 \u0219i dorin\u021ba de explorare cultural\u0103.<\/p>\n<p>Evenimentul a continuat cu proiec\u021bia filmului francez Un monde merveilleux (2024), o comedie care a completat experien\u021ba francofon\u0103 prin intermediul cinematografiei contemporane.<br \/>\n\u00cen final, participan\u021bii au fost invita\u021bi s\u0103 descopere expozi\u021bia de carte \u00een limba francez\u0103 organizat\u0103 la etajul al doilea al bibliotecii. Colec\u021bia bogat\u0103 a Bibliotecii UPT, care include at\u00e2t opere \u00een limba original\u0103, c\u00e2t \u0219i traduceri ale marilor clasici ai literaturii franceze, a oferit un cadru potrivit pentru \u00eencheierea unei zile dedicate culturii, limbii \u0219i dialogului intercultural.<\/p>\n<p>Prin acest eveniment, Universitatea Politehnica Timi\u0219oara reconfirm\u0103 rolul s\u0103u de spa\u021biu al diversit\u0103\u021bii culturale \u0219i al deschiderii interna\u021bionale, \u00een care educa\u021bia tehnic\u0103 se \u00eembin\u0103 firesc cu valorile umaniste \u0219i cu promovarea limbilor str\u0103ine.<\/p>\n<p><img loading=\"lazy\" decoding=\"async\" class=\"alignnone size-medium wp-image-83300\" src=\"https:\/\/gazetadinvest.ro\/wp-content\/uploads\/2026\/03\/ziua-francofoniei1-750x500.jpg\" alt width=\"750\" height=\"500\"><\/p>\n<\/div>\n<p>[analyse_source url=&#8221;https:\/\/gazetadinvest.ro\/ziua-francofoniei-celebrata-la-upt-cu-un-eveniment-deosebit\/&#8221;]<\/p>\n","protected":false},"excerpt":{"rendered":"<p>[analyse_image type=&#8221;featured&#8221; src=&#8221;https:\/\/gazetadinvest.ro\/wp-content\/uploads\/2026\/03\/ziua-francofoniei3.jpg&#8221;] La mijloc de martie, Biblioteca Universit\u0103\u021bii Politehnica Timi\u0219oara a devenit un veritabil spa\u021biu al dialogului cultural francofon, reunind studen\u021bi, cadre didactice \u0219i elevi \u00een jurul unei limbi care une\u0219te comunit\u0103\u021bi de pe toate continentele. Evenimentul dedicat Zilei Interna\u021bionale a Francofoniei a adus \u00eempreun\u0103 pasiunea pentru limba francez\u0103, curiozitatea intelectual\u0103 \u0219i bucuria descoperirii. [&hellip;]<\/p>\n","protected":false},"author":1,"featured_media":0,"comment_status":"open","ping_status":"","sticky":false,"template":"","format":"standard","meta":{"footnotes":""},"categories":[89],"tags":[226,203],"class_list":["post-1832101","post","type-post","status-publish","format-standard","hentry","category-romania","tag-crawlmanager","tag-gazetadinvest-ro"],"_links":{"self":[{"href":"https:\/\/analyse.optim.biz\/index.php?rest_route=\/wp\/v2\/posts\/1832101","targetHints":{"allow":["GET"]}}],"collection":[{"href":"https:\/\/analyse.optim.biz\/index.php?rest_route=\/wp\/v2\/posts"}],"about":[{"href":"https:\/\/analyse.optim.biz\/index.php?rest_route=\/wp\/v2\/types\/post"}],"author":[{"embeddable":true,"href":"https:\/\/analyse.optim.biz\/index.php?rest_route=\/wp\/v2\/users\/1"}],"replies":[{"embeddable":true,"href":"https:\/\/analyse.optim.biz\/index.php?rest_route=%2Fwp%2Fv2%2Fcomments&post=1832101"}],"version-history":[{"count":0,"href":"https:\/\/analyse.optim.biz\/index.php?rest_route=\/wp\/v2\/posts\/1832101\/revisions"}],"wp:attachment":[{"href":"https:\/\/analyse.optim.biz\/index.php?rest_route=%2Fwp%2Fv2%2Fmedia&parent=1832101"}],"wp:term":[{"taxonomy":"category","embeddable":true,"href":"https:\/\/analyse.optim.biz\/index.php?rest_route=%2Fwp%2Fv2%2Fcategories&post=1832101"},{"taxonomy":"post_tag","embeddable":true,"href":"https:\/\/analyse.optim.biz\/index.php?rest_route=%2Fwp%2Fv2%2Ftags&post=1832101"}],"curies":[{"name":"wp","href":"https:\/\/api.w.org\/{rel}","templated":true}]}}