{"id":1832095,"date":"2026-03-16T13:33:54","date_gmt":"2026-03-16T10:33:54","guid":{"rendered":"https:\/\/analyse.optim.biz\/?p=1832095"},"modified":"2026-03-16T13:33:54","modified_gmt":"2026-03-16T10:33:54","slug":"vreme-calda-in-urmatoarele-doua-saptamani-in-banat","status":"publish","type":"post","link":"https:\/\/analyse.optim.biz\/?p=1832095","title":{"rendered":"Vreme cald\u0103 \u00een urm\u0103toarele dou\u0103 s\u0103pt\u0103m\u00e2ni, \u00een Banat"},"content":{"rendered":"<p>[analyse_image type=&#8221;featured&#8221; src=&#8221;http:\/\/www.banatulmeu.ro\/wp-content\/uploads\/2024\/03\/primavara2.jpg&#8221;]<\/p>\n<div class=\"post-content-bd\">\n<p>Ve\u0219ti bune aduse de meteorologi. \u00cen urm\u0103toarele dou\u0103 s\u0103pt\u0103m\u00e2ni vom avea parte de o vreme cald\u0103 \u00een zona de vest a \u021b\u0103rii. Administra\u021bia Na\u021bional\u0103 de Meteorologie a f\u0103cut public\u0103 prognoza meteo p\u00e2n\u0103 \u00een data de 29 martie, \u00een Banat.<\/p>\n<p><em>\u201ePe tot parcursul intervalului de prognoz\u0103, valorile termice vor avea oscila\u021bii u\u0219oare \u00een jurul celor normale pentru aceast\u0103 perioad\u0103. Astfel, \u00een perioada 16 \u2013 21 martie sunt estimate medii ale temperaturilor maxime de 13\u202615 grade, cu posibilitatea unor valori u\u0219or mai cobor\u00e2te \u00een jurul datei de 20 martie. Ulterior, \u00een intervalul 22 \u2013 29 martie, valorile termice vor fi \u00een medie de 15\u202617 grade. Totu\u0219i, spre finalul perioadei gradul de incertitudine al prognozei cre\u0219te, fiind posibile varia\u021bii mai mari ale regimului termic. Media temperaturilor minime va fi, \u00een general, cuprins\u0103 \u00eentre 1 \u0219i 3 grade \u00een prima parte a intervalului, iar dup\u0103 data de 23 martie valorile nocturne vor avea o tendin\u021b\u0103 de cre\u0219tere, situ\u00e2ndu-se \u00eentre 2 \u0219i 4 grade<\/em>\u201d, a informat ANM.<\/p>\n<p>Potrivit meteorologilor, probabilitatea de apari\u021bie a precipita\u021biilor va fi \u00een cre\u0219tere \u00een data de 18 martie \u0219i din nou dup\u0103 data de 25 martie.<\/p>\n<\/div>\n<p>[analyse_source url=&#8221;https:\/\/www.banatulmeu.ro\/vreme-calda-in-urmatoarele-doua-saptamani-in-banat\/&#8221;]<\/p>\n","protected":false},"excerpt":{"rendered":"<p>[analyse_image type=&#8221;featured&#8221; src=&#8221;http:\/\/www.banatulmeu.ro\/wp-content\/uploads\/2024\/03\/primavara2.jpg&#8221;] Ve\u0219ti bune aduse de meteorologi. \u00cen urm\u0103toarele dou\u0103 s\u0103pt\u0103m\u00e2ni vom avea parte de o vreme cald\u0103 \u00een zona de vest a \u021b\u0103rii. Administra\u021bia Na\u021bional\u0103 de Meteorologie a f\u0103cut public\u0103 prognoza meteo p\u00e2n\u0103 \u00een data de 29 martie, \u00een Banat. \u201ePe tot parcursul intervalului de prognoz\u0103, valorile termice vor avea oscila\u021bii u\u0219oare \u00een [&hellip;]<\/p>\n","protected":false},"author":1,"featured_media":0,"comment_status":"open","ping_status":"","sticky":false,"template":"","format":"standard","meta":{"footnotes":""},"categories":[89],"tags":[204,226],"class_list":["post-1832095","post","type-post","status-publish","format-standard","hentry","category-romania","tag-banatulmeu-ro","tag-crawlmanager"],"_links":{"self":[{"href":"https:\/\/analyse.optim.biz\/index.php?rest_route=\/wp\/v2\/posts\/1832095","targetHints":{"allow":["GET"]}}],"collection":[{"href":"https:\/\/analyse.optim.biz\/index.php?rest_route=\/wp\/v2\/posts"}],"about":[{"href":"https:\/\/analyse.optim.biz\/index.php?rest_route=\/wp\/v2\/types\/post"}],"author":[{"embeddable":true,"href":"https:\/\/analyse.optim.biz\/index.php?rest_route=\/wp\/v2\/users\/1"}],"replies":[{"embeddable":true,"href":"https:\/\/analyse.optim.biz\/index.php?rest_route=%2Fwp%2Fv2%2Fcomments&post=1832095"}],"version-history":[{"count":0,"href":"https:\/\/analyse.optim.biz\/index.php?rest_route=\/wp\/v2\/posts\/1832095\/revisions"}],"wp:attachment":[{"href":"https:\/\/analyse.optim.biz\/index.php?rest_route=%2Fwp%2Fv2%2Fmedia&parent=1832095"}],"wp:term":[{"taxonomy":"category","embeddable":true,"href":"https:\/\/analyse.optim.biz\/index.php?rest_route=%2Fwp%2Fv2%2Fcategories&post=1832095"},{"taxonomy":"post_tag","embeddable":true,"href":"https:\/\/analyse.optim.biz\/index.php?rest_route=%2Fwp%2Fv2%2Ftags&post=1832095"}],"curies":[{"name":"wp","href":"https:\/\/api.w.org\/{rel}","templated":true}]}}