{"id":183158,"date":"2015-04-08T19:12:07","date_gmt":"2015-04-08T16:12:07","guid":{"rendered":"https:\/\/analyse.optim.biz\/?p=183158"},"modified":"2015-04-08T19:12:07","modified_gmt":"2015-04-08T16:12:07","slug":"deputatul-marko-attila-salvat-de-iepuras","status":"publish","type":"post","link":"https:\/\/analyse.optim.biz\/?p=183158","title":{"rendered":"Deputatul Marko Attila, salvat de Iepura\u0219"},"content":{"rendered":"<div class=\"entry data-app-meta data-app-meta-article\" data-embed-base-url-canonical=\"https:\/\/www.digi24.ro\/embed\/stiri\/actualitate\/politica\/deputatul-marko-attila-salvat-de-iepuras-378095\">\n<p data-index=\"1\">\u015eedin\u0163a de plen ar fi trebuit s\u0103 \u00eenceap\u0103 miercuri la ora 10, \u00eens\u0103 \u015fi dup\u0103 jum\u0103tate de or\u0103 cele mai multe scaune erau tot goale, iar ale\u015fii puteau fi num\u0103ra\u0163i f\u0103r\u0103 probleme. Parlamentarii care au venit, totu\u015fi, la \u015fedin\u0163a de plen de ast\u0103zi au venit degeaba.<\/p>\n<p data-index=\"2\"><strong>\u201eSuspend \u015fedin\u0163a de ast\u0103zi, nici nu am deschis-o, c\u0103 nu avem cvorum\u201d<\/strong>, a anun\u021bat Valeriu Zgonea, pre\u0219edintele Camerei. <strong>\u201eV\u0103 urez <em>S\u0103rb\u0103tori fericite<\/em>, nu am ce s\u0103 fac\u201d<\/strong>, a ad\u0103ugat el.<\/p>\n<p data-index=\"3\">Opozi\u0163ia a taxat decizia pre\u015fedintelui Camerei Deputa\u0163ilor \u015fi \u00eei acuz\u0103 pe ale\u015fii PSD c\u0103 ar fi orchestrat totul.<\/p>\n<p data-index=\"4\">Ludovic Orban, deputat PNL:<strong> \u201e&#8230;Din majoritatea parlamentarilor nu au fost nici 20, evident c\u0103 a fost o \u00een\u021belegere tacit\u0103 la nivelul PSD \u0219i a celor care formeaz\u0103 majoritatea parlamentar\u0103 s\u0103 nu se lucreze \u00een plen\u201d.<\/strong><\/p>\n<p data-index=\"5\">Pentru a avea loc aceast\u0103 \u015fedin\u021b\u0103 a Camerei Deputa\u0163ilor ar fi fost nevoie s\u0103 fie prezen\u0163i \u00een sal\u0103 127 de deputa\u0163i. Au fost \u00een jur de 50 de parlamentari, caz \u00een care Valeriu Zgonea a \u00eenchis aceast\u0103 \u015fedin\u0163\u0103.<\/p>\n<p data-index=\"6\">Lucru bun, \u00eens\u0103, pentru un grup de copii afla\u0163i \u00een vizit\u0103 \u00een Parlament, care au putut intra \u00een sala de plen pentru a vizita locul \u00een care ar trebui s\u0103 munceasc\u0103 parlamentarii.<\/p>\n<p data-index=\"7\">Prin decizia de a pleca mai devreme \u00een vacan\u0163\u0103, deputa\u0163ii am\u00e2n\u0103 pentru a doua oar\u0103 \u015fi votul \u00een cazul lui <strong>Marko Attila<\/strong>, dup\u0103 ce s\u0103pt\u0103m\u00e2na trecut\u0103 acesta \u015fi-a trimis demisia prin e-mail. Atunci, ale\u015fii au spus c\u0103 a\u015fteapt\u0103 documentul \u00een original. Deputatul UDMR a plecat \u00een Ungaria \u00een decembrie anul trecut, dup\u0103 ce colegii s\u0103i au votat \u00een favoarea arest\u0103rii preventive \u00een dosarul ANRP. De\u015fi nu a mai revenit \u00een \u0163ar\u0103, Marko Attila beneficiaz\u0103 \u00eenc\u0103 de toate drepturile pe care i le ofer\u0103 func\u0163ia.<\/p>\n<p data-index=\"8\">P\u00e2n\u0103 acum, Marko Attila a \u00eencasat de la Parlament patru indemniza\u0163ii. \u00cen decembrie \u015fi ianuarie a primit aproape 5.000 de lei, \u00een timp ce \u00een februarie doar 3500, iar \u00een luna martie, pu\u0163in peste 4.000 de lei.<\/p>\n<p data-index=\"9\">\u015ei biroul deputatului UDMR a func\u0163ionat \u00een continuare. \u00cen fiecare lun\u0103, Parlamentul a alocat deputatului peste 10.000 de lei.<\/p>\n<p data-index=\"10\">Parlamentul \u00eei pl\u0103te\u015fte \u00een continuare \u015fi cazarea \u00een Bucure\u015fti. C\u00e2te 4.000 de lei pe lun\u0103 au fost vira\u0163i din bugetul Parlamentului pentru o locuin\u0163\u0103 \u00een care nu a stat nimeni. \u00a0<\/p>\n<\/div>\n<p> Source URL: https:\/\/www.digi24.ro\/stiri\/actualitate\/politica\/deputatul-marko-attila-salvat-de-iepuras-378095<\/p>\n","protected":false},"excerpt":{"rendered":"<p>\u015eedin\u0163a de plen ar fi trebuit s\u0103 \u00eenceap\u0103 miercuri la ora 10, \u00eens\u0103 \u015fi dup\u0103 jum\u0103tate de or\u0103 cele mai multe scaune erau tot goale, iar ale\u015fii puteau fi num\u0103ra\u0163i f\u0103r\u0103 probleme. Parlamentarii care au venit, totu\u015fi, la \u015fedin\u0163a de plen de ast\u0103zi au venit degeaba. \u201eSuspend \u015fedin\u0163a de ast\u0103zi, nici nu am deschis-o, c\u0103 [&hellip;]<\/p>\n","protected":false},"author":1,"featured_media":183159,"comment_status":"open","ping_status":"","sticky":false,"template":"","format":"standard","meta":{"footnotes":""},"categories":[2],"tags":[11],"class_list":["post-183158","post","type-post","status-publish","format-standard","has-post-thumbnail","hentry","category-politics","tag-digi24"],"_links":{"self":[{"href":"https:\/\/analyse.optim.biz\/index.php?rest_route=\/wp\/v2\/posts\/183158","targetHints":{"allow":["GET"]}}],"collection":[{"href":"https:\/\/analyse.optim.biz\/index.php?rest_route=\/wp\/v2\/posts"}],"about":[{"href":"https:\/\/analyse.optim.biz\/index.php?rest_route=\/wp\/v2\/types\/post"}],"author":[{"embeddable":true,"href":"https:\/\/analyse.optim.biz\/index.php?rest_route=\/wp\/v2\/users\/1"}],"replies":[{"embeddable":true,"href":"https:\/\/analyse.optim.biz\/index.php?rest_route=%2Fwp%2Fv2%2Fcomments&post=183158"}],"version-history":[{"count":0,"href":"https:\/\/analyse.optim.biz\/index.php?rest_route=\/wp\/v2\/posts\/183158\/revisions"}],"wp:featuredmedia":[{"embeddable":true,"href":"https:\/\/analyse.optim.biz\/index.php?rest_route=\/wp\/v2\/media\/183159"}],"wp:attachment":[{"href":"https:\/\/analyse.optim.biz\/index.php?rest_route=%2Fwp%2Fv2%2Fmedia&parent=183158"}],"wp:term":[{"taxonomy":"category","embeddable":true,"href":"https:\/\/analyse.optim.biz\/index.php?rest_route=%2Fwp%2Fv2%2Fcategories&post=183158"},{"taxonomy":"post_tag","embeddable":true,"href":"https:\/\/analyse.optim.biz\/index.php?rest_route=%2Fwp%2Fv2%2Ftags&post=183158"}],"curies":[{"name":"wp","href":"https:\/\/api.w.org\/{rel}","templated":true}]}}