{"id":1830907,"date":"2026-03-12T20:29:29","date_gmt":"2026-03-12T17:29:29","guid":{"rendered":"https:\/\/analyse.optim.biz\/?p=1830907"},"modified":"2026-03-12T20:29:29","modified_gmt":"2026-03-12T17:29:29","slug":"cfr-a-lansat-campania-calea-ferata-fara-gunoaie","status":"publish","type":"post","link":"https:\/\/analyse.optim.biz\/?p=1830907","title":{"rendered":"CFR a lansat campania \u201eCalea ferat\u0103 f\u0103r\u0103 gunoaie\u201d"},"content":{"rendered":"<p>[analyse_image type=&#8221;featured&#8221; src=&#8221;https:\/\/www.tvbuzau.ro\/wp-content\/uploads\/2026\/03\/hqdefault-20.jpghttps:\/\/www.tvbuzau.ro\/wp-content\/uploads\/2026\/03\/hqdefault-20.jpg&#8221;]<\/p>\n<div class=\"td-ss-main-content\">\n<article id=\"post-118342\" class=\"post-118342 post type-post status-publish format-video has-post-thumbnail hentry category-actualitate post_format-post-format-video\">\n<div class=\"td-post-header\">\n<ul class=\"td-category\">\n<li class=\"entry-category\"><a href=\"https:\/\/www.tvbuzau.ro\/category\/actualitate\/\">Actualitate<\/a><\/li>\n<\/ul>\n<header class=\"td-post-title\">\n<h1 class=\"entry-title\">CFR a lansat campania \u201eCalea ferat\u0103 f\u0103r\u0103 gunoaie\u201d<\/h1>\n<div class=\"td-module-meta-info\">\n<div class=\"td-post-author-name\">De c\u0103tre <a href=\"https:\/\/www.tvbuzau.ro\/author\/mihai-vasilescu\/\">TV Buz\u0103u<\/a> &#8211; <\/div>\n<p><span class=\"td-post-date\"><time class=\"entry-date updated td-module-date\" datetime=\"2026-03-12T20:29:29+00:00\">martie 12, 2026<\/time><\/span><\/p>\n<div class=\"td-post-comments\"><a href=\"https:\/\/www.tvbuzau.ro\/cfr-a-lansat-campania-calea-ferata-fara-gunoaie\/#respond\">0<\/a><\/div>\n<div class=\"td-post-views\"><span class=\"td-nr-views-118342\">16<\/span><\/div>\n<\/div>\n<\/header>\n<\/div>\n<div class=\"td-post-sharing td-post-sharing-top td-with-like\">\n<div class=\"td-default-sharing\"><a class=\"td-social-sharing-buttons td-social-facebook\" href=\"http:\/\/www.facebook.com\/sharer.php?u=https%3A%2F%2Fwww.tvbuzau.ro%2Fcfr-a-lansat-campania-calea-ferata-fara-gunoaie%2F\"><\/p>\n<div class=\"td-social-but-text\">Distribui\u021bi pe Facebook<\/div>\n<p><\/a><a class=\"td-social-sharing-buttons td-social-twitter\" href=\"https:\/\/twitter.com\/intent\/tweet?text=CFR+a+lansat+campania+%E2%80%9ECalea+ferat%C4%83+f%C4%83r%C4%83+gunoaie%E2%80%9D&amp;url=https%3A%2F%2Fwww.tvbuzau.ro%2Fcfr-a-lansat-campania-calea-ferata-fara-gunoaie%2F&amp;via=TV+Buz%C4%83u\"><\/p>\n<div class=\"td-social-but-text\">Distribui\u021bi pe Twitter<\/div>\n<p><\/a><\/div>\n<div class=\"td-classic-sharing\">\n<ul>\n<li class=\"td-classic-facebook\"><iframe frameborder src=\"https:\/\/www.facebook.com\/plugins\/like.php?href=https:\/\/www.tvbuzau.ro\/cfr-a-lansat-campania-calea-ferata-fara-gunoaie\/&amp;layout=button_count&amp;show_faces=false&amp;width=105&amp;action=like&amp;colorscheme=light&amp;height=21\"><\/iframe><\/li>\n<li class=\"td-classic-twitter\"><a href=\"https:\/\/twitter.com\/share\" class=\"twitter-share-button\" data-url=\"https:\/\/www.tvbuzau.ro\/cfr-a-lansat-campania-calea-ferata-fara-gunoaie\/\" data-text=\"CFR a lansat campania \u201eCalea ferat\u0103 f\u0103r\u0103 gunoaie\u201d\" data-via data-lang=\"en\">tweet<\/a><\/li>\n<\/ul>\n<\/div>\n<\/div>\n<div class=\"td-post-content\">\n<div class=\"td-featured-image-rec\">\n<div class=\"wpb_video_wrapper\">\n                    <iframe loading=\"lazy\" id=\"td_youtube_player\" width=\"600\" height=\"560\" src=\"https:\/\/www.youtube.com\/embed\/mV2-ldeNt3w?enablejsapi=1&amp;feature=oembed&amp;wmode=opaque&amp;vq=hd720\" frameborder allowfullscreen><\/iframe><\/p><\/div>\n<\/div>\n<p>De\u0219euri afecteaz\u0103 solul, vegeta\u021bia \u0219i calitatea peisajului<br \/>\nCompania Na\u021bional\u0103 de C\u0103i Ferate \u201eCFR\u201d S.A. a lansat campania na\u021bional\u0103 de informare \u0219i con\u0219tientizare civic\u0103 \u201eCALEA FERAT\u0102 F\u0102R\u0102 GUNOAIE\u201d, un demers dedicat prevenirii depozit\u0103rii de\u0219eurilor \u00een zona infrastructurii feroviare \u0219i consolid\u0103rii responsabilit\u0103\u021bii civice fa\u021b\u0103 de mediul \u00eenconjur\u0103tor. Abandonarea de\u0219eurilor menajere, a materialelor provenite din construc\u021bii sau aruncarea acestora din tren afecteaz\u0103 direct activitatea de exploatare, siguran\u021ba circula\u021biei \u0219i calitatea mediului, anun\u0163\u0103 organizatorii campaniei.<\/p>\n<p>\u201eDepozitarea neautorizat\u0103 a de\u0219eurilor produce efecte concrete asupra modului de desf\u0103\u0219urare a activit\u0103\u021bii: alocarea suplimentar\u0103 de resurse umane, \u00eent\u00e2rzieri \u00een lucr\u0103rile de mentenan\u021b\u0103, reducerea capacit\u0103\u021bii de interven\u021bie, prezen\u021ba de\u0219eurilor \u00een zona terasamentului \u00eengreuneaz\u0103 accesul tehnic \u0219i poate \u00eent\u00e2rzia interven\u021biile necesare pentru men\u021binerea siguran\u021bei circula\u021biei. Obiectele abandonate \u00een zona de siguran\u021b\u0103 pot genera riscuri suplimentare pentru personalul care desf\u0103\u0219oar\u0103 activit\u0103\u021bi de \u00eentre\u021bi-nere \u0219i verificare\u201d, atrage aten\u0163ia CFR S.A.<br \/>\nTotodat\u0103, mai arat\u0103 compania, depozitarea neconform\u0103 poate atrage sanc\u021biuni iar acumularea de de\u0219euri afecteaz\u0103 solul, vegeta\u021bia \u0219i calitatea peisajului, \u00een special \u00een zonele unde infrastructura feroviar\u0103 traverseaz\u0103 localit\u0103\u021bi sau arii naturale.<\/p>\n<p>\u201eCampania urm\u0103re\u0219te reducerea fenomenului de depozitare ilegal\u0103 \u00een zona infrastructurii feroviare, informarea corect\u0103 a c\u0103l\u0103torilor \u0219i a comunit\u0103\u021bilor locale privind consecin\u021bele acestui comportament. Materialele informative sunt afi\u0219ate \u00een sta\u021bii \u0219i puncte de oprire, iar mesajele campaniei sunt transmise prin sistemele de informare audio destinate publicului\u201d, a anun\u0163at CFR S.A.<\/p>\n<div class=\"post-views post-118342 entry-meta\"><span class=\"post-views-label\">Post Views: <\/span><span class=\"post-views-count\">366<\/span><\/div>\n<\/div>\n<footer>\n<div class=\"td-post-sharing td-post-sharing-bottom td-with-like\"><span class=\"td-post-share-title\">DISTRIBUI\u021aI<\/span><\/p>\n<div class=\"td-default-sharing\"><a class=\"td-social-sharing-buttons td-social-facebook\" href=\"http:\/\/www.facebook.com\/sharer.php?u=https%3A%2F%2Fwww.tvbuzau.ro%2Fcfr-a-lansat-campania-calea-ferata-fara-gunoaie%2F\"><\/p>\n<div class=\"td-social-but-text\">Facebook<\/div>\n<p><\/a><a class=\"td-social-sharing-buttons td-social-twitter\" href=\"https:\/\/twitter.com\/intent\/tweet?text=CFR+a+lansat+campania+%E2%80%9ECalea+ferat%C4%83+f%C4%83r%C4%83+gunoaie%E2%80%9D&amp;url=https%3A%2F%2Fwww.tvbuzau.ro%2Fcfr-a-lansat-campania-calea-ferata-fara-gunoaie%2F&amp;via=TV+Buz%C4%83u\"><\/p>\n<div class=\"td-social-but-text\">Twitter<\/div>\n<p><\/a><\/div>\n<div class=\"td-classic-sharing\">\n<ul>\n<li class=\"td-classic-facebook\"><iframe frameborder src=\"https:\/\/www.facebook.com\/plugins\/like.php?href=https:\/\/www.tvbuzau.ro\/cfr-a-lansat-campania-calea-ferata-fara-gunoaie\/&amp;layout=button_count&amp;show_faces=false&amp;width=105&amp;action=like&amp;colorscheme=light&amp;height=21\"><\/iframe><\/li>\n<li class=\"td-classic-twitter\"><a href=\"https:\/\/twitter.com\/share\" class=\"twitter-share-button\" data-url=\"https:\/\/www.tvbuzau.ro\/cfr-a-lansat-campania-calea-ferata-fara-gunoaie\/\" data-text=\"CFR a lansat campania \u201eCalea ferat\u0103 f\u0103r\u0103 gunoaie\u201d\" data-via data-lang=\"en\">tweet<\/a><\/li>\n<\/ul>\n<\/div>\n<\/div>\n<div class=\"td-author-name vcard author\"><span class=\"fn\"><a href=\"https:\/\/www.tvbuzau.ro\/author\/mihai-vasilescu\/\">TV Buz\u0103u<\/a><\/span><\/div>\n<p><span><\/span><span><span><\/span><\/span><span><\/span><\/footer>\n<\/article>\n<div class=\"td_block_wrap td_block_related_posts td_uid_1_69b9e2cc10e30_rand td_with_ajax_pagination td-pb-border-top\" data-td-block-uid=\"td_uid_1_69b9e2cc10e30\">\n<h4 class=\"td-related-title\"><a id=\"td_uid_2_69b9e2cc16961\" class=\"td-related-left td-cur-simple-item\" data-td_filter_value data-td_block_id=\"td_uid_1_69b9e2cc10e30\" href=\"https:\/\/www.tvbuzau.ro\/cfr-a-lansat-campania-calea-ferata-fara-gunoaie\/\">ARTICOLE SIMILARE<\/a><a id=\"td_uid_3_69b9e2cc1699b\" class=\"td-related-right\" data-td_filter_value=\"td_related_more_from_author\" data-td_block_id=\"td_uid_1_69b9e2cc10e30\" href=\"https:\/\/www.tvbuzau.ro\/cfr-a-lansat-campania-calea-ferata-fara-gunoaie\/\">DE LA ACELA\u0218I AUTOR<\/a><\/h4>\n<div id=\"td_uid_1_69b9e2cc10e30\" class=\"td_block_inner\">\n<div class=\"td-related-row\">\n<div class=\"td-related-span4\">\n<div class=\"td_module_related_posts td-animation-stack td_mod_related_posts\">\n<div class=\"td-module-image\">\n<div class=\"td-module-thumb\"><a href=\"https:\/\/www.tvbuzau.ro\/politistii-locali-ar-putea-sustine-probe-sportive\/\" rel=\"bookmark\" title=\"Poli\u0163i\u015ftii locali ar putea sus\u0163ine probe sportive\"><img loading=\"lazy\" decoding=\"async\" width=\"218\" height=\"150\" class=\"entry-thumb\" src=\"https:\/\/www.tvbuzau.ro\/wp-content\/uploads\/2026\/03\/sddefault-33-218x150.jpg\" alt title=\"Poli\u0163i\u015ftii locali ar putea sus\u0163ine probe sportive\"><span class=\"td-video-play-ico\"><img loading=\"lazy\" decoding=\"async\" width=\"40\" height=\"40\" class=\"td-retina\" src=\"https:\/\/www.tvbuzau.ro\/wp-content\/themes\/Newspaper\/images\/icons\/ico-video-large.png\" alt=\"video\"><\/span><\/a><\/div>\n<p><a href=\"https:\/\/www.tvbuzau.ro\/category\/actualitate\/\" class=\"td-post-category\">Actualitate<\/a><\/div>\n<div class=\"item-details\">\n<h3 class=\"entry-title td-module-title\"><a href=\"https:\/\/www.tvbuzau.ro\/politistii-locali-ar-putea-sustine-probe-sportive\/\" rel=\"bookmark\" title=\"Poli\u0163i\u015ftii locali ar putea sus\u0163ine probe sportive\">Poli\u0163i\u015ftii locali ar putea sus\u0163ine probe sportive<\/a><\/h3>\n<\/div>\n<\/div>\n<\/div>\n<div class=\"td-related-span4\">\n<div class=\"td_module_related_posts td-animation-stack td_mod_related_posts\">\n<div class=\"td-module-image\">\n<div class=\"td-module-thumb\"><a href=\"https:\/\/www.tvbuzau.ro\/regionala-de-drumuri-buzau-va-administra-peste-200-km-de-autostrada\/\" rel=\"bookmark\" title=\"Regionala de drumuri Buz\u0103u va administra peste 200 km de autostrad\u0103\"><img loading=\"lazy\" decoding=\"async\" width=\"218\" height=\"150\" class=\"entry-thumb\" src=\"https:\/\/www.tvbuzau.ro\/wp-content\/uploads\/2026\/03\/sddefault-32-218x150.jpg\" alt title=\"Regionala de drumuri Buz\u0103u va administra peste 200 km de autostrad\u0103\"><span class=\"td-video-play-ico\"><img loading=\"lazy\" decoding=\"async\" width=\"40\" height=\"40\" class=\"td-retina\" src=\"https:\/\/www.tvbuzau.ro\/wp-content\/themes\/Newspaper\/images\/icons\/ico-video-large.png\" alt=\"video\"><\/span><\/a><\/div>\n<p><a href=\"https:\/\/www.tvbuzau.ro\/category\/actualitate\/\" class=\"td-post-category\">Actualitate<\/a><\/div>\n<div class=\"item-details\">\n<h3 class=\"entry-title td-module-title\"><a href=\"https:\/\/www.tvbuzau.ro\/regionala-de-drumuri-buzau-va-administra-peste-200-km-de-autostrada\/\" rel=\"bookmark\" title=\"Regionala de drumuri Buz\u0103u va administra peste 200 km de autostrad\u0103\">Regionala de drumuri Buz\u0103u va administra peste 200 km de autostrad\u0103<\/a><\/h3>\n<\/div>\n<\/div>\n<\/div>\n<div class=\"td-related-span4\">\n<div class=\"td_module_related_posts td-animation-stack td_mod_related_posts\">\n<div class=\"td-module-image\">\n<div class=\"td-module-thumb\"><a href=\"https:\/\/www.tvbuzau.ro\/in-lipsa-bugetului-de-stat-consiliul-judetean-a-impartit-excedentul\/\" rel=\"bookmark\" title=\"\u00cen lipsa bugetului de stat, Consiliul Jude\u0163ean a \u00eemp\u0103r\u0163it excedentul\"><img loading=\"lazy\" decoding=\"async\" width=\"218\" height=\"150\" class=\"entry-thumb\" src=\"https:\/\/www.tvbuzau.ro\/wp-content\/uploads\/2026\/03\/sddefault-31-218x150.jpg\" alt title=\"\u00cen lipsa bugetului de stat, Consiliul Jude\u0163ean a \u00eemp\u0103r\u0163it excedentul\"><span class=\"td-video-play-ico\"><img loading=\"lazy\" decoding=\"async\" width=\"40\" height=\"40\" class=\"td-retina\" src=\"https:\/\/www.tvbuzau.ro\/wp-content\/themes\/Newspaper\/images\/icons\/ico-video-large.png\" alt=\"video\"><\/span><\/a><\/div>\n<p><a href=\"https:\/\/www.tvbuzau.ro\/category\/actualitate\/\" class=\"td-post-category\">Actualitate<\/a><\/div>\n<div class=\"item-details\">\n<h3 class=\"entry-title td-module-title\"><a href=\"https:\/\/www.tvbuzau.ro\/in-lipsa-bugetului-de-stat-consiliul-judetean-a-impartit-excedentul\/\" rel=\"bookmark\" title=\"\u00cen lipsa bugetului de stat, Consiliul Jude\u0163ean a \u00eemp\u0103r\u0163it excedentul\">\u00cen lipsa bugetului de stat, Consiliul Jude\u0163ean a \u00eemp\u0103r\u0163it excedentul<\/a><\/h3>\n<\/div>\n<\/div>\n<\/div>\n<\/div>\n<div class=\"td-related-row\">\n<div class=\"td-related-span4\">\n<div class=\"td_module_related_posts td-animation-stack td_mod_related_posts\">\n<div class=\"td-module-image\">\n<div class=\"td-module-thumb\"><a href=\"https:\/\/www.tvbuzau.ro\/guvernul-invita-cetatenii-sa-ajute-la-de-debirocratizare\/\" rel=\"bookmark\" title=\"Guvernul invit\u0103 cet\u0103\u021benii s\u0103 ajute la de debirocratizare\"><img loading=\"lazy\" decoding=\"async\" width=\"218\" height=\"150\" class=\"entry-thumb\" src=\"https:\/\/www.tvbuzau.ro\/wp-content\/uploads\/2026\/03\/hqdefault-26-218x150.jpg\" alt title=\"Guvernul invit\u0103 cet\u0103\u021benii s\u0103 ajute la de debirocratizare\"><span class=\"td-video-play-ico\"><img loading=\"lazy\" decoding=\"async\" width=\"40\" height=\"40\" class=\"td-retina\" src=\"https:\/\/www.tvbuzau.ro\/wp-content\/themes\/Newspaper\/images\/icons\/ico-video-large.png\" alt=\"video\"><\/span><\/a><\/div>\n<p><a href=\"https:\/\/www.tvbuzau.ro\/category\/actualitate\/\" class=\"td-post-category\">Actualitate<\/a><\/div>\n<div class=\"item-details\">\n<h3 class=\"entry-title td-module-title\"><a href=\"https:\/\/www.tvbuzau.ro\/guvernul-invita-cetatenii-sa-ajute-la-de-debirocratizare\/\" rel=\"bookmark\" title=\"Guvernul invit\u0103 cet\u0103\u021benii s\u0103 ajute la de debirocratizare\">Guvernul invit\u0103 cet\u0103\u021benii s\u0103 ajute la de debirocratizare<\/a><\/h3>\n<\/div>\n<\/div>\n<\/div>\n<div class=\"td-related-span4\">\n<div class=\"td_module_related_posts td-animation-stack td_mod_related_posts\">\n<div class=\"td-module-image\">\n<div class=\"td-module-thumb\"><a href=\"https:\/\/www.tvbuzau.ro\/primaria-buzau-angajeaza-avocati-dupa-esecul-m100-in-instanta\/\" rel=\"bookmark\" title=\"Prim\u0103ria Buz\u0103u angajeaz\u0103 avoca\u0163i dup\u0103 e\u015fecul M100 \u00een instan\u0163\u0103\"><img loading=\"lazy\" decoding=\"async\" width=\"218\" height=\"150\" class=\"entry-thumb\" src=\"https:\/\/www.tvbuzau.ro\/wp-content\/uploads\/2026\/03\/hqdefault-25-218x150.jpg\" alt title=\"Prim\u0103ria Buz\u0103u angajeaz\u0103 avoca\u0163i dup\u0103 e\u015fecul M100 \u00een instan\u0163\u0103\"><span class=\"td-video-play-ico\"><img loading=\"lazy\" decoding=\"async\" width=\"40\" height=\"40\" class=\"td-retina\" src=\"https:\/\/www.tvbuzau.ro\/wp-content\/themes\/Newspaper\/images\/icons\/ico-video-large.png\" alt=\"video\"><\/span><\/a><\/div>\n<p><a href=\"https:\/\/www.tvbuzau.ro\/category\/actualitate\/\" class=\"td-post-category\">Actualitate<\/a><\/div>\n<div class=\"item-details\">\n<h3 class=\"entry-title td-module-title\"><a href=\"https:\/\/www.tvbuzau.ro\/primaria-buzau-angajeaza-avocati-dupa-esecul-m100-in-instanta\/\" rel=\"bookmark\" title=\"Prim\u0103ria Buz\u0103u angajeaz\u0103 avoca\u0163i dup\u0103 e\u015fecul M100 \u00een instan\u0163\u0103\">Prim\u0103ria Buz\u0103u angajeaz\u0103 avoca\u0163i dup\u0103 e\u015fecul M100 \u00een instan\u0163\u0103<\/a><\/h3>\n<\/div>\n<\/div>\n<\/div>\n<div class=\"td-related-span4\">\n<div class=\"td_module_related_posts td-animation-stack td_mod_related_posts\">\n<div class=\"td-module-image\">\n<div class=\"td-module-thumb\"><a href=\"https:\/\/www.tvbuzau.ro\/schimb-de-experienta-intre-elevii-romani-si-cei-din-germania\/\" rel=\"bookmark\" title=\"Schimb de experien\u0163\u0103 \u00eentre elevii rom\u00e2ni \u015fi cei din Germania\"><img loading=\"lazy\" decoding=\"async\" width=\"218\" height=\"150\" class=\"entry-thumb\" src=\"https:\/\/www.tvbuzau.ro\/wp-content\/themes\/Newspaper\/images\/no-thumb\/td_218x150.png\" alt><span class=\"td-video-play-ico\"><img loading=\"lazy\" decoding=\"async\" width=\"40\" height=\"40\" class=\"td-retina\" src=\"https:\/\/www.tvbuzau.ro\/wp-content\/themes\/Newspaper\/images\/icons\/ico-video-large.png\" alt=\"video\"><\/span><\/a><\/div>\n<p><a href=\"https:\/\/www.tvbuzau.ro\/category\/actualitate\/\" class=\"td-post-category\">Actualitate<\/a><\/div>\n<div class=\"item-details\">\n<h3 class=\"entry-title td-module-title\"><a href=\"https:\/\/www.tvbuzau.ro\/schimb-de-experienta-intre-elevii-romani-si-cei-din-germania\/\" rel=\"bookmark\" title=\"Schimb de experien\u0163\u0103 \u00eentre elevii rom\u00e2ni \u015fi cei din Germania\">Schimb de experien\u0163\u0103 \u00eentre elevii rom\u00e2ni \u015fi cei din Germania<\/a><\/h3>\n<\/div>\n<\/div>\n<\/div>\n<\/div>\n<\/div>\n<\/div>\n<div class=\"comments\" id=\"comments\">\n<div id=\"respond\" class=\"comment-respond\">\n<h3 id=\"reply-title\" class=\"comment-reply-title\">L\u0102SA\u021aI UN MESAJ <small><a rel=\"nofollow\" id=\"cancel-comment-reply-link\" href=\"https:\/\/www.tvbuzau.ro\/cfr-a-lansat-campania-calea-ferata-fara-gunoaie\/#respond\">Renun\u021ba\u021bi la r\u0103spuns<\/a><\/small><\/h3>\n<\/div>\n<\/div>\n<\/div>\n<div class=\"td-post-content\">\n<div class=\"td-featured-image-rec\">\n<div class=\"wpb_video_wrapper\">\n                    <iframe loading=\"lazy\" id=\"td_youtube_player\" width=\"600\" height=\"560\" src=\"https:\/\/www.youtube.com\/embed\/mV2-ldeNt3w?enablejsapi=1&amp;feature=oembed&amp;wmode=opaque&amp;vq=hd720\" frameborder allowfullscreen><\/iframe><\/p><\/div>\n<\/div>\n<p>De\u0219euri afecteaz\u0103 solul, vegeta\u021bia \u0219i calitatea peisajului<br \/>\nCompania Na\u021bional\u0103 de C\u0103i Ferate \u201eCFR\u201d S.A. a lansat campania na\u021bional\u0103 de informare \u0219i con\u0219tientizare civic\u0103 \u201eCALEA FERAT\u0102 F\u0102R\u0102 GUNOAIE\u201d, un demers dedicat prevenirii depozit\u0103rii de\u0219eurilor \u00een zona infrastructurii feroviare \u0219i consolid\u0103rii responsabilit\u0103\u021bii civice fa\u021b\u0103 de mediul \u00eenconjur\u0103tor. Abandonarea de\u0219eurilor menajere, a materialelor provenite din construc\u021bii sau aruncarea acestora din tren afecteaz\u0103 direct activitatea de exploatare, siguran\u021ba circula\u021biei \u0219i calitatea mediului, anun\u0163\u0103 organizatorii campaniei.<\/p>\n<p>\u201eDepozitarea neautorizat\u0103 a de\u0219eurilor produce efecte concrete asupra modului de desf\u0103\u0219urare a activit\u0103\u021bii: alocarea suplimentar\u0103 de resurse umane, \u00eent\u00e2rzieri \u00een lucr\u0103rile de mentenan\u021b\u0103, reducerea capacit\u0103\u021bii de interven\u021bie, prezen\u021ba de\u0219eurilor \u00een zona terasamentului \u00eengreuneaz\u0103 accesul tehnic \u0219i poate \u00eent\u00e2rzia interven\u021biile necesare pentru men\u021binerea siguran\u021bei circula\u021biei. Obiectele abandonate \u00een zona de siguran\u021b\u0103 pot genera riscuri suplimentare pentru personalul care desf\u0103\u0219oar\u0103 activit\u0103\u021bi de \u00eentre\u021bi-nere \u0219i verificare\u201d, atrage aten\u0163ia CFR S.A.<br \/>\nTotodat\u0103, mai arat\u0103 compania, depozitarea neconform\u0103 poate atrage sanc\u021biuni iar acumularea de de\u0219euri afecteaz\u0103 solul, vegeta\u021bia \u0219i calitatea peisajului, \u00een special \u00een zonele unde infrastructura feroviar\u0103 traverseaz\u0103 localit\u0103\u021bi sau arii naturale.<\/p>\n<p>\u201eCampania urm\u0103re\u0219te reducerea fenomenului de depozitare ilegal\u0103 \u00een zona infrastructurii feroviare, informarea corect\u0103 a c\u0103l\u0103torilor \u0219i a comunit\u0103\u021bilor locale privind consecin\u021bele acestui comportament. Materialele informative sunt afi\u0219ate \u00een sta\u021bii \u0219i puncte de oprire, iar mesajele campaniei sunt transmise prin sistemele de informare audio destinate publicului\u201d, a anun\u0163at CFR S.A.<\/p>\n<div class=\"post-views post-118342 entry-meta\"><span class=\"post-views-label\">Post Views: <\/span><span class=\"post-views-count\">366<\/span><\/div>\n<\/div>\n<p>[analyse_source url=&#8221;https:\/\/www.tvbuzau.ro\/cfr-a-lansat-campania-calea-ferata-fara-gunoaie\/&#8221;]<\/p>\n","protected":false},"excerpt":{"rendered":"<p>[analyse_image type=&#8221;featured&#8221; src=&#8221;https:\/\/www.tvbuzau.ro\/wp-content\/uploads\/2026\/03\/hqdefault-20.jpghttps:\/\/www.tvbuzau.ro\/wp-content\/uploads\/2026\/03\/hqdefault-20.jpg&#8221;] Actualitate CFR a lansat campania \u201eCalea ferat\u0103 f\u0103r\u0103 gunoaie\u201d De c\u0103tre TV Buz\u0103u &#8211; martie 12, 2026 0 16 Distribui\u021bi pe Facebook Distribui\u021bi pe Twitter tweet De\u0219euri afecteaz\u0103 solul, vegeta\u021bia \u0219i calitatea peisajului Compania Na\u021bional\u0103 de C\u0103i Ferate \u201eCFR\u201d S.A. a lansat campania na\u021bional\u0103 de informare \u0219i con\u0219tientizare civic\u0103 \u201eCALEA FERAT\u0102 F\u0102R\u0102 [&hellip;]<\/p>\n","protected":false},"author":1,"featured_media":0,"comment_status":"open","ping_status":"","sticky":false,"template":"","format":"standard","meta":{"footnotes":""},"categories":[2],"tags":[226,116],"class_list":["post-1830907","post","type-post","status-publish","format-standard","hentry","category-politics","tag-crawlmanager","tag-tvbuzau-ro"],"_links":{"self":[{"href":"https:\/\/analyse.optim.biz\/index.php?rest_route=\/wp\/v2\/posts\/1830907","targetHints":{"allow":["GET"]}}],"collection":[{"href":"https:\/\/analyse.optim.biz\/index.php?rest_route=\/wp\/v2\/posts"}],"about":[{"href":"https:\/\/analyse.optim.biz\/index.php?rest_route=\/wp\/v2\/types\/post"}],"author":[{"embeddable":true,"href":"https:\/\/analyse.optim.biz\/index.php?rest_route=\/wp\/v2\/users\/1"}],"replies":[{"embeddable":true,"href":"https:\/\/analyse.optim.biz\/index.php?rest_route=%2Fwp%2Fv2%2Fcomments&post=1830907"}],"version-history":[{"count":0,"href":"https:\/\/analyse.optim.biz\/index.php?rest_route=\/wp\/v2\/posts\/1830907\/revisions"}],"wp:attachment":[{"href":"https:\/\/analyse.optim.biz\/index.php?rest_route=%2Fwp%2Fv2%2Fmedia&parent=1830907"}],"wp:term":[{"taxonomy":"category","embeddable":true,"href":"https:\/\/analyse.optim.biz\/index.php?rest_route=%2Fwp%2Fv2%2Fcategories&post=1830907"},{"taxonomy":"post_tag","embeddable":true,"href":"https:\/\/analyse.optim.biz\/index.php?rest_route=%2Fwp%2Fv2%2Ftags&post=1830907"}],"curies":[{"name":"wp","href":"https:\/\/api.w.org\/{rel}","templated":true}]}}