{"id":1830346,"date":"2026-03-10T22:15:09","date_gmt":"2026-03-10T19:15:09","guid":{"rendered":"https:\/\/analyse.optim.biz\/?p=1830346"},"modified":"2026-03-10T22:15:09","modified_gmt":"2026-03-10T19:15:09","slug":"cerul-aviatiei-romanesti-a-pierdut-astazi-un-pilot-extraordinar-cu-un-suflet-imens-palferent-octavian-avea-30-de-ani","status":"publish","type":"post","link":"https:\/\/analyse.optim.biz\/?p=1830346","title":{"rendered":"Cerul avia\u021biei rom\u00e2ne\u0219ti a pierdut ast\u0103zi un pilot extraordinar cu un suflet imens. Palferen\u021b Octavian avea 30 de ani"},"content":{"rendered":"<p>[analyse_image type=&#8221;featured&#8221; src=&#8221;https:\/\/dobrogeanews.b-cdn.net\/wp-content\/uploads\/2026\/03\/pilot-mort1.jpg&#8221;]<\/p>\n<div id=\"post-68953\" class=\"entry single-default post-68953 post type-post status-publish format-standard has-post-thumbnail hentry category-stiri-interne\">\n<div>\n<div class=\"ss-follow-wrapper ss-clearfix ss-regular-buttons ss-columns-1 ss-default-style\">\n<div class=\"ss-follow-column\" data-ss-sf-network-id='\"facebook\"'><a href=\"https:\/\/www.facebook.com\/dobrogeanews\" class=\"ss-follow-network ss-facebook-color\" rel=\"nofollow noopener\" aria-label=\"facebook\" target=\"_blank\"><span class=\"ss-follow-network-label\">Urm\u0103re\u015fte-ne \u015fi pe Facebook!<\/span><span class=\"ss-follow-network-count\"><span class=\"ss-follow-network-count-number\">57K<\/span><span class=\"ss-follow-network-count-label\">Followers<\/span><\/span><\/a><\/div>\n<\/div>\n<\/div>\n<h3>Drum lin spre cer, camarade! Dumnezeu s\u0103 te odihneasc\u0103 \u00een pace!<\/h3>\n<p>Ministerul Ap\u0103r\u0103rii Na\u021bionale anun\u021b\u0103 decesul pilotului Palferen\u021b Octavian, \u00een v\u00e2rst\u0103 de 30 de ani, pilot militar al Bazei 71 Aerian\u0103 \u201eGeneral Emanoil Ionescu\u201d, dup\u0103 ce a \u00eencercat s\u0103 salveze un c\u00e2ine de la \u00eenec.<\/p>\n<figure class=\"wp-block-image size-full is-resized\">\n<source type=\"image\/webp\" data-lazy-srcset=\"https:\/\/dobrogeanews.b-cdn.net\/wp-content\/uploads\/2026\/03\/pilot-mort1.jpg.webp 2560w, https:\/\/dobrogeanews.b-cdn.net\/wp-content\/uploads\/2026\/03\/pilot-mort1-300x246.jpg.webp 300w, https:\/\/dobrogeanews.b-cdn.net\/wp-content\/uploads\/2026\/03\/pilot-mort1-1024x840.jpg.webp 1024w, https:\/\/dobrogeanews.b-cdn.net\/wp-content\/uploads\/2026\/03\/pilot-mort1-768x630.jpg.webp 768w, https:\/\/dobrogeanews.b-cdn.net\/wp-content\/uploads\/2026\/03\/pilot-mort1-1536x1260.jpg.webp 1536w, https:\/\/dobrogeanews.b-cdn.net\/wp-content\/uploads\/2026\/03\/pilot-mort1-2048x1680.jpg.webp 2048w\" sizes=\"(max-width: 640px) 100vw, 640px\" \/><br \/>\n<img loading=\"lazy\" decoding=\"async\" src=\"https:\/\/dobrogeanews.b-cdn.net\/wp-content\/uploads\/2026\/03\/pilot-mort1.jpg\" alt=\"Palferen\u021b Octavian pilot militar al Bazei 71 Aerian\u0103 General Emanoil Ionescu\" width=\"640\" height=\"525\"><\/figure>\n<p class=\"has-text-align-center\"><span class=\"has-inline-color has-cyan-bluish-gray-color\">Palferen\u021b Octavian, pilot militar al Bazei 71 Aerian\u0103 \u201eGeneral Emanoil Ionescu\u201d<\/span><\/p>\n<p>Cu profund\u0103 triste\u021be, anun\u021b\u0103m decesul colegului nostru, c\u0103pitanul Palferen\u021b Octavian, \u00een v\u00e2rst\u0103 de 30 de ani, pilot militar al Bazei 71 Aerian\u0103 \u201eGeneral Emanoil Ionescu\u201d, care a survenit ast\u0103zi \u00een incinta Bazei 86 Aerian\u0103 \u201eLocotenent Aviator Gheorghe Mociorni\u021b\u0103\u201d, acolo unde acesta se afla \u00een misiune.<\/p>\n<figure class=\"wp-block-image size-full is-resized\">\n<source type=\"image\/webp\" data-lazy-srcset=\"https:\/\/dobrogeanews.b-cdn.net\/wp-content\/uploads\/2026\/03\/pilot-mort2.jpg.webp 2560w, https:\/\/dobrogeanews.b-cdn.net\/wp-content\/uploads\/2026\/03\/pilot-mort2-300x246.jpg.webp 300w, https:\/\/dobrogeanews.b-cdn.net\/wp-content\/uploads\/2026\/03\/pilot-mort2-1024x840.jpg.webp 1024w, https:\/\/dobrogeanews.b-cdn.net\/wp-content\/uploads\/2026\/03\/pilot-mort2-768x630.jpg.webp 768w, https:\/\/dobrogeanews.b-cdn.net\/wp-content\/uploads\/2026\/03\/pilot-mort2-1536x1260.jpg.webp 1536w, https:\/\/dobrogeanews.b-cdn.net\/wp-content\/uploads\/2026\/03\/pilot-mort2-2048x1680.jpg.webp 2048w\" sizes=\"(max-width: 640px) 100vw, 640px\" \/><br \/>\n<img loading=\"lazy\" decoding=\"async\" src=\"https:\/\/dobrogeanews.b-cdn.net\/wp-content\/uploads\/2026\/03\/pilot-mort2.jpg\" alt=\"Palferen\u021b Octavian pilot militar al Bazei 71 Aerian\u0103 General Emanoil Ionescu\" width=\"640\" height=\"525\"><\/figure>\n<p>Potrivit datelor preliminare, ofi\u021berul a intervenit pentru salvarea unui c\u00e2ine c\u0103zut \u00eentr-un bazin de ap\u0103 din incinta unit\u0103\u021bii. Militarul a fost scos din ap\u0103 de un coleg aflat \u00een apropiere, fiind ini\u021biate imediat manevrele de prim-ajutor de c\u0103tre personalul bazei, p\u00e2n\u0103 la sosirea echipajului Serviciului de Urgen\u021b\u0103. Din p\u0103cate, \u00een pofida eforturilor depuse, via\u021ba acestuia nu a mai putut fi salvat\u0103.<\/p>\n<p>C\u0103pitanul Palferen\u021b Octavian era c\u0103s\u0103torit \u0219i nu avea copii.Cazul este cercetat de organele judiciare competente, pentru clarificarea tuturor circumstan\u021belor producerii acestui eveniment.<\/p>\n<p>Conducerea Ministerului Ap\u0103r\u0103rii Na\u021bionale \u0219i personalul unit\u0103\u021bilor militare implicate \u00ee\u0219i exprim\u0103 profundul regret pentru pierderea suferit\u0103 \u0219i transmit sincere condolean\u021be familiei \u00eendoliate.<\/p>\n<div class=\"monsterinsights-inline-popular-posts monsterinsights-inline-popular-posts-charlie monsterinsights-popular-posts-styled\">\n<div class=\"monsterinsights-inline-popular-posts-text\"><span class=\"monsterinsights-inline-popular-posts-label\">Vezi \u0219i:<\/span><\/p>\n<div class=\"monsterinsights-inline-popular-posts-post\"><a class=\"monsterinsights-inline-popular-posts-title\" href=\"https:\/\/www.dobrogeanews.ro\/municipiul-tulcea-a-adoptat-o-crestere-minima-a-taxelor-locale-taxa-de-habitat-creste-cu-3-lei-iar-pentru-impozitul-auto-trebuie-sa-depuneti-declaratie\/\">Municipiul Tulcea a adoptat o cre\u0219tere minim\u0103 a taxelor locale. Taxa de habitat cre\u0219te cu 3 lei iar pentru impozitul auto trebuie s\u0103 depune\u021bi declara\u021bie<\/a><\/div>\n<div class=\"monsterinsights-inline-popular-posts-post\"><a class=\"monsterinsights-inline-popular-posts-title\" href=\"https:\/\/www.dobrogeanews.ro\/video-primarul-stefan-ilie-raspunde-intrebarilor-privind-reabilitarea-strazilor-din-municipiul-tulcea\/\">(Video) Primarul \u0218tefan Ilie, r\u0103spunde \u00eentreb\u0103rilor privind reabilitarea Str\u0103zilor din Municipiul Tulcea<\/a><\/div>\n<div class=\"monsterinsights-inline-popular-posts-post\"><a class=\"monsterinsights-inline-popular-posts-title\" href=\"https:\/\/www.dobrogeanews.ro\/la-baia-taxa-de-habitat-a-ramas-15-lei-luna-pers-adica-180-lei-an-am-votat-aplicarea-cotelor-minime-permise\/\">La Baia, taxa de habitat a r\u0103mas 15 lei\/lun\u0103\/pers, adic\u0103, 180 lei\/an. \u201eAm votat aplicarea cotelor minime permise\u201d<\/a><\/div>\n<\/div>\n<\/div>\n<p class=\"has-text-align-center has-white-color has-text-color has-background\"><span><a href=\"https:\/\/news.google.com\/publications\/CAAqBwgKMIu5pgsw88O-Aw?ceid=RO:ro&amp;oc=3\">Urm\u0103ri\u0163i \u015etirile Dobrogeanews \u015fi pe Google News<\/a><\/span><\/p>\n<\/div>\n<div id=\"post-68953\" class=\"entry single-default post-68953 post type-post status-publish format-standard has-post-thumbnail hentry category-stiri-interne\">\n<div>\n<div class=\"ss-follow-wrapper ss-clearfix ss-regular-buttons ss-columns-1 ss-default-style\">\n<div class=\"ss-follow-column\" data-ss-sf-network-id='\"facebook\"'><a href=\"https:\/\/www.facebook.com\/dobrogeanews\" class=\"ss-follow-network ss-facebook-color\" rel=\"nofollow noopener\" aria-label=\"facebook\" target=\"_blank\"><span class=\"ss-follow-network-label\">Urm\u0103re\u015fte-ne \u015fi pe Facebook!<\/span><span class=\"ss-follow-network-count\"><span class=\"ss-follow-network-count-number\">57K<\/span><span class=\"ss-follow-network-count-label\">Followers<\/span><\/span><\/a><\/div>\n<\/div>\n<\/div>\n<h3>Drum lin spre cer, camarade! Dumnezeu s\u0103 te odihneasc\u0103 \u00een pace!<\/h3>\n<p>Ministerul Ap\u0103r\u0103rii Na\u021bionale anun\u021b\u0103 decesul pilotului Palferen\u021b Octavian, \u00een v\u00e2rst\u0103 de 30 de ani, pilot militar al Bazei 71 Aerian\u0103 \u201eGeneral Emanoil Ionescu\u201d, dup\u0103 ce a \u00eencercat s\u0103 salveze un c\u00e2ine de la \u00eenec.<\/p>\n<figure class=\"wp-block-image size-full is-resized\">\n<source type=\"image\/webp\" data-lazy-srcset=\"https:\/\/dobrogeanews.b-cdn.net\/wp-content\/uploads\/2026\/03\/pilot-mort1.jpg.webp 2560w, https:\/\/dobrogeanews.b-cdn.net\/wp-content\/uploads\/2026\/03\/pilot-mort1-300x246.jpg.webp 300w, https:\/\/dobrogeanews.b-cdn.net\/wp-content\/uploads\/2026\/03\/pilot-mort1-1024x840.jpg.webp 1024w, https:\/\/dobrogeanews.b-cdn.net\/wp-content\/uploads\/2026\/03\/pilot-mort1-768x630.jpg.webp 768w, https:\/\/dobrogeanews.b-cdn.net\/wp-content\/uploads\/2026\/03\/pilot-mort1-1536x1260.jpg.webp 1536w, https:\/\/dobrogeanews.b-cdn.net\/wp-content\/uploads\/2026\/03\/pilot-mort1-2048x1680.jpg.webp 2048w\" sizes=\"(max-width: 640px) 100vw, 640px\" \/><br \/>\n<img loading=\"lazy\" decoding=\"async\" src=\"https:\/\/dobrogeanews.b-cdn.net\/wp-content\/uploads\/2026\/03\/pilot-mort1.jpg\" alt=\"Palferen\u021b Octavian pilot militar al Bazei 71 Aerian\u0103 General Emanoil Ionescu\" width=\"640\" height=\"525\"><\/figure>\n<p class=\"has-text-align-center\"><span class=\"has-inline-color has-cyan-bluish-gray-color\">Palferen\u021b Octavian, pilot militar al Bazei 71 Aerian\u0103 \u201eGeneral Emanoil Ionescu\u201d<\/span><\/p>\n<p>Cu profund\u0103 triste\u021be, anun\u021b\u0103m decesul colegului nostru, c\u0103pitanul Palferen\u021b Octavian, \u00een v\u00e2rst\u0103 de 30 de ani, pilot militar al Bazei 71 Aerian\u0103 \u201eGeneral Emanoil Ionescu\u201d, care a survenit ast\u0103zi \u00een incinta Bazei 86 Aerian\u0103 \u201eLocotenent Aviator Gheorghe Mociorni\u021b\u0103\u201d, acolo unde acesta se afla \u00een misiune.<\/p>\n<figure class=\"wp-block-image size-full is-resized\">\n<source type=\"image\/webp\" data-lazy-srcset=\"https:\/\/dobrogeanews.b-cdn.net\/wp-content\/uploads\/2026\/03\/pilot-mort2.jpg.webp 2560w, https:\/\/dobrogeanews.b-cdn.net\/wp-content\/uploads\/2026\/03\/pilot-mort2-300x246.jpg.webp 300w, https:\/\/dobrogeanews.b-cdn.net\/wp-content\/uploads\/2026\/03\/pilot-mort2-1024x840.jpg.webp 1024w, https:\/\/dobrogeanews.b-cdn.net\/wp-content\/uploads\/2026\/03\/pilot-mort2-768x630.jpg.webp 768w, https:\/\/dobrogeanews.b-cdn.net\/wp-content\/uploads\/2026\/03\/pilot-mort2-1536x1260.jpg.webp 1536w, https:\/\/dobrogeanews.b-cdn.net\/wp-content\/uploads\/2026\/03\/pilot-mort2-2048x1680.jpg.webp 2048w\" sizes=\"(max-width: 640px) 100vw, 640px\" \/><br \/>\n<img loading=\"lazy\" decoding=\"async\" src=\"https:\/\/dobrogeanews.b-cdn.net\/wp-content\/uploads\/2026\/03\/pilot-mort2.jpg\" alt=\"Palferen\u021b Octavian pilot militar al Bazei 71 Aerian\u0103 General Emanoil Ionescu\" width=\"640\" height=\"525\"><\/figure>\n<p>Potrivit datelor preliminare, ofi\u021berul a intervenit pentru salvarea unui c\u00e2ine c\u0103zut \u00eentr-un bazin de ap\u0103 din incinta unit\u0103\u021bii. Militarul a fost scos din ap\u0103 de un coleg aflat \u00een apropiere, fiind ini\u021biate imediat manevrele de prim-ajutor de c\u0103tre personalul bazei, p\u00e2n\u0103 la sosirea echipajului Serviciului de Urgen\u021b\u0103. Din p\u0103cate, \u00een pofida eforturilor depuse, via\u021ba acestuia nu a mai putut fi salvat\u0103.<\/p>\n<p>C\u0103pitanul Palferen\u021b Octavian era c\u0103s\u0103torit \u0219i nu avea copii.Cazul este cercetat de organele judiciare competente, pentru clarificarea tuturor circumstan\u021belor producerii acestui eveniment.<\/p>\n<p>Conducerea Ministerului Ap\u0103r\u0103rii Na\u021bionale \u0219i personalul unit\u0103\u021bilor militare implicate \u00ee\u0219i exprim\u0103 profundul regret pentru pierderea suferit\u0103 \u0219i transmit sincere condolean\u021be familiei \u00eendoliate.<\/p>\n<div class=\"monsterinsights-inline-popular-posts monsterinsights-inline-popular-posts-charlie monsterinsights-popular-posts-styled\">\n<div class=\"monsterinsights-inline-popular-posts-text\"><span class=\"monsterinsights-inline-popular-posts-label\">Vezi \u0219i:<\/span><\/p>\n<div class=\"monsterinsights-inline-popular-posts-post\"><a class=\"monsterinsights-inline-popular-posts-title\" href=\"https:\/\/www.dobrogeanews.ro\/municipiul-tulcea-a-adoptat-o-crestere-minima-a-taxelor-locale-taxa-de-habitat-creste-cu-3-lei-iar-pentru-impozitul-auto-trebuie-sa-depuneti-declaratie\/\">Municipiul Tulcea a adoptat o cre\u0219tere minim\u0103 a taxelor locale. Taxa de habitat cre\u0219te cu 3 lei iar pentru impozitul auto trebuie s\u0103 depune\u021bi declara\u021bie<\/a><\/div>\n<div class=\"monsterinsights-inline-popular-posts-post\"><a class=\"monsterinsights-inline-popular-posts-title\" href=\"https:\/\/www.dobrogeanews.ro\/video-primarul-stefan-ilie-raspunde-intrebarilor-privind-reabilitarea-strazilor-din-municipiul-tulcea\/\">(Video) Primarul \u0218tefan Ilie, r\u0103spunde \u00eentreb\u0103rilor privind reabilitarea Str\u0103zilor din Municipiul Tulcea<\/a><\/div>\n<div class=\"monsterinsights-inline-popular-posts-post\"><a class=\"monsterinsights-inline-popular-posts-title\" href=\"https:\/\/www.dobrogeanews.ro\/la-baia-taxa-de-habitat-a-ramas-15-lei-luna-pers-adica-180-lei-an-am-votat-aplicarea-cotelor-minime-permise\/\">La Baia, taxa de habitat a r\u0103mas 15 lei\/lun\u0103\/pers, adic\u0103, 180 lei\/an. \u201eAm votat aplicarea cotelor minime permise\u201d<\/a><\/div>\n<\/div>\n<\/div>\n<p class=\"has-text-align-center has-white-color has-text-color has-background\"><span><a href=\"https:\/\/news.google.com\/publications\/CAAqBwgKMIu5pgsw88O-Aw?ceid=RO:ro&amp;oc=3\">Urm\u0103ri\u0163i \u015etirile Dobrogeanews \u015fi pe Google News<\/a><\/span><\/p>\n<\/div>\n<p>[analyse_source url=&#8221;https:\/\/www.dobrogeanews.ro\/cerul-aviatiei-romanesti-a-pierdut-astazi-un-pilot-extraordinar-cu-un-suflet-imens-palferent-octavian-avea-30-de-ani\/&#8221;]<\/p>\n","protected":false},"excerpt":{"rendered":"<p>[analyse_image type=&#8221;featured&#8221; src=&#8221;https:\/\/dobrogeanews.b-cdn.net\/wp-content\/uploads\/2026\/03\/pilot-mort1.jpg&#8221;] Urm\u0103re\u015fte-ne \u015fi pe Facebook!57KFollowers Drum lin spre cer, camarade! Dumnezeu s\u0103 te odihneasc\u0103 \u00een pace! Ministerul Ap\u0103r\u0103rii Na\u021bionale anun\u021b\u0103 decesul pilotului Palferen\u021b Octavian, \u00een v\u00e2rst\u0103 de 30 de ani, pilot militar al Bazei 71 Aerian\u0103 \u201eGeneral Emanoil Ionescu\u201d, dup\u0103 ce a \u00eencercat s\u0103 salveze un c\u00e2ine de la \u00eenec. Palferen\u021b Octavian, pilot [&hellip;]<\/p>\n","protected":false},"author":1,"featured_media":0,"comment_status":"open","ping_status":"","sticky":false,"template":"","format":"standard","meta":{"footnotes":""},"categories":[89],"tags":[226,223],"class_list":["post-1830346","post","type-post","status-publish","format-standard","hentry","category-romania","tag-crawlmanager","tag-dobrogeanews-ro"],"_links":{"self":[{"href":"https:\/\/analyse.optim.biz\/index.php?rest_route=\/wp\/v2\/posts\/1830346","targetHints":{"allow":["GET"]}}],"collection":[{"href":"https:\/\/analyse.optim.biz\/index.php?rest_route=\/wp\/v2\/posts"}],"about":[{"href":"https:\/\/analyse.optim.biz\/index.php?rest_route=\/wp\/v2\/types\/post"}],"author":[{"embeddable":true,"href":"https:\/\/analyse.optim.biz\/index.php?rest_route=\/wp\/v2\/users\/1"}],"replies":[{"embeddable":true,"href":"https:\/\/analyse.optim.biz\/index.php?rest_route=%2Fwp%2Fv2%2Fcomments&post=1830346"}],"version-history":[{"count":0,"href":"https:\/\/analyse.optim.biz\/index.php?rest_route=\/wp\/v2\/posts\/1830346\/revisions"}],"wp:attachment":[{"href":"https:\/\/analyse.optim.biz\/index.php?rest_route=%2Fwp%2Fv2%2Fmedia&parent=1830346"}],"wp:term":[{"taxonomy":"category","embeddable":true,"href":"https:\/\/analyse.optim.biz\/index.php?rest_route=%2Fwp%2Fv2%2Fcategories&post=1830346"},{"taxonomy":"post_tag","embeddable":true,"href":"https:\/\/analyse.optim.biz\/index.php?rest_route=%2Fwp%2Fv2%2Ftags&post=1830346"}],"curies":[{"name":"wp","href":"https:\/\/api.w.org\/{rel}","templated":true}]}}