{"id":1830337,"date":"2026-03-17T11:00:15","date_gmt":"2026-03-17T08:00:15","guid":{"rendered":"https:\/\/analyse.optim.biz\/?p=1830337"},"modified":"2026-03-17T11:00:15","modified_gmt":"2026-03-17T08:00:15","slug":"primaria-tulcea-impozit-redus-pentru-persoanele-cu-dizabilitati-si-pentru-cladirile-mai-vechi-de-50-ani","status":"publish","type":"post","link":"https:\/\/analyse.optim.biz\/?p=1830337","title":{"rendered":"Prim\u0103ria Tulcea: Impozit redus pentru persoanele cu dizabilit\u0103\u021bi \u0219i pentru cl\u0103dirile mai vechi de 50 ani"},"content":{"rendered":"<p>[analyse_image type=&#8221;featured&#8221; src=&#8221;https:\/\/dobrogeanews.b-cdn.net\/wp-content\/uploads\/2026\/03\/persoane-cu-handicap.jpg&#8221;]<\/p>\n<div id=\"post-69146\" class=\"entry single-default post-69146 post type-post status-publish format-standard has-post-thumbnail hentry category-info\">\n<div>\n<div class=\"ss-follow-wrapper ss-clearfix ss-regular-buttons ss-columns-1 ss-default-style\">\n<div class=\"ss-follow-column\" data-ss-sf-network-id='\"facebook\"'><a href=\"https:\/\/www.facebook.com\/dobrogeanews\" class=\"ss-follow-network ss-facebook-color\" rel=\"nofollow noopener\" aria-label=\"facebook\" target=\"_blank\"><span class=\"ss-follow-network-label\">Urm\u0103re\u015fte-ne \u015fi pe Facebook!<\/span><span class=\"ss-follow-network-count\"><span class=\"ss-follow-network-count-number\">57K<\/span><span class=\"ss-follow-network-count-label\">Followers<\/span><\/span><\/a><\/div>\n<\/div>\n<\/div>\n<p>\u00cen conformitate cu modific\u0103rile aduse la Legea nr.227\/2015 a Guvernului Rom\u00e2niei, Prim\u0103ria Tulcea reduce impozitul pentru persoanele cu dizabilit\u0103\u021bi (handicap grav \u015fi accentuat) \u015fi pentru proprietarii cl\u0103dirilor mai vechi de 50 de ani. <\/p>\n<figure class=\"wp-block-image size-full is-resized\">\n<source type=\"image\/webp\" data-lazy-srcset=\"https:\/\/dobrogeanews.b-cdn.net\/wp-content\/uploads\/2026\/03\/persoane-cu-handicap.jpg.webp 2560w, https:\/\/dobrogeanews.b-cdn.net\/wp-content\/uploads\/2026\/03\/persoane-cu-handicap-300x246.jpg.webp 300w, https:\/\/dobrogeanews.b-cdn.net\/wp-content\/uploads\/2026\/03\/persoane-cu-handicap-1024x840.jpg.webp 1024w, https:\/\/dobrogeanews.b-cdn.net\/wp-content\/uploads\/2026\/03\/persoane-cu-handicap-768x630.jpg.webp 768w, https:\/\/dobrogeanews.b-cdn.net\/wp-content\/uploads\/2026\/03\/persoane-cu-handicap-1536x1260.jpg.webp 1536w\" sizes=\"(max-width: 640px) 100vw, 640px\" \/><br \/>\n<img loading=\"lazy\" decoding=\"async\" src=\"https:\/\/dobrogeanews.b-cdn.net\/wp-content\/uploads\/2026\/03\/persoane-cu-handicap.jpg\" alt=\"\" width=\"640\" height=\"525\"><\/figure>\n<p>\u201ePersoanele cu dizabilit\u0103\u021bi trebuie sprijinite \u00eentr-un mod propor\u021bional cu realit\u0103\u021bile pe care le tr\u0103iesc, iar impozitarea cl\u0103dirilor trebuie s\u0103 reflecte corect valoarea \u0219i vechimea acestora. Aceste acte normative adoptate au oferit autorit\u0103\u021bilor locale instrumente mai flexibile, astfel \u00eenc\u00e2t deciziile fiscale s\u0103 fie adaptate nevoilor comunit\u0103\u021bilor, \u00eentr-un cadru predictibil \u0219i responsabil\u201d <\/p>\n<p>a declarat primarul Municipiului Tulcea, \u0218tefan Ilie. <\/p>\n<figure class=\"wp-block-image size-full is-resized\">\n<source type=\"image\/webp\" data-lazy-srcset=\"https:\/\/dobrogeanews.b-cdn.net\/wp-content\/uploads\/2026\/03\/stefan-ilie-primar-tulcea.jpg.webp 2560w, https:\/\/dobrogeanews.b-cdn.net\/wp-content\/uploads\/2026\/03\/stefan-ilie-primar-tulcea-300x246.jpg.webp 300w, https:\/\/dobrogeanews.b-cdn.net\/wp-content\/uploads\/2026\/03\/stefan-ilie-primar-tulcea-1024x840.jpg.webp 1024w, https:\/\/dobrogeanews.b-cdn.net\/wp-content\/uploads\/2026\/03\/stefan-ilie-primar-tulcea-768x630.jpg.webp 768w, https:\/\/dobrogeanews.b-cdn.net\/wp-content\/uploads\/2026\/03\/stefan-ilie-primar-tulcea-1536x1260.jpg.webp 1536w, https:\/\/dobrogeanews.b-cdn.net\/wp-content\/uploads\/2026\/03\/stefan-ilie-primar-tulcea-2048x1680.jpg.webp 2048w\" sizes=\"(max-width: 640px) 100vw, 640px\" \/><br \/>\n<img loading=\"lazy\" decoding=\"async\" src=\"https:\/\/dobrogeanews.b-cdn.net\/wp-content\/uploads\/2026\/03\/stefan-ilie-primar-tulcea.jpg\" alt=\"\u0218tefan ILIE primarul municipiului Tulcea\" width=\"640\" height=\"525\"><\/figure>\n<p>\u00cen cazul mijloacelor de transport cu capacitate cilindric\u0103 mai mic\u0103 de 2000 cmc, impozitul se reduce dup\u0103 cum urmeaz\u0103:<\/p>\n<ul>\n<li>Cu 50% pentru cele aflate \u00een proprietatea persoanelor cu handicap grav sau a reprezentan\u021bilor legali ai acestora pe perioada \u00eengrijirii, supravegherii \u0219i \u00eentre\u021binerii, pentru un singur mijloc de transport, la alegerea contribuabilului.<\/li>\n<\/ul>\n<ul>\n<li>Cu 25% pentru cele aflate \u00een proprietatea persoanelor cu handicap accentuat sau a reprezentan\u021bilor legali ai acestora pe perioada \u00eengrijirii, supravegherii \u0219i \u00eentre\u021binerii, pentru un singur mijloc de transport, la alegerea contribuabilului.<\/li>\n<\/ul>\n<p>Reducerea taxelor \u0219i impozitelor locale datorate de persoanele cu dizabilit\u0103\u021bi \u0219i de reprezentan\u021bii legali, se refer\u0103 la:<\/p>\n<ul>\n<li>\u00een cazul cl\u0103dirii folosite ca domiciliu, aflat\u0103 \u00een proprietatea sau coproprietatea persoanelor cu handicap grav \u015fi a reprezentan\u021bilor legali, pe perioada \u00eengrijirii, supravegherii \u015fi \u00eentre\u021binerii acestora, impozitul se reduce cu 50%. Aceea\u0219i cot\u0103 de reducere se aplic\u0103 \u0219i \u00een cazul terenului aferent cl\u0103dirii, aflat \u00een proprietatea sau coproprietatea persoanelor cu handicap grav \u0219i a reprezentan\u021bilor legali;<\/li>\n<\/ul>\n<ul>\n<li>\u00een cazul cl\u0103dirii folosite ca domiciliu, aflat\u0103 \u00een proprietatea sau coproprietatea persoanelor cu handicap accentuat \u015fi a reprezentan\u021bilor legali, pe perioada \u00eengrijirii, supravegherii \u015fi \u00eentre\u021binerii acestora, impozitul se reduce cu 25%. Aceea\u0219i cot\u0103 de reducere se aplic\u0103 \u0219i \u00een cazul terenului aferent cl\u0103dirii, aflat \u00een proprietatea sau coproprietatea persoanelor cu handicap accentuat \u0219i a reprezentan\u021bilor legali.<\/li>\n<\/ul>\n<div class=\"monsterinsights-inline-popular-posts monsterinsights-inline-popular-posts-charlie monsterinsights-popular-posts-styled\">\n<div class=\"monsterinsights-inline-popular-posts-text\"><span class=\"monsterinsights-inline-popular-posts-label\">Vezi \u0219i:<\/span><\/p>\n<div class=\"monsterinsights-inline-popular-posts-post\"><a class=\"monsterinsights-inline-popular-posts-title\" href=\"https:\/\/www.dobrogeanews.ro\/video-primarul-stefan-ilie-raspunde-intrebarilor-privind-reabilitarea-strazilor-din-municipiul-tulcea\/\">(Video) Primarul \u0218tefan Ilie, r\u0103spunde \u00eentreb\u0103rilor privind reabilitarea Str\u0103zilor din Municipiul Tulcea<\/a><\/div>\n<div class=\"monsterinsights-inline-popular-posts-post\"><a class=\"monsterinsights-inline-popular-posts-title\" href=\"https:\/\/www.dobrogeanews.ro\/impozitul-pe-imobile-2026-in-municipiul-tulcea-pe-intelesul-tuturor-cine-benefiaza-de-reduceri-informatii-detaliate\/\">Impozitul pe imobile\/2026 \u00een Municipiul Tulcea, pe \u00een\u021belesul tuturor. Cine benefiaz\u0103 de reduceri. Informa\u021bii detaliate<\/a><\/div>\n<div class=\"monsterinsights-inline-popular-posts-post\"><a class=\"monsterinsights-inline-popular-posts-title\" href=\"https:\/\/www.dobrogeanews.ro\/primaria-tulcea-amenajeaza-un-parc-urban-de-peste-3-700-mp-in-zona-aquaserv-pe-strada-babadag-proiect-finantat-din-fonduri-europene\/\">Prim\u0103ria Tulcea amenajeaz\u0103 un Parc Urban de peste 3.700 mp \u00een zona Aquaserv, pe strada Babadag. Proiect finan\u021bat din fonduri europene<\/a><\/div>\n<\/div>\n<\/div>\n<p class=\"has-text-align-center has-white-color has-text-color has-background\"><span><a href=\"https:\/\/news.google.com\/publications\/CAAqBwgKMIu5pgsw88O-Aw?ceid=RO:ro&amp;oc=3\">Urm\u0103ri\u0163i \u015etirile Dobrogeanews \u015fi pe Google News<\/a><\/span><\/p>\n<\/div>\n<div id=\"post-69146\" class=\"entry single-default post-69146 post type-post status-publish format-standard has-post-thumbnail hentry category-info\">\n<div>\n<div class=\"ss-follow-wrapper ss-clearfix ss-regular-buttons ss-columns-1 ss-default-style\">\n<div class=\"ss-follow-column\" data-ss-sf-network-id='\"facebook\"'><a href=\"https:\/\/www.facebook.com\/dobrogeanews\" class=\"ss-follow-network ss-facebook-color\" rel=\"nofollow noopener\" aria-label=\"facebook\" target=\"_blank\"><span class=\"ss-follow-network-label\">Urm\u0103re\u015fte-ne \u015fi pe Facebook!<\/span><span class=\"ss-follow-network-count\"><span class=\"ss-follow-network-count-number\">57K<\/span><span class=\"ss-follow-network-count-label\">Followers<\/span><\/span><\/a><\/div>\n<\/div>\n<\/div>\n<p>\u00cen conformitate cu modific\u0103rile aduse la Legea nr.227\/2015 a Guvernului Rom\u00e2niei, Prim\u0103ria Tulcea reduce impozitul pentru persoanele cu dizabilit\u0103\u021bi (handicap grav \u015fi accentuat) \u015fi pentru proprietarii cl\u0103dirilor mai vechi de 50 de ani. <\/p>\n<figure class=\"wp-block-image size-full is-resized\">\n<source type=\"image\/webp\" data-lazy-srcset=\"https:\/\/dobrogeanews.b-cdn.net\/wp-content\/uploads\/2026\/03\/persoane-cu-handicap.jpg.webp 2560w, https:\/\/dobrogeanews.b-cdn.net\/wp-content\/uploads\/2026\/03\/persoane-cu-handicap-300x246.jpg.webp 300w, https:\/\/dobrogeanews.b-cdn.net\/wp-content\/uploads\/2026\/03\/persoane-cu-handicap-1024x840.jpg.webp 1024w, https:\/\/dobrogeanews.b-cdn.net\/wp-content\/uploads\/2026\/03\/persoane-cu-handicap-768x630.jpg.webp 768w, https:\/\/dobrogeanews.b-cdn.net\/wp-content\/uploads\/2026\/03\/persoane-cu-handicap-1536x1260.jpg.webp 1536w\" sizes=\"(max-width: 640px) 100vw, 640px\" \/><br \/>\n<img loading=\"lazy\" decoding=\"async\" src=\"https:\/\/dobrogeanews.b-cdn.net\/wp-content\/uploads\/2026\/03\/persoane-cu-handicap.jpg\" alt=\"\" width=\"640\" height=\"525\"><\/figure>\n<p>\u201ePersoanele cu dizabilit\u0103\u021bi trebuie sprijinite \u00eentr-un mod propor\u021bional cu realit\u0103\u021bile pe care le tr\u0103iesc, iar impozitarea cl\u0103dirilor trebuie s\u0103 reflecte corect valoarea \u0219i vechimea acestora. Aceste acte normative adoptate au oferit autorit\u0103\u021bilor locale instrumente mai flexibile, astfel \u00eenc\u00e2t deciziile fiscale s\u0103 fie adaptate nevoilor comunit\u0103\u021bilor, \u00eentr-un cadru predictibil \u0219i responsabil\u201d <\/p>\n<p>a declarat primarul Municipiului Tulcea, \u0218tefan Ilie. <\/p>\n<figure class=\"wp-block-image size-full is-resized\">\n<source type=\"image\/webp\" data-lazy-srcset=\"https:\/\/dobrogeanews.b-cdn.net\/wp-content\/uploads\/2026\/03\/stefan-ilie-primar-tulcea.jpg.webp 2560w, https:\/\/dobrogeanews.b-cdn.net\/wp-content\/uploads\/2026\/03\/stefan-ilie-primar-tulcea-300x246.jpg.webp 300w, https:\/\/dobrogeanews.b-cdn.net\/wp-content\/uploads\/2026\/03\/stefan-ilie-primar-tulcea-1024x840.jpg.webp 1024w, https:\/\/dobrogeanews.b-cdn.net\/wp-content\/uploads\/2026\/03\/stefan-ilie-primar-tulcea-768x630.jpg.webp 768w, https:\/\/dobrogeanews.b-cdn.net\/wp-content\/uploads\/2026\/03\/stefan-ilie-primar-tulcea-1536x1260.jpg.webp 1536w, https:\/\/dobrogeanews.b-cdn.net\/wp-content\/uploads\/2026\/03\/stefan-ilie-primar-tulcea-2048x1680.jpg.webp 2048w\" sizes=\"(max-width: 640px) 100vw, 640px\" \/><br \/>\n<img loading=\"lazy\" decoding=\"async\" src=\"https:\/\/dobrogeanews.b-cdn.net\/wp-content\/uploads\/2026\/03\/stefan-ilie-primar-tulcea.jpg\" alt=\"\u0218tefan ILIE primarul municipiului Tulcea\" width=\"640\" height=\"525\"><\/figure>\n<p>\u00cen cazul mijloacelor de transport cu capacitate cilindric\u0103 mai mic\u0103 de 2000 cmc, impozitul se reduce dup\u0103 cum urmeaz\u0103:<\/p>\n<ul>\n<li>Cu 50% pentru cele aflate \u00een proprietatea persoanelor cu handicap grav sau a reprezentan\u021bilor legali ai acestora pe perioada \u00eengrijirii, supravegherii \u0219i \u00eentre\u021binerii, pentru un singur mijloc de transport, la alegerea contribuabilului.<\/li>\n<\/ul>\n<ul>\n<li>Cu 25% pentru cele aflate \u00een proprietatea persoanelor cu handicap accentuat sau a reprezentan\u021bilor legali ai acestora pe perioada \u00eengrijirii, supravegherii \u0219i \u00eentre\u021binerii, pentru un singur mijloc de transport, la alegerea contribuabilului.<\/li>\n<\/ul>\n<p>Reducerea taxelor \u0219i impozitelor locale datorate de persoanele cu dizabilit\u0103\u021bi \u0219i de reprezentan\u021bii legali, se refer\u0103 la:<\/p>\n<ul>\n<li>\u00een cazul cl\u0103dirii folosite ca domiciliu, aflat\u0103 \u00een proprietatea sau coproprietatea persoanelor cu handicap grav \u015fi a reprezentan\u021bilor legali, pe perioada \u00eengrijirii, supravegherii \u015fi \u00eentre\u021binerii acestora, impozitul se reduce cu 50%. Aceea\u0219i cot\u0103 de reducere se aplic\u0103 \u0219i \u00een cazul terenului aferent cl\u0103dirii, aflat \u00een proprietatea sau coproprietatea persoanelor cu handicap grav \u0219i a reprezentan\u021bilor legali;<\/li>\n<\/ul>\n<ul>\n<li>\u00een cazul cl\u0103dirii folosite ca domiciliu, aflat\u0103 \u00een proprietatea sau coproprietatea persoanelor cu handicap accentuat \u015fi a reprezentan\u021bilor legali, pe perioada \u00eengrijirii, supravegherii \u015fi \u00eentre\u021binerii acestora, impozitul se reduce cu 25%. Aceea\u0219i cot\u0103 de reducere se aplic\u0103 \u0219i \u00een cazul terenului aferent cl\u0103dirii, aflat \u00een proprietatea sau coproprietatea persoanelor cu handicap accentuat \u0219i a reprezentan\u021bilor legali.<\/li>\n<\/ul>\n<div class=\"monsterinsights-inline-popular-posts monsterinsights-inline-popular-posts-charlie monsterinsights-popular-posts-styled\">\n<div class=\"monsterinsights-inline-popular-posts-text\"><span class=\"monsterinsights-inline-popular-posts-label\">Vezi \u0219i:<\/span><\/p>\n<div class=\"monsterinsights-inline-popular-posts-post\"><a class=\"monsterinsights-inline-popular-posts-title\" href=\"https:\/\/www.dobrogeanews.ro\/video-primarul-stefan-ilie-raspunde-intrebarilor-privind-reabilitarea-strazilor-din-municipiul-tulcea\/\">(Video) Primarul \u0218tefan Ilie, r\u0103spunde \u00eentreb\u0103rilor privind reabilitarea Str\u0103zilor din Municipiul Tulcea<\/a><\/div>\n<div class=\"monsterinsights-inline-popular-posts-post\"><a class=\"monsterinsights-inline-popular-posts-title\" href=\"https:\/\/www.dobrogeanews.ro\/impozitul-pe-imobile-2026-in-municipiul-tulcea-pe-intelesul-tuturor-cine-benefiaza-de-reduceri-informatii-detaliate\/\">Impozitul pe imobile\/2026 \u00een Municipiul Tulcea, pe \u00een\u021belesul tuturor. Cine benefiaz\u0103 de reduceri. Informa\u021bii detaliate<\/a><\/div>\n<div class=\"monsterinsights-inline-popular-posts-post\"><a class=\"monsterinsights-inline-popular-posts-title\" href=\"https:\/\/www.dobrogeanews.ro\/primaria-tulcea-amenajeaza-un-parc-urban-de-peste-3-700-mp-in-zona-aquaserv-pe-strada-babadag-proiect-finantat-din-fonduri-europene\/\">Prim\u0103ria Tulcea amenajeaz\u0103 un Parc Urban de peste 3.700 mp \u00een zona Aquaserv, pe strada Babadag. Proiect finan\u021bat din fonduri europene<\/a><\/div>\n<\/div>\n<\/div>\n<p class=\"has-text-align-center has-white-color has-text-color has-background\"><span><a href=\"https:\/\/news.google.com\/publications\/CAAqBwgKMIu5pgsw88O-Aw?ceid=RO:ro&amp;oc=3\">Urm\u0103ri\u0163i \u015etirile Dobrogeanews \u015fi pe Google News<\/a><\/span><\/p>\n<\/div>\n<p>[analyse_source url=&#8221;https:\/\/www.dobrogeanews.ro\/primaria-tulcea-impozit-redus-pentru-persoanele-cu-dizabilitati-si-pentru-cladirile-mai-vechi-de-50-ani\/&#8221;]<\/p>\n","protected":false},"excerpt":{"rendered":"<p>[analyse_image type=&#8221;featured&#8221; src=&#8221;https:\/\/dobrogeanews.b-cdn.net\/wp-content\/uploads\/2026\/03\/persoane-cu-handicap.jpg&#8221;] Urm\u0103re\u015fte-ne \u015fi pe Facebook!57KFollowers \u00cen conformitate cu modific\u0103rile aduse la Legea nr.227\/2015 a Guvernului Rom\u00e2niei, Prim\u0103ria Tulcea reduce impozitul pentru persoanele cu dizabilit\u0103\u021bi (handicap grav \u015fi accentuat) \u015fi pentru proprietarii cl\u0103dirilor mai vechi de 50 de ani. \u201ePersoanele cu dizabilit\u0103\u021bi trebuie sprijinite \u00eentr-un mod propor\u021bional cu realit\u0103\u021bile pe care le tr\u0103iesc, iar [&hellip;]<\/p>\n","protected":false},"author":1,"featured_media":0,"comment_status":"open","ping_status":"","sticky":false,"template":"","format":"standard","meta":{"footnotes":""},"categories":[89],"tags":[226,223],"class_list":["post-1830337","post","type-post","status-publish","format-standard","hentry","category-romania","tag-crawlmanager","tag-dobrogeanews-ro"],"_links":{"self":[{"href":"https:\/\/analyse.optim.biz\/index.php?rest_route=\/wp\/v2\/posts\/1830337","targetHints":{"allow":["GET"]}}],"collection":[{"href":"https:\/\/analyse.optim.biz\/index.php?rest_route=\/wp\/v2\/posts"}],"about":[{"href":"https:\/\/analyse.optim.biz\/index.php?rest_route=\/wp\/v2\/types\/post"}],"author":[{"embeddable":true,"href":"https:\/\/analyse.optim.biz\/index.php?rest_route=\/wp\/v2\/users\/1"}],"replies":[{"embeddable":true,"href":"https:\/\/analyse.optim.biz\/index.php?rest_route=%2Fwp%2Fv2%2Fcomments&post=1830337"}],"version-history":[{"count":0,"href":"https:\/\/analyse.optim.biz\/index.php?rest_route=\/wp\/v2\/posts\/1830337\/revisions"}],"wp:attachment":[{"href":"https:\/\/analyse.optim.biz\/index.php?rest_route=%2Fwp%2Fv2%2Fmedia&parent=1830337"}],"wp:term":[{"taxonomy":"category","embeddable":true,"href":"https:\/\/analyse.optim.biz\/index.php?rest_route=%2Fwp%2Fv2%2Fcategories&post=1830337"},{"taxonomy":"post_tag","embeddable":true,"href":"https:\/\/analyse.optim.biz\/index.php?rest_route=%2Fwp%2Fv2%2Ftags&post=1830337"}],"curies":[{"name":"wp","href":"https:\/\/api.w.org\/{rel}","templated":true}]}}